{"id":51810,"date":"2025-11-17T12:50:13","date_gmt":"2025-11-17T12:50:13","guid":{"rendered":"https:\/\/www.europesays.com\/lv\/51810\/"},"modified":"2025-11-17T12:50:13","modified_gmt":"2025-11-17T12:50:13","slug":"maskavas-udenstilpe-atrasta-mugursoma-ar-berna-galvu","status":"publish","type":"post","link":"https:\/\/www.europesays.com\/lv\/51810\/","title":{"rendered":"Maskavas \u016bdenstilp\u0113 atrasta mugursoma ar b\u0113rna galvu"},"content":{"rendered":"<p>Saska\u0146\u0101 ar Maskavas apgabala varasiest\u0101\u017eu sniegto inform\u0101ciju labiek\u0101rto\u0161anas dienestu darbinieki, veicot atjauno\u0161anas darbus d\u012b\u0137\u012b galvaspils\u0113tas austrumu da\u013c\u0101, Goljanovas rajon\u0101, atrada violetu mugursomu, kuras iek\u0161pus\u0113 polietil\u0113n\u0101 bija iet\u012bta b\u0113rna galva. Izmekl\u0113t\u0101ji s\u0101kotn\u0113ji zi\u0146oja, ka tas ir 7\u201310 gadus vecs z\u0113ns.<\/p>\n<p>&#8220;Notikuma viet\u0101 str\u0101d\u0101 izmekl\u0113\u0161anas grupa, kas noskaidro visus notiku\u0161\u0101 apst\u0101k\u013cus. Policija veic vair\u0101kus pas\u0101kumus, lai noskaidrotu un aiztur\u0113tu personu, kas saist\u012bta ar noziedz\u012bgo nodar\u012bjumu,&#8221; vakar valsts a\u0123ent\u016brai TASS inform\u0113ja Maskavas Iek\u0161lietu ministrijas p\u0101rvaldes preses dienests.<\/p>\n<blockquote class=\"quote ck-widget\" contenteditable=\"false\">\n<p>V\u0113l\u0101k vakar\u0101 p\u0101r\u0113j\u0101 b\u0113rna \u0137erme\u0146a da\u013ca tika atrasta uz k\u0101da dz\u012bvojam\u0101 nama balkona Bala\u0161iha pils\u0113t\u0101, uz austrumiem no Maskavas.<\/p>\n<\/blockquote>\n<p>P\u0113c varasiest\u0101\u017eu teikt\u0101, ierosin\u0101ta krimin\u0101llieta par slepkav\u012bbu. Vakar medijiem pav\u0113st\u012bts, ka p\u0113c s\u0101kotn\u0113jiem datiem b\u0113rns miris maz\u0101k nek\u0101 pirms div\u0101m diennakt\u012bm.<\/p>\n<p>&#8220;Pratin\u0101\u0161an\u0101 pie izmekl\u0113t\u0101ja sieviete atzina b\u0113rna noslepkavo\u0161anu un uzrakst\u012bja atz\u012b\u0161anos, ta\u010du slepkav\u012bbas mot\u012bvus nesp\u0113ja paskaidrot,&#8221; pav\u0113st\u012bja Maskavas apgabala Izmekl\u0113\u0161anas komitej\u0101.<\/p>\n<p>K\u0101 noskaidroju\u0161i izmekl\u0113t\u0101ji, sieviete kop\u0101 ar savu d\u0113lu atradusies dz\u012bvokl\u012b, k\u0101da iemesla d\u0113\u013c vi\u0146u nogalin\u0101jusi un vienu no \u0137erme\u0146a da\u013c\u0101m izmetusi Goljanovas d\u012b\u0137\u012b Maskav\u0101.<\/p>\n","protected":false},"excerpt":{"rendered":"Saska\u0146\u0101 ar Maskavas apgabala varasiest\u0101\u017eu sniegto inform\u0101ciju labiek\u0101rto\u0161anas dienestu darbinieki, veicot atjauno\u0161anas darbus d\u012b\u0137\u012b galvaspils\u0113tas austrumu da\u013c\u0101, Goljanovas&hellip;\n","protected":false},"author":2,"featured_media":51811,"comment_status":"","ping_status":"","sticky":false,"template":"","format":"standard","meta":{"footnotes":""},"categories":[14],"tags":[23,57,28,29,32,33,22,234,6311,1897,30,31,35,39,38,36,37,34,40,20,26,27,24,25,54,55,56,21,58],"class_list":{"0":"post-51810","1":"post","2":"type-post","3":"status-publish","4":"format-standard","5":"has-post-thumbnail","7":"category-zinas-no-arvalstim","8":"tag-aktualitates","9":"tag-arvalstim","10":"tag-breaking-news","11":"tag-breakingnews","12":"tag-featured-news","13":"tag-featurednews","14":"tag-headlines","15":"tag-krievija","16":"tag-kriminalzina","17":"tag-kriminalzinas","18":"tag-latest-news","19":"tag-latestnews","20":"tag-latvia","21":"tag-latvian","22":"tag-latviesu","23":"tag-latviesu-valoda","24":"tag-latviesuvaloda","25":"tag-latvija","26":"tag-lv","27":"tag-news","28":"tag-popularakas-zinas","29":"tag-popularakaszinas","30":"tag-top-stories","31":"tag-topstories","32":"tag-world","33":"tag-world-news","34":"tag-worldnews","35":"tag-zinas","36":"tag-zinas-no-arvalstim"},"share_on_mastodon":{"url":"https:\/\/pubeurope.com\/@lv\/115565128834765876","error":""},"_links":{"self":[{"href":"https:\/\/www.europesays.com\/lv\/wp-json\/wp\/v2\/posts\/51810","targetHints":{"allow":["GET"]}}],"collection":[{"href":"https:\/\/www.europesays.com\/lv\/wp-json\/wp\/v2\/posts"}],"about":[{"href":"https:\/\/www.europesays.com\/lv\/wp-json\/wp\/v2\/types\/post"}],"author":[{"embeddable":true,"href":"https:\/\/www.europesays.com\/lv\/wp-json\/wp\/v2\/users\/2"}],"replies":[{"embeddable":true,"href":"https:\/\/www.europesays.com\/lv\/wp-json\/wp\/v2\/comments?post=51810"}],"version-history":[{"count":0,"href":"https:\/\/www.europesays.com\/lv\/wp-json\/wp\/v2\/posts\/51810\/revisions"}],"wp:featuredmedia":[{"embeddable":true,"href":"https:\/\/www.europesays.com\/lv\/wp-json\/wp\/v2\/media\/51811"}],"wp:attachment":[{"href":"https:\/\/www.europesays.com\/lv\/wp-json\/wp\/v2\/media?parent=51810"}],"wp:term":[{"taxonomy":"category","embeddable":true,"href":"https:\/\/www.europesays.com\/lv\/wp-json\/wp\/v2\/categories?post=51810"},{"taxonomy":"post_tag","embeddable":true,"href":"https:\/\/www.europesays.com\/lv\/wp-json\/wp\/v2\/tags?post=51810"}],"curies":[{"name":"wp","href":"https:\/\/api.w.org\/{rel}","templated":true}]}}