{"id":51814,"date":"2025-11-17T12:56:28","date_gmt":"2025-11-17T12:56:28","guid":{"rendered":"https:\/\/www.europesays.com\/lv\/51814\/"},"modified":"2025-11-17T12:56:28","modified_gmt":"2025-11-17T12:56:28","slug":"nozelojams-glevulis-billija-eilisa-asi-nosoda-ilonu-masku-un-aicina-vina-bagatibu-novirzit-ziedojumiem-lente-lv","status":"publish","type":"post","link":"https:\/\/www.europesays.com\/lv\/51814\/","title":{"rendered":"&#8220;No\u017e\u0113lojams g\u013c\u0113vulis&#8221; \u2013 Billija Eili\u0161a asi nosoda \u012alonu Masku un aicina vi\u0146a bag\u0101t\u012bbu novirz\u012bt ziedojumiem\u00a0\u2014\u00a0Lente.lv"},"content":{"rendered":"<p>Billija Eili\u0161a asi nosoda \u012alonu Masku par vi\u0146a milz\u012bgo bag\u0101t\u012bbu<\/p>\n<p>Amerik\u0101\u0146u popzvaigzne Billija Eili\u0161a ir publiski izteikusi skarbu kritiku miljardierim \u012alonam Maskam, nosaucot vi\u0146u par \u201cno\u017e\u0113lojamu g\u013c\u0113vuli\u201d par to, ka vi\u0146\u0161 neizmanto savu milz\u012bgo bag\u0101t\u012bbu, lai risin\u0101tu glob\u0101l\u0101s kr\u012bzes. Eili\u0161a savos \u201cInstagram\u201d st\u0101stos p\u0101rpublic\u0113ja kampa\u0146as \u201cMy Voice, My Choice\u201d izveidotus materi\u0101lus, kas uzskaita, k\u0101 Maskam piedero\u0161os triljonus var\u0113tu izmantot pasaules probl\u0113mu risin\u0101\u0161anai. Vi\u0146as koment\u0101ri izsauc iedz\u012bvot\u0101ju diskusiju par to, k\u0101 ultra-bag\u0101tajiem b\u016btu j\u0101izmanto savi l\u012bdzek\u013ci sabiedr\u012bbas lab\u0101.<\/p>\n<p>Konteksts un Eili\u0161as kritika<\/p>\n<p>Kritika izteikta p\u0113c tam, kad Tesla akcion\u0101ri apstiprin\u0101ja \u012alonam Maskam paredz\u0113to akciju paketi, kas var\u0113tu sasniegt 1 triljonu ASV dol\u0101ru, ja tiks izpild\u012bti noteikti veiktsp\u0113jas m\u0113r\u0137i desmit gadu laik\u0101 . Eili\u0161a, 23 gadu vecum\u0101, savos \u201cInstagram\u201d st\u0101stos 13. novembr\u012b  nosauca Masku, kur\u0161 jau ir pasaules bag\u0101t\u0101kais cilv\u0113ks, par \u201cneliet\u012bgu, pat\u0113tisku, uzp\u016bstu, mazd\u016b\u0161\u012bgu vienu\u201d . Vi\u0146a dal\u012bj\u0101s ar infografik\u0101m no kampa\u0146as \u201cMy Voice, My Choice\u201d, kur\u0101s tika pied\u0101v\u0101tas idejas, k\u0101 Masku var\u0113tu izmantot savu bag\u0101t\u012bbu glob\u0101lu probl\u0113mu risin\u0101\u0161anai. Viena no t\u0101m nor\u0101d\u012bja, ka Maskam b\u016btu iesp\u0113ja izbeigt pasaules badu, t\u0113r\u0113jot 40 miljardus dol\u0101ru gad\u0101 l\u012bdz 2030. gadam, vai nodro\u0161in\u0101t dro\u0161u dzeramo \u016bdeni par 140 miljardiem dol\u0101ru septi\u0146iem gadiem . Cit\u0101 slaid\u0101 tika ierosin\u0101ts, ka par 1-2 miljardiem dol\u0101ru gad\u0101 var\u0113tu gl\u0101bt visas 10 443 kritiski apdraud\u0113t\u0101s sugas . T\u0101pat tika pied\u0101v\u0101ts ar 53,2 miljardiem dol\u0101ru atjaunot Gazu un Rietumkrastu, vai pat Ukrainu un S\u012briju par 793,2 miljardiem dol\u0101ru .<\/p>\n<p>\u201cMy Voice, My Choice\u201d un ziedojumu aicin\u0101jumi<\/p>\n<p>\u201cMy Voice, My Choice\u201d ir Eiropas feminisma kust\u012bba, kas iest\u0101jas par dro\u0161\u0101m un pieejam\u0101m abortu ties\u012bb\u0101m vis\u0101 Eiropas Savien\u012bb\u0101 . Kampa\u0146a pulc\u0113 vair\u0101k nek\u0101 300 organiz\u0101cijas un daudzus atbalst\u012bt\u0101jus, uzsverot, ka reprodukt\u012bv\u0101s ties\u012bbas ir pamata cilv\u0113kties\u012bbas . Eili\u0161as izplat\u012btais materi\u0101ls no \u0161\u012bs kampa\u0146as nor\u0101da uz potenci\u0101lo risin\u0101jumu glob\u0101laj\u0101m kr\u012bz\u0113m, ko var\u0113tu nodro\u0161in\u0101t Maskam piedero\u0161\u0101 bag\u0101t\u012bba, t\u0101d\u0113j\u0101di uzsverot vi\u0146a atbild\u012bbu.<\/p>\n<p>Billijas Eili\u0161as kritika pret miljardieriem nav pirm\u0101 reize. Oktobr\u012b, sa\u0146emot balvu \u201cWSJ Magazine Innovator Awards\u201d, vi\u0146a aicin\u0101ja kl\u0101teso\u0161os miljardierus, tostarp Marku Zakerbergu, dal\u012bties ar savu bag\u0101t\u012bbu . \u201cJa jums ir nauda, b\u016btu lieliski to izmantot labiem m\u0113r\u0137iem, varb\u016bt dot da\u017eiem cilv\u0113kiem, kam t\u0101 ir nepiecie\u0161ama,\u201d vi\u0146a sac\u012bja. \u201cEs j\u016bs visus m\u012blu, bet \u0161eit ir da\u017ei cilv\u0113ki, kuriem ir daudz vair\u0101k naudas nek\u0101 man. Ja j\u016bs esat miljardieris, k\u0101p\u0113c j\u016bs esat miljardieris? Bez naida, bet atdodiet savu naudu, mazu\u013ci.\u201d . Toreiz vi\u0146a ar\u012b pazi\u0146oja, ka ziedos 11,5 miljonus dol\u0101ru no savas turnejas \u201cHit Me Hard and Soft\u201d ien\u0101kumiem, lai atbalst\u012btu organiz\u0101cijas, kas c\u012bn\u0101s pret klimata p\u0101rmai\u0146\u0101m un p\u0101rtikas nodro\u0161in\u0101jumu .<\/p>\n<p>Bag\u0101t\u012bbas m\u0113r\u012b\u0161ana un perspekt\u012bvas<\/p>\n<p>Lai gan Eili\u0161a un kampa\u0146a \u201cMy Voice, My Choice\u201d min\u0113ju\u0161i, ka Maskam ir 1 triljons dol\u0101ru , jaun\u0101kie dati liecina, ka vi\u0146a \u012bpa\u0161ums ir maz\u0101ks nek\u0101 puse no \u0161\u012bs summas, aptuveni 465 miljardi dol\u0101ru . Tom\u0113r vi\u0146a ir pasaules bag\u0101t\u0101kais cilv\u0113ks . Tesla akcion\u0101ru apstiprin\u0101tais l\u012bgums, kas paredz vi\u0146am akciju paketi 1 triljona dol\u0101ru v\u0113rt\u012bb\u0101, ir balst\u012bts uz noteiktiem nosac\u012bjumiem un var\u0113tu vi\u0146u padar\u012bt par pirmo triljon\u0101ru desmit gadu laik\u0101 . \u0160is l\u012bgums paredz, ka vi\u0146am j\u0101paliek uz\u0146\u0113mum\u0101 vismaz desmit gadus, j\u0101palielina Tesla tirgus v\u0113rt\u012bba l\u012bdz 8,5 triljoniem dol\u0101ru, j\u0101palielina pe\u013c\u0146a l\u012bdz 400 miljardiem dol\u0101ru un j\u0101izpilda citi m\u0113r\u0137i, piem\u0113ram, 20 miljoni p\u0101rdotu automobi\u013cu gad\u0101 un 1 miljons robotu .<\/p>\n<p>\u012alona Maska bag\u0101t\u012bba ir strauji augusi p\u0113d\u0113jos gados, 2024. gada decembr\u012b p\u0101rsniedzot 400 miljardus dol\u0101ru . 2021. gada novembr\u012b vi\u0146\u0161 pat pied\u0101v\u0101ja p\u0101rdot Tesla akcijas un ziedot 6 miljardus dol\u0101ru, ja ANO var\u0113tu pier\u0101d\u012bt, ka \u0161\u012b summa sp\u0113tu izbeigt pasaules badu . \u0160obr\u012bd vi\u0146\u0161 ir pirmais cilv\u0113ks, kura bag\u0101t\u012bba ir p\u0101rsniegusi 500 miljardus dol\u0101ru .<\/p>\n<p>Sabiedr\u012bbas reakcija un diskusija<\/p>\n<p>Billijas Eili\u0161as izteikumi ir izrais\u012bju\u0161i pla\u0161u diskusiju par bag\u0101tnieku filantropisko atbild\u012bbu . Da\u017ei koment\u0113t\u0101ji nor\u0101d\u012bju\u0161i, ka miljardieri jau ziedo lielas summas, piem\u0113ram, Marks Zakerbergs, kur\u0161 ir ziedojis apm\u0113ram 5 miljardus dol\u0101ru . Tom\u0113r Eili\u0161as aicin\u0101jums ir uzsv\u0113ris, ka daudz liel\u0101kas summas var\u0113tu tikt novirz\u012btas glob\u0101lo probl\u0113mu risin\u0101\u0161anai, \u012bpa\u0161i laik\u0101, kad pasaule saskaras ar daudz\u0101m kr\u012bz\u0113m . Vi\u0146as kritika ir rad\u012bjusi jaut\u0101jumus par milz\u012bgo bag\u0101t\u012bbas koncentr\u0101ciju un t\u0101s iesp\u0113jamo ietekmi uz sabiedr\u012bbu.<\/p>\n<p>Lai gan Maskam nav publiski zin\u0101mas atbildes uz Eili\u0161as koment\u0101riem, \u0161is incidents v\u0113lreiz aktualiz\u0113jis diskusiju par bag\u0101t\u012bbas sadal\u012bjumu un miljardieru lomu glob\u0101lo izaicin\u0101jumu risin\u0101\u0161an\u0101 .<\/p>\n","protected":false},"excerpt":{"rendered":"Billija Eili\u0161a asi nosoda \u012alonu Masku par vi\u0146a milz\u012bgo bag\u0101t\u012bbu Amerik\u0101\u0146u popzvaigzne Billija Eili\u0161a ir publiski izteikusi skarbu&hellip;\n","protected":false},"author":2,"featured_media":51815,"comment_status":"","ping_status":"","sticky":false,"template":"","format":"standard","meta":{"footnotes":""},"categories":[14],"tags":[23,57,5030,14193,28,29,32,33,22,79,30,31,35,39,38,36,37,34,40,5031,20,26,27,24,25,54,55,56,1516,21,58],"class_list":{"0":"post-51814","1":"post","2":"type-post","3":"status-publish","4":"format-standard","5":"has-post-thumbnail","7":"category-zinas-no-arvalstim","8":"tag-aktualitates","9":"tag-arvalstim","10":"tag-bagatiba","11":"tag-billija-eilisa","12":"tag-breaking-news","13":"tag-breakingnews","14":"tag-featured-news","15":"tag-featurednews","16":"tag-headlines","17":"tag-ilons-masks","18":"tag-latest-news","19":"tag-latestnews","20":"tag-latvia","21":"tag-latvian","22":"tag-latviesu","23":"tag-latviesu-valoda","24":"tag-latviesuvaloda","25":"tag-latvija","26":"tag-lv","27":"tag-miljardieri","28":"tag-news","29":"tag-popularakas-zinas","30":"tag-popularakaszinas","31":"tag-top-stories","32":"tag-topstories","33":"tag-world","34":"tag-world-news","35":"tag-worldnews","36":"tag-ziedojumi","37":"tag-zinas","38":"tag-zinas-no-arvalstim"},"share_on_mastodon":{"url":"","error":"Validation failed: Text character limit of 500 exceeded"},"_links":{"self":[{"href":"https:\/\/www.europesays.com\/lv\/wp-json\/wp\/v2\/posts\/51814","targetHints":{"allow":["GET"]}}],"collection":[{"href":"https:\/\/www.europesays.com\/lv\/wp-json\/wp\/v2\/posts"}],"about":[{"href":"https:\/\/www.europesays.com\/lv\/wp-json\/wp\/v2\/types\/post"}],"author":[{"embeddable":true,"href":"https:\/\/www.europesays.com\/lv\/wp-json\/wp\/v2\/users\/2"}],"replies":[{"embeddable":true,"href":"https:\/\/www.europesays.com\/lv\/wp-json\/wp\/v2\/comments?post=51814"}],"version-history":[{"count":0,"href":"https:\/\/www.europesays.com\/lv\/wp-json\/wp\/v2\/posts\/51814\/revisions"}],"wp:featuredmedia":[{"embeddable":true,"href":"https:\/\/www.europesays.com\/lv\/wp-json\/wp\/v2\/media\/51815"}],"wp:attachment":[{"href":"https:\/\/www.europesays.com\/lv\/wp-json\/wp\/v2\/media?parent=51814"}],"wp:term":[{"taxonomy":"category","embeddable":true,"href":"https:\/\/www.europesays.com\/lv\/wp-json\/wp\/v2\/categories?post=51814"},{"taxonomy":"post_tag","embeddable":true,"href":"https:\/\/www.europesays.com\/lv\/wp-json\/wp\/v2\/tags?post=51814"}],"curies":[{"name":"wp","href":"https:\/\/api.w.org\/{rel}","templated":true}]}}