{"id":51824,"date":"2025-11-17T13:12:07","date_gmt":"2025-11-17T13:12:07","guid":{"rendered":"https:\/\/www.europesays.com\/lv\/51824\/"},"modified":"2025-11-17T13:12:07","modified_gmt":"2025-11-17T13:12:07","slug":"strautmanim-15-vieta-pasaules-cempionata-sausana-ar-lielkalibra-sporta-pistoli-citi-sporta-veidi-sportacentrs-com","status":"publish","type":"post","link":"https:\/\/www.europesays.com\/lv\/51824\/","title":{"rendered":"Strautmanim 15. vieta pasaules \u010dempion\u0101t\u0101 \u0161au\u0161an\u0101 ar lielkalibra sporta pistoli \u2013 Citi sporta veidi \u2013 Sportacentrs.com"},"content":{"rendered":"<p>Sacens\u012bb\u0101s, kur\u0101s bija j\u0101izpilda 30 \u0161\u0101vieni pa m\u0113r\u0137i ar melno apli un 30 \u0161\u0101vieni pa \u012bslaic\u012bgi redzamu m\u0113r\u0137i, Strautmanis iekr\u0101ja 575 punktus.<\/p>\n<p>Savuk\u0101rt Em\u012blam Vasermanim un Ernestam Erbam bija identisks punktu skaits &#8211; 565 punkti. Tom\u0113r Vasermanim bija 16 centra desmitnieki un 24. vieta, savuk\u0101rt Erbam 13 centra desmitnieki un 25. vieta.<\/p>\n<p>Komandu v\u0113rt\u0113jum\u0101 Latvijas v\u012brie\u0161u izlase izc\u012bn\u012bja sesto vietu.<\/p>\n","protected":false},"excerpt":{"rendered":"Sacens\u012bb\u0101s, kur\u0101s bija j\u0101izpilda 30 \u0161\u0101vieni pa m\u0113r\u0137i ar melno apli un 30 \u0161\u0101vieni pa \u012bslaic\u012bgi redzamu m\u0113r\u0137i,&hellip;\n","protected":false},"author":2,"featured_media":51825,"comment_status":"","ping_status":"","sticky":false,"template":"","format":"standard","meta":{"footnotes":""},"categories":[17],"tags":[1303,35,39,38,36,37,34,40,67],"class_list":{"0":"post-51824","1":"post","2":"type-post","3":"status-publish","4":"format-standard","5":"has-post-thumbnail","7":"category-sports","8":"tag-citi-sporta-veidi","9":"tag-latvia","10":"tag-latvian","11":"tag-latviesu","12":"tag-latviesu-valoda","13":"tag-latviesuvaloda","14":"tag-latvija","15":"tag-lv","16":"tag-sports"},"share_on_mastodon":{"url":"https:\/\/pubeurope.com\/@lv\/115565215284481765","error":""},"_links":{"self":[{"href":"https:\/\/www.europesays.com\/lv\/wp-json\/wp\/v2\/posts\/51824","targetHints":{"allow":["GET"]}}],"collection":[{"href":"https:\/\/www.europesays.com\/lv\/wp-json\/wp\/v2\/posts"}],"about":[{"href":"https:\/\/www.europesays.com\/lv\/wp-json\/wp\/v2\/types\/post"}],"author":[{"embeddable":true,"href":"https:\/\/www.europesays.com\/lv\/wp-json\/wp\/v2\/users\/2"}],"replies":[{"embeddable":true,"href":"https:\/\/www.europesays.com\/lv\/wp-json\/wp\/v2\/comments?post=51824"}],"version-history":[{"count":0,"href":"https:\/\/www.europesays.com\/lv\/wp-json\/wp\/v2\/posts\/51824\/revisions"}],"wp:featuredmedia":[{"embeddable":true,"href":"https:\/\/www.europesays.com\/lv\/wp-json\/wp\/v2\/media\/51825"}],"wp:attachment":[{"href":"https:\/\/www.europesays.com\/lv\/wp-json\/wp\/v2\/media?parent=51824"}],"wp:term":[{"taxonomy":"category","embeddable":true,"href":"https:\/\/www.europesays.com\/lv\/wp-json\/wp\/v2\/categories?post=51824"},{"taxonomy":"post_tag","embeddable":true,"href":"https:\/\/www.europesays.com\/lv\/wp-json\/wp\/v2\/tags?post=51824"}],"curies":[{"name":"wp","href":"https:\/\/api.w.org\/{rel}","templated":true}]}}