{"id":51828,"date":"2025-11-17T13:22:09","date_gmt":"2025-11-17T13:22:09","guid":{"rendered":"https:\/\/www.europesays.com\/lv\/51828\/"},"modified":"2025-11-17T13:22:09","modified_gmt":"2025-11-17T13:22:09","slug":"valsts-svetku-del-riga-ieviesti-butiski-satiksmes-ierobezojumi","status":"publish","type":"post","link":"https:\/\/www.europesays.com\/lv\/51828\/","title":{"rendered":"Valsts sv\u0113tku d\u0113\u013c R\u012bg\u0101 ieviesti b\u016btiski satiksmes ierobe\u017eojumi"},"content":{"rendered":"<p>Tuvojoties Latvijas valsts sv\u0113tkiem, galvaspils\u0113t\u0101 \u0161odien s\u0101k ieviest pla\u0161us satiksmes ierobe\u017eojumus, kas ietekm\u0113s gan autobrauc\u0113jus, gan g\u0101j\u0113jus. Ierobe\u017eojumi saist\u012bti ar milit\u0101r\u0101s par\u0101des m\u0113\u0123in\u0101jumiem un 18. novembra svin\u012bgajiem pas\u0101kumiem, inform\u0113 R\u012bgas dome.<\/p>\n<p>Jau no \u0161odienas plkst. 14.30 l\u012bdz otrdienas vakaram satiksmei tiks sl\u0113gts 11. novembra krastmalas posms no Akmens tilta l\u012bdz Muitas ielai, k\u0101 ar\u012b Eksporta ielas posms no Elizabetes ielas l\u012bdz krastmalai. Atsevi\u0161\u0137os Eksporta un Krasta ielas posmos b\u016bs aizliegta ar\u012b smag\u0101 transporta kust\u012bba.<\/p>\n<blockquote><p>No plkst. 13 l\u012bdz otrdienas plkst. 18 sl\u0113gs Po\u013cu g\u0101tes un B\u012bskapa g\u0101tes posmus, savuk\u0101rt Pils iel\u0101 un Doma laukum\u0101 \u0161aj\u0101 laik\u0101 tiks organiz\u0113ta divvirzienu satiksme. R\u012bta pus\u0113 un l\u012bdz p\u0113cpusdienai iesp\u0113jami \u012bslaic\u012bgi ierobe\u017eojumi 11. novembra krastmal\u0101 150 metru gar\u0101 posm\u0101 no Miesnieku ielas.<\/p><\/blockquote>\n<p>\u0160ovakar no plkst. 18 l\u012bdz 23 satiksmi nepiecie\u0161am\u012bbas gad\u012bjum\u0101 \u012bslaic\u012bgi sl\u0113gs abos Daugavas krastu posmos \u2013 no Akmens tilta l\u012bdz \u0122ener\u0101\u013ca Radzi\u0146a krastmalai un t\u0101l\u0101k l\u012bdz K\u0101r\u013ca M\u012blenbaha ielai.<\/p>\n<blockquote><p>Valsts sv\u0113tku dien\u0101, 18. novembr\u012b, vispla\u0161\u0101kie ierobe\u017eojumi gaid\u0101mi \u0122ener\u0101\u013ca Radzi\u0146a krastmal\u0101 un Krasta iel\u0101 \u2013 satiksme \u0161ajos posmos b\u016bs sl\u0113gta no plkst. 10 l\u012bdz 18, ieskaitot nobrauktuves uz un no Salu tilta.<\/p><\/blockquote>\n<p>AB dambis b\u016bs piln\u012bb\u0101 sl\u0113gts gan g\u0101j\u0113jiem, gan transportam no plkst. 7 l\u012bdz milit\u0101r\u0101s par\u0101des beig\u0101m. Dro\u0161\u012bbas apsv\u0113rumu d\u0113\u013c skat\u012bt\u0101jiem neb\u016bs at\u013cauts pulc\u0113ties uz Van\u0161u tilta, tom\u0113r g\u0101j\u0113jiem un mikromobilit\u0101tes lietot\u0101jiem tilts paliks atv\u0113rts, un pl\u016bsmu regul\u0113s dro\u0161\u012bbas dienesti.<\/p>\n<p>Otrdienas vakar\u0101 no plkst. 18 l\u012bdz pusnaktij tiks sl\u0113gts Aspazijas bulv\u0101ris no Kri\u0161j\u0101\u0146a Barona ielas l\u012bdz Ka\u013c\u0137u ielai, k\u0101 ar\u012b Meierovica bulv\u0101ra posms l\u012bdz Smil\u0161u ielai. \u0160ie ierobe\u017eojumi neattiecas uz sabiedrisko transportu.<\/p>\n<blockquote><p>Papildus Milit\u0101r\u0101 policija, Valsts policija un pa\u0161vald\u012bbas policija nepiecie\u0161am\u012bbas gad\u012bjum\u0101 var\u0113s sl\u0113gt kust\u012bbu ar\u012b uz Akmens tilta, Uzvaras bulv\u0101ra posm\u0101, 13. janv\u0101ra iel\u0101 un pie Dzelzce\u013ca tilta.<\/p><\/blockquote>\n<p>R\u012bgas dome aicina iedz\u012bvot\u0101jus iepaz\u012bties ar izmai\u0146\u0101m un savlaic\u012bgi pl\u0101not p\u0101rvieto\u0161anos, jo vair\u0101k\u0101s viet\u0101s tiks aizliegta ar\u012b apst\u0101\u0161an\u0101s un st\u0101v\u0113\u0161ana.<\/p>\n<p>Lasi ar\u012b!<\/p>\n<p>&#13;<br \/>\n&#13;<br \/>\n<a target=\"_blank\" href=\"https:\/\/www.1188.lv\/zinas\/sestdien-latvija-registreti-132-celu-satiksmes-negadijumi-cietusi-13-cilveki\/57754\" rel=\"nofollow noopener\">Sestdien Latvij\u0101 re\u0123istr\u0113ti 132 ce\u013cu satiksmes negad\u012bjumi; cietu\u0161i 13 cilv\u0113ki<\/a>&#13;<br \/>\n&#13;<br \/>\n<\/p>\n<p>&#13;<br \/>\n&#13;<br \/>\n<a target=\"_blank\" href=\"https:\/\/www.1188.lv\/zinas\/lacplesa-diena-goda-gimenes-vilcienos-un-autobusos-var-braukt-bez-maksas-riga-noteikti-satiksmes-ierobezojumi\/57462\" rel=\"nofollow noopener\">L\u0101\u010dpl\u0113\u0161a dien\u0101 goda \u0123imenes vilcienos un autobusos var braukt bez maksas; R\u012bg\u0101 noteikti satiksmes ierobe\u017eojumi<\/a>&#13;<br \/>\n&#13;<br \/><\/p>\n","protected":false},"excerpt":{"rendered":"Tuvojoties Latvijas valsts sv\u0113tkiem, galvaspils\u0113t\u0101 \u0161odien s\u0101k ieviest pla\u0161us satiksmes ierobe\u017eojumus, kas ietekm\u0113s gan autobrauc\u0113jus, gan g\u0101j\u0113jus. Ierobe\u017eojumi&hellip;\n","protected":false},"author":2,"featured_media":51829,"comment_status":"","ping_status":"","sticky":false,"template":"","format":"standard","meta":{"footnotes":""},"categories":[5],"tags":[129,12842,4271,23,28,29,32,33,22,30,31,35,39,38,36,37,34,40,20,26,27,12621,12843,12622,12844,24,25,21],"class_list":{"0":"post-51828","1":"post","2":"type-post","3":"status-publish","4":"format-standard","5":"has-post-thumbnail","7":"category-aktualitates","8":"tag-__typenameadvicekeyword","9":"tag-id1140","10":"tag-id172","11":"tag-aktualitates","12":"tag-breaking-news","13":"tag-breakingnews","14":"tag-featured-news","15":"tag-featurednews","16":"tag-headlines","17":"tag-latest-news","18":"tag-latestnews","19":"tag-latvia","20":"tag-latvian","21":"tag-latviesu","22":"tag-latviesu-valoda","23":"tag-latviesuvaloda","24":"tag-latvija","25":"tag-lv","26":"tag-news","27":"tag-popularakas-zinas","28":"tag-popularakaszinas","29":"tag-slugsatiksmes-ierobezojumi-riga","30":"tag-slugvalsts-svetki","31":"tag-titlesatiksmes-ierobezojumi-riga","32":"tag-titlevalsts-svetki","33":"tag-top-stories","34":"tag-topstories","35":"tag-zinas"},"share_on_mastodon":{"url":"https:\/\/pubeurope.com\/@lv\/115565254616870091","error":""},"_links":{"self":[{"href":"https:\/\/www.europesays.com\/lv\/wp-json\/wp\/v2\/posts\/51828","targetHints":{"allow":["GET"]}}],"collection":[{"href":"https:\/\/www.europesays.com\/lv\/wp-json\/wp\/v2\/posts"}],"about":[{"href":"https:\/\/www.europesays.com\/lv\/wp-json\/wp\/v2\/types\/post"}],"author":[{"embeddable":true,"href":"https:\/\/www.europesays.com\/lv\/wp-json\/wp\/v2\/users\/2"}],"replies":[{"embeddable":true,"href":"https:\/\/www.europesays.com\/lv\/wp-json\/wp\/v2\/comments?post=51828"}],"version-history":[{"count":0,"href":"https:\/\/www.europesays.com\/lv\/wp-json\/wp\/v2\/posts\/51828\/revisions"}],"wp:featuredmedia":[{"embeddable":true,"href":"https:\/\/www.europesays.com\/lv\/wp-json\/wp\/v2\/media\/51829"}],"wp:attachment":[{"href":"https:\/\/www.europesays.com\/lv\/wp-json\/wp\/v2\/media?parent=51828"}],"wp:term":[{"taxonomy":"category","embeddable":true,"href":"https:\/\/www.europesays.com\/lv\/wp-json\/wp\/v2\/categories?post=51828"},{"taxonomy":"post_tag","embeddable":true,"href":"https:\/\/www.europesays.com\/lv\/wp-json\/wp\/v2\/tags?post=51828"}],"curies":[{"name":"wp","href":"https:\/\/api.w.org\/{rel}","templated":true}]}}