{"id":51837,"date":"2025-11-17T13:40:09","date_gmt":"2025-11-17T13:40:09","guid":{"rendered":"https:\/\/www.europesays.com\/lv\/51837\/"},"modified":"2025-11-17T13:40:09","modified_gmt":"2025-11-17T13:40:09","slug":"latvijas-sportiste-gunda-sabanova-un-suns-tors-triumfe-pasaules-cempionata-skriesana-ar-suni-lente-lv","status":"publish","type":"post","link":"https:\/\/www.europesays.com\/lv\/51837\/","title":{"rendered":"Latvijas sportiste Gunda \u0160abanova un suns Tors triumf\u0113 Pasaules \u010dempion\u0101t\u0101 skrie\u0161an\u0101 ar suni\u00a0\u2014\u00a0Lente.lv"},"content":{"rendered":"<p>Latvijas sportiste Gunda \u0160abanova un vi\u0146as suns Tors izc\u012bn\u012bju\u0161i pasaules \u010dempionu titulus skrie\u0161an\u0101 ar suni<\/p>\n<p>\u0160oruden ASV notiku\u0161aj\u0101 Pasaules \u010dempion\u0101t\u0101 kamanu su\u0146u sport\u0101 latvie\u0161u sportiste Gunda \u0160abanova kop\u0101 ar savu uzticamo kompanjonu suni Toru ir izc\u012bn\u012bjusi spo\u017eus pan\u0101kumus, k\u013c\u016bstot par pasaules \u010dempioniem. Vi\u0146u sasniegumi ir ne tikai zelta meda\u013ca d\u0101mu konkurenc\u0113 kanikros\u0101, bet ar\u012b sudraba godalga sk\u016btera klas\u0113, apliecinot abu izcil\u0101s sp\u0113jas un sader\u012bbu.<\/p>\n<p>Aizraujo\u0161ais kanikross un sk\u016btera klase \u2013 par ko ir runa?<\/p>\n<p>Kanikross ir aizraujo\u0161s sporta veids, kur\u0101 sportists skrien, sasaist\u012bts ar savu suni. \u0160\u012b discipl\u012bna prasa ne tikai fizisko iztur\u012bbu, bet ar\u012b dzi\u013cu sapratni un sinhronit\u0101ti starp cilv\u0113ku un dz\u012bvnieku. T\u0101 ir k\u0101 deja uz dinamiskas takas, kur katrs solis, katrs pagrieziens ir r\u016bp\u012bgi saska\u0146ots. Tikm\u0113r sk\u016btera klase pied\u0101v\u0101 citu, ne maz\u0101k aizraujo\u0161u pieredzi. \u0160aj\u0101 discipl\u012bn\u0101 suns ir savienots ar sk\u016bteri \u2013 velosip\u0113du bez ped\u0101\u013ciem, kas pie\u0161\u0137ir sacens\u012bb\u0101m papildu dinamiku un \u0101trumu. Gunda \u0160abanova ar Toru ir apliecin\u0101ju\u0161i savu meistar\u012bbu ab\u0101s \u0161aj\u0101s discipl\u012bn\u0101s, demonstr\u0113jot iespaid\u012bgu sniegumu un g\u016bstot uzslavas no skat\u012bt\u0101jiem un konkurentiem.<\/p>\n<p>Neatlaid\u012bba, darbs un m\u012blest\u012bba pret dz\u012bvniekiem \u2013 pan\u0101kumu atsl\u0113ga<\/p>\n<p>\u0160is triumfs nav n\u0101cis viegli. Tas ir apliecin\u0101jums Gundas \u0160abanovas neatlaid\u012bbai, milz\u012bgajam ieguld\u012btajam darbam un dzi\u013cajai saiknei ar savu suni Toru. \u0160is pan\u0101kums ir sap\u0146a piepild\u012bjums, kas \u013cauj dzird\u0113t Latvijas himnu Amerikas Savienotaj\u0101s Valst\u012bs. Pats \u010dempion\u0101ts, kas norisin\u0101j\u0101s Viskonsinsas \u0161tat\u0101, pulc\u0113ja aptuveni 350 dal\u012bbniekus no vair\u0101k nek\u0101 20 valst\u012bm, kuri sacent\u0101s da\u017e\u0101d\u0101s discipl\u012bn\u0101s, bie\u017ei vien kalnain\u0101 vid\u0113, kas v\u0113l vair\u0101k palielin\u0101ja sacens\u012bbu sare\u017e\u0123\u012bt\u012bbu un aizraujo\u0161umu.<\/p>\n<p>Kamanu su\u0146u sports \u2013 vair\u0101k nek\u0101 tikai sacens\u012bbas<\/p>\n<p>Kamanu su\u0146u sports, kur\u0101 ietilpst t\u0101das discipl\u012bnas k\u0101 bikejordings (velosip\u0113dists un suns), sk\u016btera klase, kanikross un da\u017e\u0101das kamanu brauk\u0161anas versijas ar vair\u0101kiem su\u0146iem, ir sporta veids, kas balst\u0101s uz cie\u0161u sadarb\u012bbu un uztic\u0113\u0161anos starp cilv\u0113ku un dz\u012bvnieku. T\u0101 nav tikai fiziska sp\u0113ko\u0161an\u0101s, bet ar\u012b emocion\u0101la saikne, kur katrs pan\u0101kums ir abu kop\u012bgs nopelns. Gundas un Tora uzvara ir ne tikai individu\u0101ls sasniegums, bet ar\u012b spilgts piem\u0113rs tam, ko var pan\u0101kt, str\u0101d\u0101jot kop\u0101 ar m\u012blest\u012bbu un cent\u012bbu.<\/p>\n<p>N\u0101kotnes perspekt\u012bvas un iedvesma<\/p>\n<p>Gundas \u0160abanovas un Tora pan\u0101kumi Pasaules \u010dempion\u0101t\u0101 ir ne tikai person\u012bgs triumfs, bet ar\u012b liels pagodin\u0101jums Latvijai. Vi\u0146u sasniegumi kalpo k\u0101 iedvesma citiem sportistiem un su\u0146u m\u012b\u013cot\u0101jiem, par\u0101dot, ka ar neatlaid\u012bbu un pareizu pieeju ir iesp\u0113jams sasniegt pat vissare\u017e\u0123\u012bt\u0101kos m\u0113r\u0137us. \u0160\u012b uzvara atspogu\u013co ne tikai sportisko meistar\u012bbu, bet ar\u012b dzi\u013co draudz\u012bbu starp cilv\u0113ku un dz\u012bvnieku, kas ir \u0161\u012b sporta veida pamat\u0101.<\/p>\n","protected":false},"excerpt":{"rendered":"Latvijas sportiste Gunda \u0160abanova un vi\u0146as suns Tors izc\u012bn\u012bju\u0161i pasaules \u010dempionu titulus skrie\u0161an\u0101 ar suni \u0160oruden ASV notiku\u0161aj\u0101&hellip;\n","protected":false},"author":2,"featured_media":51838,"comment_status":"","ping_status":"","sticky":false,"template":"","format":"standard","meta":{"footnotes":""},"categories":[5],"tags":[23,28,29,14202,32,33,14199,22,14201,30,31,35,39,38,36,37,34,40,20,844,26,27,24,25,14200,21],"class_list":{"0":"post-51837","1":"post","2":"type-post","3":"status-publish","4":"format-standard","5":"has-post-thumbnail","7":"category-aktualitates","8":"tag-aktualitates","9":"tag-breaking-news","10":"tag-breakingnews","11":"tag-canicross","12":"tag-featured-news","13":"tag-featurednews","14":"tag-gunda-sabanova","15":"tag-headlines","16":"tag-kamanu-sunu-sports","17":"tag-latest-news","18":"tag-latestnews","19":"tag-latvia","20":"tag-latvian","21":"tag-latviesu","22":"tag-latviesu-valoda","23":"tag-latviesuvaloda","24":"tag-latvija","25":"tag-lv","26":"tag-news","27":"tag-pasaules-cempionats","28":"tag-popularakas-zinas","29":"tag-popularakaszinas","30":"tag-top-stories","31":"tag-topstories","32":"tag-tors","33":"tag-zinas"},"share_on_mastodon":{"url":"https:\/\/pubeurope.com\/@lv\/115565325481929272","error":""},"_links":{"self":[{"href":"https:\/\/www.europesays.com\/lv\/wp-json\/wp\/v2\/posts\/51837","targetHints":{"allow":["GET"]}}],"collection":[{"href":"https:\/\/www.europesays.com\/lv\/wp-json\/wp\/v2\/posts"}],"about":[{"href":"https:\/\/www.europesays.com\/lv\/wp-json\/wp\/v2\/types\/post"}],"author":[{"embeddable":true,"href":"https:\/\/www.europesays.com\/lv\/wp-json\/wp\/v2\/users\/2"}],"replies":[{"embeddable":true,"href":"https:\/\/www.europesays.com\/lv\/wp-json\/wp\/v2\/comments?post=51837"}],"version-history":[{"count":0,"href":"https:\/\/www.europesays.com\/lv\/wp-json\/wp\/v2\/posts\/51837\/revisions"}],"wp:featuredmedia":[{"embeddable":true,"href":"https:\/\/www.europesays.com\/lv\/wp-json\/wp\/v2\/media\/51838"}],"wp:attachment":[{"href":"https:\/\/www.europesays.com\/lv\/wp-json\/wp\/v2\/media?parent=51837"}],"wp:term":[{"taxonomy":"category","embeddable":true,"href":"https:\/\/www.europesays.com\/lv\/wp-json\/wp\/v2\/categories?post=51837"},{"taxonomy":"post_tag","embeddable":true,"href":"https:\/\/www.europesays.com\/lv\/wp-json\/wp\/v2\/tags?post=51837"}],"curies":[{"name":"wp","href":"https:\/\/api.w.org\/{rel}","templated":true}]}}