{"id":51843,"date":"2025-11-17T13:45:09","date_gmt":"2025-11-17T13:45:09","guid":{"rendered":"https:\/\/www.europesays.com\/lv\/51843\/"},"modified":"2025-11-17T13:45:09","modified_gmt":"2025-11-17T13:45:09","slug":"riga-notiks-valsts-svetku-militaras-parades-generalmeginajums","status":"publish","type":"post","link":"https:\/\/www.europesays.com\/lv\/51843\/","title":{"rendered":"R\u012bg\u0101 notiks valsts sv\u0113tku milit\u0101r\u0101s par\u0101des \u0123ener\u0101lm\u0113\u0123in\u0101jums"},"content":{"rendered":"<p>Valsts sv\u0113tku ned\u0113\u013c\u0101 galvaspils\u0113tas centr\u0101 vald\u012bs \u012bpa\u0161a noska\u0146a \u2013 pirmdien, 18. novembra priek\u0161vakar\u0101, plkst. 18 R\u012bg\u0101, 11. novembra krastmal\u0101, notiks Latvijas Republikas proklam\u0113\u0161anas 107. gadadienai velt\u012bt\u0101s milit\u0101r\u0101s par\u0101des \u0123ener\u0101lm\u0113\u0123in\u0101jums.<\/p>\n<p>Nacion\u0101lie bru\u0146otie sp\u0113ki inform\u0113, ka \u0161\u012b gada par\u0101dei ir pie\u0161\u0137irts jauns nosaukums, kas akcent\u0113 visaptvero\u0161o valsts aizsardz\u012bbas sist\u0113mu un sabiedroto noz\u012bm\u012bgo iesaisti Latvijas dro\u0161\u012bbas stiprin\u0101\u0161an\u0101.<\/p>\n<blockquote><p>Par\u0101di komand\u0113s M\u0101c\u012bbu vad\u012bbas pav\u0113lniec\u012bbas komandieris, Latvijas Nacion\u0101l\u0101s aizsardz\u012bbas akad\u0113mijas rektors pulkvedis M\u0101ris Utin\u0101ns, savuk\u0101rt to pie\u0146ems Nacion\u0101lo bru\u0146oto sp\u0113ku augst\u0101kais vadonis \u2013 Valsts prezidents Edgars Rink\u0113vi\u010ds. Kl\u0101teso\u0161i b\u016bs ar\u012b aizsardz\u012bbas ministrs Andris Spr\u016bds un NBS komandieris \u0123ener\u0101lmajors Kaspars Pud\u0101ns.<\/p><\/blockquote>\n<p>Krastmal\u0101 skat\u012bt\u0101ji var\u0113s v\u0113rot pla\u0161u Latvijas aizsardz\u012bbas strukt\u016bru p\u0101rst\u0101vniec\u012bbu \u2013 Nacion\u0101lo aizsardz\u012bbas akad\u0113miju, J\u016bras un Gaisa sp\u0113kus, Zemessardzes \u010detras brig\u0101des, Sauszemes sp\u0113ku Mehaniz\u0113to k\u0101jnieku brig\u0101di un Valsts aizsardz\u012bbas dienesta karav\u012brus. Vi\u0146u piedal\u012b\u0161an\u0101s simboliz\u0113s jauno paaudzi, kas st\u0101jas valsts dro\u0161\u012bbas sardz\u0113.<\/p>\n<p>Par\u0101di bag\u0101tin\u0101s ar\u012b sabiedroto valstu kl\u0101tb\u016btne. P\u0113c Latvijas karoga vada ierind\u0101 so\u013cos Alb\u0101nijas, Kan\u0101das, \u010cehijas, D\u0101nijas, Igaunijas, Islandes, It\u0101lijas, Lietuvas, Melnkalnes, Zieme\u013cma\u0137edonijas, Polijas, Slov\u0101kijas, Slov\u0113nijas, Sp\u0101nijas un Ukrainas karogu grupas.<\/p>\n<blockquote><p>T\u0101pat piedal\u012bsies NATO Sp\u0113ku integr\u0101cijas vien\u012bba Latvij\u0101, Baltijas Aizsardz\u012bbas koled\u017eas p\u0101rst\u0101vji, Baltijas valstu karogu grupas un NATO 1. past\u0101v\u012bg\u0101s j\u016bras pretm\u012bnu grupas vien\u012bba, kuras komandvad\u012bbu \u0161ogad p\u0101r\u0146\u0113mu\u0161i Latvijas J\u016bras sp\u0113ki ar flagmani &#8220;Virsaitis&#8221;.<\/p><\/blockquote>\n<p>Pirmo reizi milit\u0101raj\u0101 par\u0101d\u0113 piedal\u012bsies ar\u012b Tieslietu ministrijas Ieslodz\u012bjuma vietu p\u0101rvaldes karoga grupa, apliecinot \u0161\u012b dienesta iesaisti visaptvero\u0161aj\u0101 valsts aizsardz\u012bb\u0101.<\/p>\n<p>L\u012bdz\u0101s milit\u0101rajiem sp\u0113kiem par\u0101d\u0113 so\u013cos Valsts policijas, Valsts robe\u017esardzes, Valsts ugunsdz\u0113s\u012bbas un gl\u0101b\u0161anas dienesta, k\u0101 ar\u012b Neatliekam\u0101s medic\u012bnisk\u0101s pal\u012bdz\u012bbas dienesta vien\u012bbas \u2013 NMPD \u0161ogad b\u016bs p\u0101rst\u0101v\u0113ts pirmo reizi.<\/p>\n<p>Lasi ar\u012b!<\/p>\n<p>&#13;<br \/>\n&#13;<br \/>\n<a target=\"_blank\" href=\"https:\/\/www.1188.lv\/zinas\/valsts-svetkos-latvija-gaidams-slapjs-sniegs-lietus-un-brazmains-vejs\/57767\" rel=\"nofollow noopener\">Valsts sv\u0113tkos Latvij\u0101 gaid\u0101ms slapj\u0161 sniegs, lietus un br\u0101zmains v\u0113j\u0161<\/a>&#13;<br \/>\n&#13;<br \/>\n<\/p>\n<p>&#13;<br \/>\n&#13;<br \/>\n<a target=\"_blank\" href=\"https:\/\/www.1188.lv\/zinas\/latvijas-valsts-svetku-parade-piedalisies-ari-airbaltic-lidmasina\/57687\" rel=\"nofollow noopener\">Latvijas valsts sv\u0113tku par\u0101d\u0113 piedal\u012bsies ar\u012b &#8220;airBaltic&#8221; lidma\u0161\u012bna<\/a>&#13;<br \/>\n&#13;<br \/><\/p>\n","protected":false},"excerpt":{"rendered":"Valsts sv\u0113tku ned\u0113\u013c\u0101 galvaspils\u0113tas centr\u0101 vald\u012bs \u012bpa\u0161a noska\u0146a \u2013 pirmdien, 18. novembra priek\u0161vakar\u0101, plkst. 18 R\u012bg\u0101, 11. novembra&hellip;\n","protected":false},"author":2,"featured_media":51844,"comment_status":"","ping_status":"","sticky":false,"template":"","format":"standard","meta":{"footnotes":""},"categories":[12],"tags":[129,12842,2799,23,28,29,32,33,22,30,31,35,39,38,36,37,34,40,20,26,27,2800,12843,2801,12844,24,25,21],"class_list":{"0":"post-51843","1":"post","2":"type-post","3":"status-publish","4":"format-standard","5":"has-post-thumbnail","7":"category-latvija","8":"tag-__typenameadvicekeyword","9":"tag-id1140","10":"tag-id707","11":"tag-aktualitates","12":"tag-breaking-news","13":"tag-breakingnews","14":"tag-featured-news","15":"tag-featurednews","16":"tag-headlines","17":"tag-latest-news","18":"tag-latestnews","19":"tag-latvia","20":"tag-latvian","21":"tag-latviesu","22":"tag-latviesu-valoda","23":"tag-latviesuvaloda","24":"tag-latvija","25":"tag-lv","26":"tag-news","27":"tag-popularakas-zinas","28":"tag-popularakaszinas","29":"tag-slugmilitarie-speki","30":"tag-slugvalsts-svetki","31":"tag-titlemilitarie-speki","32":"tag-titlevalsts-svetki","33":"tag-top-stories","34":"tag-topstories","35":"tag-zinas"},"share_on_mastodon":{"url":"https:\/\/pubeurope.com\/@lv\/115565345329817192","error":""},"_links":{"self":[{"href":"https:\/\/www.europesays.com\/lv\/wp-json\/wp\/v2\/posts\/51843","targetHints":{"allow":["GET"]}}],"collection":[{"href":"https:\/\/www.europesays.com\/lv\/wp-json\/wp\/v2\/posts"}],"about":[{"href":"https:\/\/www.europesays.com\/lv\/wp-json\/wp\/v2\/types\/post"}],"author":[{"embeddable":true,"href":"https:\/\/www.europesays.com\/lv\/wp-json\/wp\/v2\/users\/2"}],"replies":[{"embeddable":true,"href":"https:\/\/www.europesays.com\/lv\/wp-json\/wp\/v2\/comments?post=51843"}],"version-history":[{"count":0,"href":"https:\/\/www.europesays.com\/lv\/wp-json\/wp\/v2\/posts\/51843\/revisions"}],"wp:featuredmedia":[{"embeddable":true,"href":"https:\/\/www.europesays.com\/lv\/wp-json\/wp\/v2\/media\/51844"}],"wp:attachment":[{"href":"https:\/\/www.europesays.com\/lv\/wp-json\/wp\/v2\/media?parent=51843"}],"wp:term":[{"taxonomy":"category","embeddable":true,"href":"https:\/\/www.europesays.com\/lv\/wp-json\/wp\/v2\/categories?post=51843"},{"taxonomy":"post_tag","embeddable":true,"href":"https:\/\/www.europesays.com\/lv\/wp-json\/wp\/v2\/tags?post=51843"}],"curies":[{"name":"wp","href":"https:\/\/api.w.org\/{rel}","templated":true}]}}