{"id":51851,"date":"2025-11-17T13:51:07","date_gmt":"2025-11-17T13:51:07","guid":{"rendered":"https:\/\/www.europesays.com\/lv\/51851\/"},"modified":"2025-11-17T13:51:07","modified_gmt":"2025-11-17T13:51:07","slug":"jekabpils-novada-goda-pilsone-klavierskolotaja-un-koncertmeistare-antra-kornejeva-jekabpils-laiks-jekabpils-zinas","status":"publish","type":"post","link":"https:\/\/www.europesays.com\/lv\/51851\/","title":{"rendered":"J\u0113kabpils novada Goda pilsone \u2013 klavierskolot\u0101ja un koncertmeistare Antra Kor\u0146ejeva \/ J\u0113kabpils Laiks: J\u0113kabpils zi\u0146as"},"content":{"rendered":"<p>Arv\u012bda \u017dilinska J\u0113kabpils m\u016bzikas skolas pedago\u0123e Antra Kor\u0146ejeva jau 47 gadus pal\u012bdz b\u0113rniem rast ce\u013cu sare\u017e\u0123\u012btaj\u0101, bet skaistaj\u0101 m\u016bzikas pasaul\u0113. \u0160o profesiju Antra izv\u0113l\u0113j\u0101s jau b\u0113rn\u012bb\u0101.<\/p>\n<blockquote><p>&#13;<\/p>\n<p>\u201cMan jau 5., 6. klas\u0113 bija skaidrs, ka es b\u016b\u0161u klavieru skolot\u0101ja, un es visp\u0101r nedom\u0101ju par cit\u0101m profesij\u0101m,\u201d st\u0101sta Antra. \u201cT\u0101 ir zin\u0101ma misija, un tas ir zin\u0101ms aicin\u0101jums.\u201d<\/p>\n<p>&#13;\n<\/p><\/blockquote>\n<p>Daudzi Antras skol\u0113ni ir valsts un starptautiska l\u012bme\u0146a konkursu laure\u0101ti. Lai g\u016btu pan\u0101kumus, svar\u012bga ir pa\u0161a b\u0113rna cent\u012bba. J\u0101tren\u0113jas ne vien klas\u0113, bet ar\u012b m\u0101j\u0101s.<\/p>\n<blockquote><p>&#13;<\/p>\n<p>\u201cT\u0101 \u0161odien ir probl\u0113ma, jo b\u0113rni piedal\u0101s da\u017e\u0101dos pulci\u0146os, dejo, iet sporta skol\u0101, un t\u0101 laika vi\u0146iem ir maz,\u201d st\u0101sta Antra Kor\u0146ejeva. \u201cM\u0113\u0123in\u0101m kaut k\u0101dus kompromisus rast un m\u0113\u0123in\u0101m vis\u0101di motiv\u0113t, bet tas nav viegli.\u201d<\/p>\n<p>&#13;\n<\/p><\/blockquote>\n<p>Skolot\u0101ja darbam velta \u013coti daudz laika, un to nov\u0113rt\u0113 ar\u012b vi\u0146as audz\u0113k\u0146i.<\/p>\n<blockquote><p>&#13;<\/p>\n<p>\u201cSkolot\u0101ja ir \u013coti cent\u012bga,\u201d saka skolniece Madara Kalvi\u0161a. \u201cDaudzas lietas, ko vi\u0146ai nevajadz\u0113tu dar\u012bt, vi\u0146a izdara.\u201d<\/p>\n<p>&#13;<br \/>\n&#13;<\/p>\n<p>\u201cSkolot\u0101ja ir jauka, vi\u0146a ir ar\u012b da\u017ereiz stingra, kad mums nesan\u0101k,\u201d saka skolniece Sofija. Audz\u0113kne Liene piebilst: \u201cParasti, ja mums kaut kas nesan\u0101k, tad skolot\u0101ja vienm\u0113r palabo kaut ko.\u201d<\/p>\n<p>&#13;\n<\/p><\/blockquote>\n<p>Sevi\u0161\u0137i augstus rezult\u0101tus g\u016bst skolot\u0101jas vad\u012btie dueti, pret kuriem vi\u0146ai ir \u012bpa\u0161a m\u012blest\u012bba.<\/p>\n<blockquote><p>&#13;<\/p>\n<p>\u201cDuets \u2013 tas ir mazs kolekt\u012bvs, kur\u0101 var par\u0101d\u012bt visu spilgt\u0101k. Varb\u016bt to, ko nevar solists, duet\u0101 to var izdar\u012bt,\u201d saka Antra.<\/p>\n<p>&#13;\n<\/p><\/blockquote>\n<p>Ener\u0123iju, kas sniegta b\u0113rniem, pedago\u0123e atjauno, pavadot laiku ar \u0123imeni. Prieku sniedz d\u0113ls un divas mazmeitas. Atp\u016btu vi\u0146a rod ar\u012b d\u0101rz\u0101.<\/p>\n<blockquote><p>&#13;<\/p>\n<p>\u201cD\u0101rzs \u2013 tas ir tas, kas mani absol\u016bti relaks\u0113, jo \u2013 b\u016bsim atkl\u0101ti \u2013 \u0161is darbs ir gr\u016bts. Pedagoga darbs ir \u013coti, \u013coti pa\u0146emo\u0161s,\u201d saka skolot\u0101ja.<\/p>\n<p>&#13;\n<\/p><\/blockquote>\n<p>Antras aicin\u0101jums ir ar\u012b koncertmeistares darbs. \u0160obr\u012bd vi\u0146a ir koru \u201cUnda\u201d un \u201cAtvasara\u201d koncertmeistare, bet gadu laik\u0101 ir sp\u0113l\u0113ti pavad\u012bjumi daudziem koriem un citiem kolekt\u012bviem, ar kuriem kop\u0101 izbrauk\u0101ta visa Latvija un ar\u012b \u0101rzemes.<\/p>\n<blockquote><p>&#13;<\/p>\n<p>\u201cReiz\u0113m pavad\u012bjumi ir pagr\u016bti, reiz\u0113m laika ir \u013coti maz \u2013 t\u0101s ir da\u017eas dienas, bet man \u013coti pat\u012bk \u0161\u012b lieta, jo tur es varu izpausties tie\u0161i k\u0101 pianiste,\u201d teic koncertmeistare.<\/p>\n<p>&#13;\n<\/p><\/blockquote>\n<p>Par izcilu darbu un m\u016b\u017ea ieguld\u012bjumu m\u016bzik\u0101 Antra Kor\u0146ejeva Valsts sv\u0113tkos sa\u0146ems J\u0113kabpils novada Goda pilsones titulu.<\/p>\n<blockquote><p>&#13;<\/p>\n<p>Antra ir savas pils\u0113tas un valsts patriote, kura Latvij\u0101 v\u0113las redz\u0113t vair\u0101k satic\u012bbas: \u201cVajadz\u0113tu liel\u0101ku vienpr\u0101t\u012bbu, jo, manupr\u0101t, pa\u0161laik tas ir liel\u0101kais m\u012bnuss, ka tik \u013coti cilv\u0113ki sadal\u0101s pretpolos. Pie\u0146emt ar\u012b varb\u016bt mazliet sav\u0101d\u0101kas domas \u2013 tas ir mans v\u0113l\u0113jums.\u201d<\/p>\n<p>&#13;\n<\/p><\/blockquote>\n<p>Goda pilso\u0146a apbalvojumu 18. novembr\u012b sa\u0146ems v\u0113l viena J\u0113kabpils novada iedz\u012bvot\u0101ja \u2013 \u0123imenes \u0101rste M\u0101ra Ose.<\/p>\n<p>Sandra Paeg\u013ckalne<\/p>\n","protected":false},"excerpt":{"rendered":"Arv\u012bda \u017dilinska J\u0113kabpils m\u016bzikas skolas pedago\u0123e Antra Kor\u0146ejeva jau 47 gadus pal\u012bdz b\u0113rniem rast ce\u013cu sare\u017e\u0123\u012btaj\u0101, bet skaistaj\u0101&hellip;\n","protected":false},"author":2,"featured_media":51852,"comment_status":"","ping_status":"","sticky":false,"template":"","format":"standard","meta":{"footnotes":""},"categories":[12],"tags":[23,28,29,32,33,22,987,986,30,31,35,39,38,36,37,34,40,20,26,27,24,25,21],"class_list":{"0":"post-51851","1":"post","2":"type-post","3":"status-publish","4":"format-standard","5":"has-post-thumbnail","7":"category-latvija","8":"tag-aktualitates","9":"tag-breaking-news","10":"tag-breakingnews","11":"tag-featured-news","12":"tag-featurednews","13":"tag-headlines","14":"tag-jekabpils-zinas","15":"tag-jekabpilslaiks","16":"tag-latest-news","17":"tag-latestnews","18":"tag-latvia","19":"tag-latvian","20":"tag-latviesu","21":"tag-latviesu-valoda","22":"tag-latviesuvaloda","23":"tag-latvija","24":"tag-lv","25":"tag-news","26":"tag-popularakas-zinas","27":"tag-popularakaszinas","28":"tag-top-stories","29":"tag-topstories","30":"tag-zinas"},"share_on_mastodon":{"url":"https:\/\/pubeurope.com\/@lv\/115565368802683961","error":""},"_links":{"self":[{"href":"https:\/\/www.europesays.com\/lv\/wp-json\/wp\/v2\/posts\/51851","targetHints":{"allow":["GET"]}}],"collection":[{"href":"https:\/\/www.europesays.com\/lv\/wp-json\/wp\/v2\/posts"}],"about":[{"href":"https:\/\/www.europesays.com\/lv\/wp-json\/wp\/v2\/types\/post"}],"author":[{"embeddable":true,"href":"https:\/\/www.europesays.com\/lv\/wp-json\/wp\/v2\/users\/2"}],"replies":[{"embeddable":true,"href":"https:\/\/www.europesays.com\/lv\/wp-json\/wp\/v2\/comments?post=51851"}],"version-history":[{"count":0,"href":"https:\/\/www.europesays.com\/lv\/wp-json\/wp\/v2\/posts\/51851\/revisions"}],"wp:featuredmedia":[{"embeddable":true,"href":"https:\/\/www.europesays.com\/lv\/wp-json\/wp\/v2\/media\/51852"}],"wp:attachment":[{"href":"https:\/\/www.europesays.com\/lv\/wp-json\/wp\/v2\/media?parent=51851"}],"wp:term":[{"taxonomy":"category","embeddable":true,"href":"https:\/\/www.europesays.com\/lv\/wp-json\/wp\/v2\/categories?post=51851"},{"taxonomy":"post_tag","embeddable":true,"href":"https:\/\/www.europesays.com\/lv\/wp-json\/wp\/v2\/tags?post=51851"}],"curies":[{"name":"wp","href":"https:\/\/api.w.org\/{rel}","templated":true}]}}