{"id":51875,"date":"2025-11-17T14:10:09","date_gmt":"2025-11-17T14:10:09","guid":{"rendered":"https:\/\/www.europesays.com\/lv\/51875\/"},"modified":"2025-11-17T14:10:09","modified_gmt":"2025-11-17T14:10:09","slug":"nbs-aicina-pieteikties-rezervistu-militaras-pamatapmacibas-kursam","status":"publish","type":"post","link":"https:\/\/www.europesays.com\/lv\/51875\/","title":{"rendered":"NBS aicina pieteikties rezervistu milit\u0101r\u0101s pamatapm\u0101c\u012bbas kursam"},"content":{"rendered":"<p>\u0160is kurss dod iesp\u0113ju Latvijas pilso\u0146iem vecum\u0101 no 18 l\u012bdz 60 gadiem bez milit\u0101r\u0101s sagatavot\u012bbas br\u012bvpr\u0101t\u012bgi apg\u016bt dienestam rezerv\u0113 noteikto milit\u0101ro pamatapm\u0101c\u012bbu.<\/p>\n<p>Kurs\u0101 <a href=\"https:\/\/www.tvnet.lv\/term\/770836\/rezervisti\" class=\"topicLink\" target=\"_blank\" rel=\"nofollow noopener\">rezervisti<\/a> ieg\u016bst milit\u0101r\u0101s pamatiema\u0146as individu\u0101l\u0101s apm\u0101c\u012bbas l\u012bmen\u012b, apg\u016bstot t\u0101dus priek\u0161metus k\u0101 iero\u010du apm\u0101c\u012bba, kaujas \u0161au\u0161ana, sakaru apm\u0101c\u012bba, normat\u012bvie akti, lauka kaujas iema\u0146as, topogr\u0101fija, orient\u0113\u0161an\u0101s un medic\u012bna. Savuk\u0101rt kolekt\u012bv\u0101s apm\u0101c\u012bbas l\u012bmen\u012b &#8211; lauka kaujas iema\u0146as noda\u013cas l\u012bmen\u012b.<\/p>\n<p>Rezervistu milit\u0101r\u0101s <a href=\"https:\/\/www.tvnet.lv\/term\/814924\/pamatapmacibas\" class=\"topicLink\" target=\"_blank\" rel=\"nofollow noopener\">pamatapm\u0101c\u012bbas<\/a> kurss notiks Al\u016bksn\u0113, un tas norit\u0113s kl\u0101tien\u0113 klas\u0113, apvid\u016b un lauka apst\u0101k\u013cos lekciju un praktisko lauka nodarb\u012bbu veid\u0101, k\u0101rtojot ar\u012b teor\u0113tisk\u0101s un praktisk\u0101s ieskaites.<\/p>\n<p>Tie Latvijas pilso\u0146i, kuri b\u016bs devu\u0161i karav\u012bra zv\u0113restu un sekm\u012bgi apguvu\u0161i rezervistu milit\u0101r\u0101s pamatapm\u0101c\u012bbas kursu, sa\u0146ems rezerves karav\u012bra apliec\u012bbu, mobiliz\u0101cijas nor\u012bkojumu un tiks ieskait\u012bti bru\u0146oto sp\u0113ku rezerv\u0113 rezerves karav\u012bru status\u0101, t\u0101d\u0113j\u0101di s\u0101kot pild\u012bt rezerves karav\u012bru pien\u0101kumus.<\/p>\n<p>Apm\u0101c\u012bbas kursam var pieteikties Latvijas pilso\u0146i bez milit\u0101r\u0101s sagatavot\u012bbas vecum\u0101 no 18 l\u012bdz 60 gadiem, kuri ieguvu\u0161i vismaz pamatizgl\u012bt\u012bbu un p\u0101rvalda valsts valodu B1 l\u012bmen\u012b. Milit\u0101rajai apm\u0101c\u012bbai pie\u0146ems rezervistus, kuri atbilst dienestam rezerv\u0113 noteiktajam vesel\u012bbas st\u0101voklim, ko p\u0101rbaud\u012bs medic\u012bnisk\u0101 komisija.<\/p>\n<p>Rezervistu milit\u0101r\u0101s pamatapm\u0101c\u012bbas kurss notiks no 2026. gada 8. augusta l\u012bdz 29. augustam. Dal\u012bbai taj\u0101 var pieteikties l\u012bdz 2. febru\u0101rim, aizpildot pieteikuma anketu tie\u0161saist\u0113 vienotaj\u0101 rekrut\u0113\u0161anas platform\u0101 &#8220;www.klustikaravirs.lv&#8221;.<\/p>\n","protected":false},"excerpt":{"rendered":"\u0160is kurss dod iesp\u0113ju Latvijas pilso\u0146iem vecum\u0101 no 18 l\u012bdz 60 gadiem bez milit\u0101r\u0101s sagatavot\u012bbas br\u012bvpr\u0101t\u012bgi apg\u016bt dienestam&hellip;\n","protected":false},"author":2,"featured_media":51876,"comment_status":"","ping_status":"","sticky":false,"template":"","format":"standard","meta":{"footnotes":""},"categories":[5],"tags":[23,28,29,32,33,22,30,31,35,39,38,36,37,34,40,2837,20,14209,26,27,12835,24,25,21],"class_list":{"0":"post-51875","1":"post","2":"type-post","3":"status-publish","4":"format-standard","5":"has-post-thumbnail","7":"category-aktualitates","8":"tag-aktualitates","9":"tag-breaking-news","10":"tag-breakingnews","11":"tag-featured-news","12":"tag-featurednews","13":"tag-headlines","14":"tag-latest-news","15":"tag-latestnews","16":"tag-latvia","17":"tag-latvian","18":"tag-latviesu","19":"tag-latviesu-valoda","20":"tag-latviesuvaloda","21":"tag-latvija","22":"tag-lv","23":"tag-nbs","24":"tag-news","25":"tag-pamatapmacibas","26":"tag-popularakas-zinas","27":"tag-popularakaszinas","28":"tag-rezervisti","29":"tag-top-stories","30":"tag-topstories","31":"tag-zinas"},"share_on_mastodon":{"url":"https:\/\/pubeurope.com\/@lv\/115565443512053687","error":""},"_links":{"self":[{"href":"https:\/\/www.europesays.com\/lv\/wp-json\/wp\/v2\/posts\/51875","targetHints":{"allow":["GET"]}}],"collection":[{"href":"https:\/\/www.europesays.com\/lv\/wp-json\/wp\/v2\/posts"}],"about":[{"href":"https:\/\/www.europesays.com\/lv\/wp-json\/wp\/v2\/types\/post"}],"author":[{"embeddable":true,"href":"https:\/\/www.europesays.com\/lv\/wp-json\/wp\/v2\/users\/2"}],"replies":[{"embeddable":true,"href":"https:\/\/www.europesays.com\/lv\/wp-json\/wp\/v2\/comments?post=51875"}],"version-history":[{"count":0,"href":"https:\/\/www.europesays.com\/lv\/wp-json\/wp\/v2\/posts\/51875\/revisions"}],"wp:featuredmedia":[{"embeddable":true,"href":"https:\/\/www.europesays.com\/lv\/wp-json\/wp\/v2\/media\/51876"}],"wp:attachment":[{"href":"https:\/\/www.europesays.com\/lv\/wp-json\/wp\/v2\/media?parent=51875"}],"wp:term":[{"taxonomy":"category","embeddable":true,"href":"https:\/\/www.europesays.com\/lv\/wp-json\/wp\/v2\/categories?post=51875"},{"taxonomy":"post_tag","embeddable":true,"href":"https:\/\/www.europesays.com\/lv\/wp-json\/wp\/v2\/tags?post=51875"}],"curies":[{"name":"wp","href":"https:\/\/api.w.org\/{rel}","templated":true}]}}