{"id":51887,"date":"2025-11-17T14:22:13","date_gmt":"2025-11-17T14:22:13","guid":{"rendered":"https:\/\/www.europesays.com\/lv\/51887\/"},"modified":"2025-11-17T14:22:13","modified_gmt":"2025-11-17T14:22:13","slug":"latvija-2026-gada-ukrainas-iedzivotaju-atbalstam-planots-pieskirt-gandriz-40-miljonus-eiro-lente-lv","status":"publish","type":"post","link":"https:\/\/www.europesays.com\/lv\/51887\/","title":{"rendered":"Latvij\u0101 2026. gad\u0101 Ukrainas iedz\u012bvot\u0101ju atbalstam pl\u0101nots pie\u0161\u0137irt gandr\u012bz 40 miljonus eiro\u00a0\u2014\u00a0Lente.lv"},"content":{"rendered":"<p>Pl\u0101notais finans\u0113jums Ukrainas iedz\u012bvot\u0101ju atbalstam Latvij\u0101 2026. gad\u0101<\/p>\n<p>Latvij\u0101 2026. gad\u0101 pl\u0101nots pie\u0161\u0137irt 39,7 miljonus eiro Ukrainas civiliedz\u012bvot\u0101ju atbalsta pas\u0101kumiem. \u0160\u012b summa paredz\u0113ta Iek\u0161lietu ministrijas (IeM) sagatavotaj\u0101 atbalsta pas\u0101kumu pl\u0101n\u0101, kas nodro\u0161in\u0101s finansi\u0101lu atbalstu turpm\u0101kajiem gadiem, sniedzoties l\u012bdz pat 2026. gada 4. martam, kas ir pagarin\u0101tais pagaidu aizsardz\u012bbas periods. \u0160is pl\u0101ns ir vit\u0101li svar\u012bgs, lai garant\u0113tu atbalsta nep\u0101rtraukt\u012bbu, jo pa\u0161reiz\u0113jais pl\u0101ns ir sp\u0113k\u0101 tikai l\u012bdz 2025. gada beig\u0101m. \u0160is pl\u0101ns ietver pas\u0101kumus desmit galvenajos virzienos, piem\u0113ram, dokumentu izsnieg\u0161anu, inform\u0101cijas snieg\u0161anu, soci\u0101lo pal\u012bdz\u012bbu, finansi\u0101lo atbalstu, piek\u013cuvi izgl\u012bt\u012bbai un vesel\u012bbas apr\u016bpei, nodarbin\u0101t\u012bbas veicin\u0101\u0161anu, valodu apm\u0101c\u012bbu, k\u0101 ar\u012b kult\u016bras orient\u0101cijas un integr\u0101cijas pas\u0101kumus. \u012apa\u0161a uzman\u012bba tiks piev\u0113rsta ar\u012b nepilngad\u012bgo, kuri iebrauku\u0161i bez vec\u0101ku pavad\u012bbas, ties\u012bbu un intere\u0161u nodro\u0161in\u0101\u0161anai. \u0145emot v\u0113r\u0101, ka kaujas darb\u012bbas Ukrain\u0101 turpin\u0101s un past\u0101v augsts bru\u0146ot\u0101 konflikta eskal\u0101cijas risks, dro\u0161a atgrie\u0161an\u0101s Ukrain\u0101 liel\u0101kajai da\u013cai pagaidu aizsardz\u012bbas sa\u0146\u0113m\u0113ju tuv\u0101kaj\u0101 n\u0101kotn\u0113 nav re\u0101listiska. Eiropas Savien\u012bbas Tieslietu un iek\u0161lietu ministru padome ir vienojusies pagarin\u0101t pagaidu aizsardz\u012bbas re\u017e\u012bmu l\u012bdz 2027. gada 4. martam, kas sniedz papildu dro\u0161\u012bbas garantijas.<\/p>\n<p>Izmai\u0146as atbalsta meh\u0101nismos un finans\u0113jum\u0101<\/p>\n<p>Lai gan 2026. gad\u0101 paredz\u0113tais finans\u0113jums ir iev\u0113rojami maz\u0101ks nek\u0101 iepriek\u0161\u0113j\u0101 gad\u0101 (2025. gad\u0101 tika novirz\u012bti 65 miljoni eiro), kop\u0113j\u0101 summa 39,7 miljoni eiro joproj\u0101m nodro\u0161ina b\u016btisku atbalstu Ukrainas iedz\u012bvot\u0101jiem. \u0160is samazin\u0101jums ir saist\u012bts ar Ukrainas civiliedz\u012bvot\u0101ju pl\u016bsmas stabiliz\u0113\u0161anos un vi\u0146u arvien lab\u0101ko integr\u0101ciju Latvijas darba tirg\u016b. Saska\u0146\u0101 ar Iek\u0161lietu ministrijas v\u0113rt\u0113jumu, situ\u0101cija darba tirg\u016b ir uzlabojusies, un \u0161obr\u012bd nodarbin\u0101ti ir vair\u0101k nek\u0101 9900 Ukrainas iedz\u012bvot\u0101ji. L\u012bdz ar to tiek pl\u0101nots p\u0101rtraukt vienreiz\u0113j\u0101 nodarbin\u0101t\u012bbas s\u0101k\u0161anas pabalsta izmaksu, kas iepriek\u0161 bija vienas minim\u0101l\u0101s m\u0113ne\u0161algas apm\u0113r\u0101. \u0160is l\u0113mums balst\u0101s uz atzi\u0146u, ka pieejami citi visp\u0101r\u0113jie nodarbin\u0101t\u012bbas atbalsta meh\u0101nismi. Tom\u0113r Ukrainas iedz\u012bvot\u0101jiem joproj\u0101m b\u016bs pieejami Nodarbin\u0101t\u012bbas valsts a\u0123ent\u016bras pakalpojumi l\u012bdzv\u0113rt\u012bgi Latvijas pilso\u0146iem. T\u0101pat paredz\u0113ts, ka no 2026. gada beidzas bezmaksas sabiedrisk\u0101 transporta izmanto\u0161anas priek\u0161roc\u012bbas, un Ukrainas iedz\u012bvot\u0101jiem piem\u0113ros t\u0101dus pa\u0161us brauk\u0161anas maksas nosac\u012bjumus k\u0101 Latvijas iedz\u012bvot\u0101jiem. Ar\u012b atbr\u012bvojums no pacienta l\u012bdzmaks\u0101juma par vesel\u012bbas apr\u016bpes pakalpojumiem tiks atcelts, lai gan valsts apmaks\u0101t\u0101s vesel\u012bbas apr\u016bpes iesp\u0113jas paliks piln\u0101 apjom\u0101. Turkl\u0101t vairs netiks segti izdevumi par dz\u012bvnieku re\u0123istr\u0101ciju un vesel\u012bbas pras\u012bbu izpildi.<\/p>\n<p>Integr\u0101cijas un atbalsta pas\u0101kumu nep\u0101rtraukt\u012bba<\/p>\n<p>Neskatoties uz da\u017e\u0101m izmai\u0146\u0101m atbalsta meh\u0101nismos, galvenais m\u0113r\u0137is ir nodro\u0161in\u0101t Ukrainas civiliedz\u012bvot\u0101ju integr\u0101ciju un sniegt vi\u0146iem nepiecie\u0161amo atbalstu. Iest\u0101\u017eu apr\u0113\u0137in\u0101t\u0101s vajadz\u012bbas pl\u0101na \u012bsteno\u0161anai 2026. gadam ir 59 457 932 eiro, ta\u010du bud\u017eet\u0101 paredz\u0113ti 39 717 846 eiro. Finans\u0113jums tiks sadal\u012bts ministrij\u0101m proporcion\u0101li, un papildu l\u012bdzek\u013cu gad\u012bjum\u0101 attiec\u012bgajai ministrijai sadarb\u012bb\u0101 ar IeM j\u0101iesniedz informat\u012bvais zi\u0146ojums Ministru kabinet\u0101. \u0160is dokuments ir nepiecie\u0161ams, lai nodro\u0161in\u0101tu atbalsta nep\u0101rtraukt\u012bbu, jo sp\u0113k\u0101 eso\u0161ais pl\u0101ns beidzas 2025. gada 31. decembr\u012b. Latvija kop\u0161 Krievijas pilna m\u0113roga iebrukuma Ukrain\u0101 ir sniegusi iev\u0113rojamu atbalstu, kas kopum\u0101 p\u0101rsniedz 890 miljonus eiro, demonstr\u0113jot sp\u0113c\u012bgu solidarit\u0101ti un gatav\u012bbu pal\u012bdz\u0113t kr\u012bzes situ\u0101cij\u0101.<\/p>\n","protected":false},"excerpt":{"rendered":"Pl\u0101notais finans\u0113jums Ukrainas iedz\u012bvot\u0101ju atbalstam Latvij\u0101 2026. gad\u0101 Latvij\u0101 2026. gad\u0101 pl\u0101nots pie\u0161\u0137irt 39,7 miljonus eiro Ukrainas civiliedz\u012bvot\u0101ju&hellip;\n","protected":false},"author":2,"featured_media":51888,"comment_status":"","ping_status":"","sticky":false,"template":"","format":"standard","meta":{"footnotes":""},"categories":[5],"tags":[12126,23,7044,28,29,32,33,333,22,6604,30,31,35,39,38,36,37,34,40,20,26,27,24,25,14214,21],"class_list":{"0":"post-51887","1":"post","2":"type-post","3":"status-publish","4":"format-standard","5":"has-post-thumbnail","7":"category-aktualitates","8":"tag-2026-gada-budzets","9":"tag-aktualitates","10":"tag-atbalsta-pasakumi","11":"tag-breaking-news","12":"tag-breakingnews","13":"tag-featured-news","14":"tag-featurednews","15":"tag-finansejums","16":"tag-headlines","17":"tag-iekslietu-ministrija","18":"tag-latest-news","19":"tag-latestnews","20":"tag-latvia","21":"tag-latvian","22":"tag-latviesu","23":"tag-latviesu-valoda","24":"tag-latviesuvaloda","25":"tag-latvija","26":"tag-lv","27":"tag-news","28":"tag-popularakas-zinas","29":"tag-popularakaszinas","30":"tag-top-stories","31":"tag-topstories","32":"tag-ukrainas-iedzivotaji-latvija","33":"tag-zinas"},"share_on_mastodon":{"url":"https:\/\/pubeurope.com\/@lv\/115565490489807789","error":""},"_links":{"self":[{"href":"https:\/\/www.europesays.com\/lv\/wp-json\/wp\/v2\/posts\/51887","targetHints":{"allow":["GET"]}}],"collection":[{"href":"https:\/\/www.europesays.com\/lv\/wp-json\/wp\/v2\/posts"}],"about":[{"href":"https:\/\/www.europesays.com\/lv\/wp-json\/wp\/v2\/types\/post"}],"author":[{"embeddable":true,"href":"https:\/\/www.europesays.com\/lv\/wp-json\/wp\/v2\/users\/2"}],"replies":[{"embeddable":true,"href":"https:\/\/www.europesays.com\/lv\/wp-json\/wp\/v2\/comments?post=51887"}],"version-history":[{"count":0,"href":"https:\/\/www.europesays.com\/lv\/wp-json\/wp\/v2\/posts\/51887\/revisions"}],"wp:featuredmedia":[{"embeddable":true,"href":"https:\/\/www.europesays.com\/lv\/wp-json\/wp\/v2\/media\/51888"}],"wp:attachment":[{"href":"https:\/\/www.europesays.com\/lv\/wp-json\/wp\/v2\/media?parent=51887"}],"wp:term":[{"taxonomy":"category","embeddable":true,"href":"https:\/\/www.europesays.com\/lv\/wp-json\/wp\/v2\/categories?post=51887"},{"taxonomy":"post_tag","embeddable":true,"href":"https:\/\/www.europesays.com\/lv\/wp-json\/wp\/v2\/tags?post=51887"}],"curies":[{"name":"wp","href":"https:\/\/api.w.org\/{rel}","templated":true}]}}