{"id":51932,"date":"2025-11-17T15:44:23","date_gmt":"2025-11-17T15:44:23","guid":{"rendered":"https:\/\/www.europesays.com\/lv\/51932\/"},"modified":"2025-11-17T15:44:23","modified_gmt":"2025-11-17T15:44:23","slug":"tramps-gatavo-miljardu-dolaru-pravu-pret-bbc-par-izkroplotiem-izteikumiem-lente-lv","status":"publish","type":"post","link":"https:\/\/www.europesays.com\/lv\/51932\/","title":{"rendered":"Tramps gatavo miljardu dol\u0101ru pr\u0101vu pret BBC par &#8220;izkrop\u013cotiem&#8221; izteikumiem\u00a0\u2014\u00a0Lente.lv"},"content":{"rendered":"<p>Tramps apsver miljardu dol\u0101ru tiesved\u012bbu pret BBC par izteikumu redi\u0123\u0113\u0161anu<\/p>\n<p>ASV prezidents Donalds Tramps ir pazi\u0146ojis par savu nodomu v\u0113rsties ties\u0101 pret britu raidorganiz\u0101ciju BBC, apsverot iesp\u0113ju celt tiesved\u012bbu par miljardu dol\u0101ru v\u0113rt\u012bb\u0101 saist\u012bb\u0101 ar vi\u0146a izteikumu redi\u0123\u0113\u0161anu. \u0160is pazi\u0146ojums n\u0101kusi k\u0101 atbildes reakcija uz to, k\u0101, p\u0113c Trampa dom\u0101m, BBC ir manipul\u0113jusi ar vi\u0146a v\u0101rdiem, radot neprec\u012bzu un potenci\u0101li kait\u012bgu inform\u0101ciju.<\/p>\n<p>Dzi\u013c\u0101ka anal\u012bze un Trampa mot\u012bvi<\/p>\n<p>Prezidents Tramps, run\u0101jot par savu pien\u0101kumu r\u012bkoties \u0161\u0101di, uzsv\u0113ra, ka ir nepiecie\u0161ams c\u012bn\u012bties pret dezinform\u0101ciju un saglab\u0101t paties\u012bbu. Vi\u0146\u0161 pauda dzi\u013cu neapmierin\u0101t\u012bbu ar to, k\u0101 BBC ir atspogu\u013cojusi vi\u0146a politiskos izteikumus un darb\u012bbas, apgalvojot, ka raidorganiz\u0101cijas veikt\u0101s izmai\u0146as un redi\u0123\u0113\u0161ana ir rad\u012bjusi sagroz\u012btu ainu. Tas ir l\u012bdz\u012bgi k\u0101 k\u0101dam m\u0101ksliniekam, kur\u0161 r\u016bp\u012bgi izv\u0113las katru otas triepienu, lai rad\u012btu noteiktu iespaidu, bet p\u0113c tam k\u0101ds cits p\u0113k\u0161\u0146i izdz\u0113\u0161 vai p\u0101rkr\u0101so svar\u012bg\u0101k\u0101s deta\u013cas, piln\u012bb\u0101 mainot darba noz\u012bmi. Tramps uzskata, ka BBC ir r\u012bkojusies tie\u0161i t\u0101, radot maldino\u0161u priek\u0161statu par vi\u0146u.<\/p>\n<p>Juridiskie aspekti un potenci\u0101l\u0101s sekas<\/p>\n<p>Lai gan prec\u012bza inform\u0101cija par tiesved\u012bbas gaitu un pras\u012bbas summas pamatot\u012bbu v\u0113l nav publiski pieejama, tiesved\u012bba par \u0161\u0101du summu pret starptautisku mediju gigantu k\u0101 BBC ir nopietns solis. Tas var\u0113tu rad\u012bt pla\u0161as sekas gan mediju darba praks\u0113, gan attiec\u012bb\u0101s starp ASV un Lielbrit\u0101niju. \u0160\u0101das juridiskas darb\u012bbas bie\u017ei vien ir ilgsto\u0161as un sare\u017e\u0123\u012btas, prasa r\u016bp\u012bgu pier\u0101d\u012bjumu v\u0101k\u0161anu un juridisko argumentu izstr\u0101di. T\u0101pat svar\u012bgi ir \u0146emt v\u0113r\u0101 mediju br\u012bv\u012bbas principus un to, cik liel\u0101 m\u0113r\u0101 tiesa var iejaukties satura veido\u0161anas proces\u0101.<\/p>\n<p>BBC reakcija un pla\u0161\u0101ka aina<\/p>\n<p>L\u012bdz \u0161im BBC v\u0113l nav sniegusi pla\u0161\u0101ku ofici\u0101lu koment\u0101ru par Trampa pazi\u0146ojumu. Tas nav nekas neparasts, jo lielas organiz\u0101cijas parasti pirms atbildes snieg\u0161anas r\u016bp\u012bgi izv\u0113rt\u0113 situ\u0101ciju un konsult\u0113jas ar juristiem. Tom\u0113r \u0161is gad\u012bjums ir da\u013ca no pla\u0161\u0101kas tendences, kur\u0101 politi\u0137i un publiskas personas arvien bie\u017e\u0101k konfront\u0113 medijus, aps\u016bdzot tos neobjektivit\u0101t\u0113 vai neprecizit\u0101t\u0113. \u0160\u012b spriedze starp medijiem un varu ir aktu\u0101la vis\u0101 pasaul\u0113 un atspogu\u013co sare\u017e\u0123\u012bt\u0101s attiec\u012bbas starp inform\u0101cijas izplat\u012b\u0161anu un sabiedr\u012bbas uztveri.<\/p>\n<p>Trampa retorika un mediju aina<\/p>\n<p>Donalds Tramps bie\u017ei vien ir kritiz\u0113jis medijus, saucot tos par &#8220;tautas ienaidniekiem&#8221; un &#8220;viltus zi\u0146\u0101m&#8221;, \u012bpa\u0161i tos, kas izr\u0101da pret vi\u0146u noska\u0146otu attieksmi. Vi\u0146a retorika ir rad\u012bjusi polariz\u0101ciju sabiedr\u012bb\u0101 attiec\u012bb\u0101 uz mediju uzticam\u012bbu. \u0160\u012b gaid\u0101m\u0101 tiesved\u012bba var\u0113tu kalpot k\u0101 turpin\u0101jums \u0161ai dinamikai, izce\u013cot jaut\u0101jumus par v\u0101rda br\u012bv\u012bbu, atbild\u012bbu un mediju lomu demokr\u0101tisk\u0101 sabiedr\u012bb\u0101. Trampa apgalvojums par &#8220;miljardu dol\u0101ru v\u0113rt\u012bbu&#8221; liecina par milz\u012bgu finansi\u0101lu spiedienu, ko vi\u0146\u0161 cen\u0161as izdar\u012bt, lai pan\u0101ktu savu taisn\u012bbu un, iesp\u0113jams, attur\u0113tu citus medijus no l\u012bdz\u012bgas r\u012bc\u012bbas n\u0101kotn\u0113. \u0160is skand\u0101ls noteikti turpin\u0101s sa\u0146emt pla\u0161u uzman\u012bbu gan mediju vid\u0113, gan sabiedr\u012bb\u0101 kopum\u0101.<\/p>\n","protected":false},"excerpt":{"rendered":"Tramps apsver miljardu dol\u0101ru tiesved\u012bbu pret BBC par izteikumu redi\u0123\u0113\u0161anu ASV prezidents Donalds Tramps ir pazi\u0146ojis par savu&hellip;\n","protected":false},"author":2,"featured_media":51933,"comment_status":"","ping_status":"","sticky":false,"template":"","format":"standard","meta":{"footnotes":""},"categories":[14],"tags":[23,57,12726,28,29,542,32,33,22,30,31,35,39,38,36,37,34,40,14234,20,26,27,11194,24,25,5327,54,55,56,21,58],"class_list":{"0":"post-51932","1":"post","2":"type-post","3":"status-publish","4":"format-standard","5":"has-post-thumbnail","7":"category-zinas-no-arvalstim","8":"tag-aktualitates","9":"tag-arvalstim","10":"tag-bbc","11":"tag-breaking-news","12":"tag-breakingnews","13":"tag-donalds-tramps","14":"tag-featured-news","15":"tag-featurednews","16":"tag-headlines","17":"tag-latest-news","18":"tag-latestnews","19":"tag-latvia","20":"tag-latvian","21":"tag-latviesu","22":"tag-latviesu-valoda","23":"tag-latviesuvaloda","24":"tag-latvija","25":"tag-lv","26":"tag-mediju-skandals","27":"tag-news","28":"tag-popularakas-zinas","29":"tag-popularakaszinas","30":"tag-tiesvediba","31":"tag-top-stories","32":"tag-topstories","33":"tag-viltus-zinas","34":"tag-world","35":"tag-world-news","36":"tag-worldnews","37":"tag-zinas","38":"tag-zinas-no-arvalstim"},"share_on_mastodon":{"url":"https:\/\/pubeurope.com\/@lv\/115565813104274148","error":""},"_links":{"self":[{"href":"https:\/\/www.europesays.com\/lv\/wp-json\/wp\/v2\/posts\/51932","targetHints":{"allow":["GET"]}}],"collection":[{"href":"https:\/\/www.europesays.com\/lv\/wp-json\/wp\/v2\/posts"}],"about":[{"href":"https:\/\/www.europesays.com\/lv\/wp-json\/wp\/v2\/types\/post"}],"author":[{"embeddable":true,"href":"https:\/\/www.europesays.com\/lv\/wp-json\/wp\/v2\/users\/2"}],"replies":[{"embeddable":true,"href":"https:\/\/www.europesays.com\/lv\/wp-json\/wp\/v2\/comments?post=51932"}],"version-history":[{"count":0,"href":"https:\/\/www.europesays.com\/lv\/wp-json\/wp\/v2\/posts\/51932\/revisions"}],"wp:featuredmedia":[{"embeddable":true,"href":"https:\/\/www.europesays.com\/lv\/wp-json\/wp\/v2\/media\/51933"}],"wp:attachment":[{"href":"https:\/\/www.europesays.com\/lv\/wp-json\/wp\/v2\/media?parent=51932"}],"wp:term":[{"taxonomy":"category","embeddable":true,"href":"https:\/\/www.europesays.com\/lv\/wp-json\/wp\/v2\/categories?post=51932"},{"taxonomy":"post_tag","embeddable":true,"href":"https:\/\/www.europesays.com\/lv\/wp-json\/wp\/v2\/tags?post=51932"}],"curies":[{"name":"wp","href":"https:\/\/api.w.org\/{rel}","templated":true}]}}