{"id":51946,"date":"2025-11-17T15:56:08","date_gmt":"2025-11-17T15:56:08","guid":{"rendered":"https:\/\/www.europesays.com\/lv\/51946\/"},"modified":"2025-11-17T15:56:08","modified_gmt":"2025-11-17T15:56:08","slug":"ukraina-un-francija-paraksta-nodomu-protokolu-par-iznicinataju-rafale-piegadi","status":"publish","type":"post","link":"https:\/\/www.europesays.com\/lv\/51946\/","title":{"rendered":"Ukraina un Francija paraksta nodomu protokolu par izn\u012bcin\u0101t\u0101ju &#8220;Rafale&#8221; pieg\u0101di"},"content":{"rendered":"<p>Nodomu protokolu, kas nav pirk\u0161anas un p\u0101rdo\u0161anas l\u012bgums, paredz\u0113ts \u012bstenot aptuveni desmit gadu laik\u0101, pazi\u0146oja <a href=\"https:\/\/www.tvnet.lv\/term\/555453\/francija\" class=\"topicLink\" target=\"_blank\" rel=\"nofollow noopener\">Francija<\/a>.<\/p>\n<p>Zelenskis preses konferenc\u0113 Elizejas pil\u012b nod\u0113v\u0113ja \u0161o par v\u0113sturisku vieno\u0161anos. &#8220;Pirmk\u0101rt, <a href=\"https:\/\/www.tvnet.lv\/term\/8497\/ukraina\" class=\"topicLink\" target=\"_blank\" rel=\"nofollow noopener\">Ukraina<\/a> var\u0113s sa\u0146emt 100 &#8220;Rafale&#8221; izn\u012bcin\u0101t\u0101jus un \u013coti jaud\u012bgus fran\u010du radarus &#8211; asto\u0146as [jaun\u0101s paaudzes] pretgaisa aizsardz\u012bbas sist\u0113mas SAMP\/T. Tas ir strat\u0113\u0123isks l\u012bgums, kas darbosies desmit gadus, s\u0101kot no n\u0101kam\u0101 gada,&#8221; pazi\u0146oja Ukrainas prezidents.<\/p>\n<p>Makrons nor\u0101d\u012bja, ka \u0161\u012b vieno\u0161an\u0101s paredz iesp\u0113ju Ukrainai ieg\u0101d\u0101ties Francijas jaun\u0101k\u0101s paaudzes reakt\u012bvos izn\u012bcin\u0101t\u0101jus ar pilnu bru\u0146ojumu, k\u0101 ar\u012b paredz papildu apm\u0101c\u012bbu un ra\u017eo\u0161anas programmas.<\/p>\n<p>Nodomu protokols ietver ar\u012b iesp\u0113ju Ukrainai ieg\u0101d\u0101ties bezpilota lidapar\u0101tus, dronu p\u0101rtv\u0113r\u0113jus un vad\u0101m\u0101s bumbas, nor\u0101d\u012bja Makrons, piebilstot, ka pirm\u0101s pieg\u0101des gaid\u0101mas n\u0101kamo tr\u012bs gadu laik\u0101.<\/p>\n<p>Francijas \u0123ener\u0101l\u0161t\u0101ba priek\u0161nieks Fabj\u0113ns Mandons \u0161om\u0113nes, uzrun\u0101jot Francijas Sen\u0101ta locek\u013cus, nor\u0101d\u012bja, ka c\u012b\u0146\u0101 ar Krievijas ra\u0137et\u0113m Eirop\u0101 ra\u017eot\u0101s sist\u0113mas SAMP\/T, ko Francija pieg\u0101d\u0101jusi Ukrainai, ir efekt\u012bv\u0101kas nek\u0101 ASV ra\u017eot\u0101s sist\u0113mas &#8220;Patriot&#8221;.<\/p>\n<p>Pag\u0101ju\u0161aj\u0101 m\u0113nes\u012b Zviedrija un Ukraina parakst\u012bja l\u012bdz\u012bgu nodomu protokolu par gaisa sp\u0113ju att\u012bst\u012b\u0161anu, kas Ukrainai \u013cautu n\u0101kamaj\u0101 desmitgad\u0113 ieg\u0101d\u0101ties l\u012bdz pat 150 izn\u012bcin\u0101t\u0101jiem &#8220;Gripen&#8221;, kas tiek ra\u017eoti Zviedrij\u0101.<\/p>\n","protected":false},"excerpt":{"rendered":"Nodomu protokolu, kas nav pirk\u0161anas un p\u0101rdo\u0161anas l\u012bgums, paredz\u0113ts \u012bstenot aptuveni desmit gadu laik\u0101, pazi\u0146oja Francija. Zelenskis preses&hellip;\n","protected":false},"author":2,"featured_media":51911,"comment_status":"","ping_status":"","sticky":false,"template":"","format":"standard","meta":{"footnotes":""},"categories":[14],"tags":[23,57,28,29,32,33,1309,22,30,31,35,39,38,36,37,34,40,20,26,27,24,25,276,54,55,56,21,58],"class_list":{"0":"post-51946","1":"post","2":"type-post","3":"status-publish","4":"format-standard","5":"has-post-thumbnail","7":"category-zinas-no-arvalstim","8":"tag-aktualitates","9":"tag-arvalstim","10":"tag-breaking-news","11":"tag-breakingnews","12":"tag-featured-news","13":"tag-featurednews","14":"tag-francija","15":"tag-headlines","16":"tag-latest-news","17":"tag-latestnews","18":"tag-latvia","19":"tag-latvian","20":"tag-latviesu","21":"tag-latviesu-valoda","22":"tag-latviesuvaloda","23":"tag-latvija","24":"tag-lv","25":"tag-news","26":"tag-popularakas-zinas","27":"tag-popularakaszinas","28":"tag-top-stories","29":"tag-topstories","30":"tag-ukraina","31":"tag-world","32":"tag-world-news","33":"tag-worldnews","34":"tag-zinas","35":"tag-zinas-no-arvalstim"},"share_on_mastodon":{"url":"https:\/\/pubeurope.com\/@lv\/115565860138678951","error":""},"_links":{"self":[{"href":"https:\/\/www.europesays.com\/lv\/wp-json\/wp\/v2\/posts\/51946","targetHints":{"allow":["GET"]}}],"collection":[{"href":"https:\/\/www.europesays.com\/lv\/wp-json\/wp\/v2\/posts"}],"about":[{"href":"https:\/\/www.europesays.com\/lv\/wp-json\/wp\/v2\/types\/post"}],"author":[{"embeddable":true,"href":"https:\/\/www.europesays.com\/lv\/wp-json\/wp\/v2\/users\/2"}],"replies":[{"embeddable":true,"href":"https:\/\/www.europesays.com\/lv\/wp-json\/wp\/v2\/comments?post=51946"}],"version-history":[{"count":0,"href":"https:\/\/www.europesays.com\/lv\/wp-json\/wp\/v2\/posts\/51946\/revisions"}],"wp:featuredmedia":[{"embeddable":true,"href":"https:\/\/www.europesays.com\/lv\/wp-json\/wp\/v2\/media\/51911"}],"wp:attachment":[{"href":"https:\/\/www.europesays.com\/lv\/wp-json\/wp\/v2\/media?parent=51946"}],"wp:term":[{"taxonomy":"category","embeddable":true,"href":"https:\/\/www.europesays.com\/lv\/wp-json\/wp\/v2\/categories?post=51946"},{"taxonomy":"post_tag","embeddable":true,"href":"https:\/\/www.europesays.com\/lv\/wp-json\/wp\/v2\/tags?post=51946"}],"curies":[{"name":"wp","href":"https:\/\/api.w.org\/{rel}","templated":true}]}}