{"id":51962,"date":"2025-11-17T16:26:08","date_gmt":"2025-11-17T16:26:08","guid":{"rendered":"https:\/\/www.europesays.com\/lv\/51962\/"},"modified":"2025-11-17T16:26:08","modified_gmt":"2025-11-17T16:26:08","slug":"bangladesa-piespriests-navessods-bijusajai-premjerministrei-seihai-hasinai","status":"publish","type":"post","link":"https:\/\/www.europesays.com\/lv\/51962\/","title":{"rendered":"Banglade\u0161\u0101 piespriests n\u0101vessods biju\u0161ajai premjerministrei \u0161eihai Hasinai"},"content":{"rendered":"<p>78 gadus vec\u0101 politi\u0137e, kura kop\u0161 g\u0101\u0161anas no varas dz\u012bvo trimd\u0101 Indij\u0101, kritiz\u0113ja tiesas spriedumu k\u0101 neobjekt\u012bvu un politiski motiv\u0113tu.<\/p>\n<p>Hasina atrad\u0101s pie varas valst\u012b no 2009. gada l\u012bdz 2024. gada augustam, kad aizb\u0113ga no valsts p\u0113c pla\u0161iem studentu protestiem un asi\u0146ain\u0101m protest\u0113t\u0101ju un policijas sadursm\u0113m.<\/p>\n<p>Vi\u0146a tika aps\u016bdz\u0113ta par vardarb\u012bgu protestu apspie\u0161anu. Saska\u0146\u0101 ar ANO datiem, policijai apspie\u017eot protestus, tika nogalin\u0101ti aptuveni 1400 cilv\u0113ki.<\/p>\n<p>N\u0101vessods tika piespriests ar\u012b biju\u0161ajam iek\u0161lietu ministram Asaduzamanam Hanam Kamalam, kur\u0161 ar\u012b ir aizb\u0113dzis no Banglade\u0161as. Ar\u012b vi\u0146\u0161 noties\u0101ts aps\u016bdz\u012bb\u0101s par noziegumiem pret cilv\u0113ci.<\/p>\n","protected":false},"excerpt":{"rendered":"78 gadus vec\u0101 politi\u0137e, kura kop\u0161 g\u0101\u0161anas no varas dz\u012bvo trimd\u0101 Indij\u0101, kritiz\u0113ja tiesas spriedumu k\u0101 neobjekt\u012bvu un&hellip;\n","protected":false},"author":2,"featured_media":51963,"comment_status":"","ping_status":"","sticky":false,"template":"","format":"standard","meta":{"footnotes":""},"categories":[14],"tags":[23,57,63,28,29,32,33,22,30,31,35,39,38,36,37,34,40,20,26,27,375,24,25,54,55,56,21,58],"class_list":{"0":"post-51962","1":"post","2":"type-post","3":"status-publish","4":"format-standard","5":"has-post-thumbnail","7":"category-zinas-no-arvalstim","8":"tag-aktualitates","9":"tag-arvalstim","10":"tag-arvalstis","11":"tag-breaking-news","12":"tag-breakingnews","13":"tag-featured-news","14":"tag-featurednews","15":"tag-headlines","16":"tag-latest-news","17":"tag-latestnews","18":"tag-latvia","19":"tag-latvian","20":"tag-latviesu","21":"tag-latviesu-valoda","22":"tag-latviesuvaloda","23":"tag-latvija","24":"tag-lv","25":"tag-news","26":"tag-popularakas-zinas","27":"tag-popularakaszinas","28":"tag-tiesa","29":"tag-top-stories","30":"tag-topstories","31":"tag-world","32":"tag-world-news","33":"tag-worldnews","34":"tag-zinas","35":"tag-zinas-no-arvalstim"},"share_on_mastodon":{"url":"https:\/\/pubeurope.com\/@lv\/115565978103308027","error":""},"_links":{"self":[{"href":"https:\/\/www.europesays.com\/lv\/wp-json\/wp\/v2\/posts\/51962","targetHints":{"allow":["GET"]}}],"collection":[{"href":"https:\/\/www.europesays.com\/lv\/wp-json\/wp\/v2\/posts"}],"about":[{"href":"https:\/\/www.europesays.com\/lv\/wp-json\/wp\/v2\/types\/post"}],"author":[{"embeddable":true,"href":"https:\/\/www.europesays.com\/lv\/wp-json\/wp\/v2\/users\/2"}],"replies":[{"embeddable":true,"href":"https:\/\/www.europesays.com\/lv\/wp-json\/wp\/v2\/comments?post=51962"}],"version-history":[{"count":0,"href":"https:\/\/www.europesays.com\/lv\/wp-json\/wp\/v2\/posts\/51962\/revisions"}],"wp:featuredmedia":[{"embeddable":true,"href":"https:\/\/www.europesays.com\/lv\/wp-json\/wp\/v2\/media\/51963"}],"wp:attachment":[{"href":"https:\/\/www.europesays.com\/lv\/wp-json\/wp\/v2\/media?parent=51962"}],"wp:term":[{"taxonomy":"category","embeddable":true,"href":"https:\/\/www.europesays.com\/lv\/wp-json\/wp\/v2\/categories?post=51962"},{"taxonomy":"post_tag","embeddable":true,"href":"https:\/\/www.europesays.com\/lv\/wp-json\/wp\/v2\/tags?post=51962"}],"curies":[{"name":"wp","href":"https:\/\/api.w.org\/{rel}","templated":true}]}}