{"id":51970,"date":"2025-11-17T16:32:22","date_gmt":"2025-11-17T16:32:22","guid":{"rendered":"https:\/\/www.europesays.com\/lv\/51970\/"},"modified":"2025-11-17T16:32:22","modified_gmt":"2025-11-17T16:32:22","slug":"wikipedia-dibinatajs-sniedza-isako-interviju","status":"publish","type":"post","link":"https:\/\/www.europesays.com\/lv\/51970\/","title":{"rendered":"&#8220;Wikipedia&#8221; dibin\u0101t\u0101js sniedza \u012bs\u0101ko interviju"},"content":{"rendered":"<p>P\u0113c standarta ievada raid\u012bjuma vad\u012bt\u0101js Tilo Jungs preciz\u0113ja: &#8220;Vai Veilss ir &#8220;Wikipedia&#8221; dibin\u0101t\u0101js vai l\u012bdzdibin\u0101t\u0101js?&#8221; Veilss nekav\u0113joties atcirta: &#8220;Man vienalga. Tas ir pats mu\u013c\u0137\u012bg\u0101kais jaut\u0101jums.&#8221;<\/p>\n<p>Jungs nol\u0113ma iedzi\u013cin\u0101ties un l\u016bdza paskaidrot \u0161\u0101das neapmierin\u0101t\u012bbas iemeslu. Veilss iesm\u0113j\u0101s, bet jau izskat\u012bj\u0101s aizkaitin\u0101ts.<\/p>\n<p>Kad vad\u012bt\u0101js m\u0113\u0123in\u0101ja to formul\u0113t v\u0113lreiz: &#8220;J\u016bsupr\u0101t, vai esat dibin\u0101t\u0101js?&#8221; <a href=\"https:\/\/www.apollo.lv\/term\/658871\/intervija\" class=\"topicLink\" target=\"_blank\" rel=\"nofollow noopener\">intervija<\/a> piln\u012bb\u0101 p\u0101rtr\u016bka.<\/p>\n<p>&#8220;Es jau esmu atbild\u0113jis \u010detras reizes. Tam nav noz\u012bmes. Zini ko? Esmu pabeidzis. Paldies,&#8221; uz Veilsa teikto atsaucas Ukrainas zi\u0146u a\u0123ent\u016bra UNIAN.<\/p>\n<p>Jungs cent\u0101s saprast, kas notiek, bet Veilss aizejot asi atcirta: &#8220;Neuzdodiet mu\u013c\u0137\u012bgus jaut\u0101jumus.&#8221;<\/p>\n<p>Jaut\u0101jums par to, kas ir \u012bstais &#8220;Wikipedia&#8221; dibin\u0101t\u0101js, tiek apspriests jau vair\u0101k nek\u0101 20 gadus. Projektu dibin\u0101ja <a href=\"https:\/\/www.apollo.lv\/term\/814367\/dzimijs-veilss\" class=\"topicLink\" target=\"_blank\" rel=\"nofollow noopener\">D\u017eimijs Veilss<\/a> un Lerijs Send\u017eers, bet Send\u017eers to pameta 2002. gad\u0101 un kop\u0161 t\u0101 laika regul\u0101ri kritiz\u0113 &#8220;Wikipedia&#8221; sarun\u0101s ar lab\u0113jiem medijiem un sazv\u0113rest\u012bbas teor\u0113ti\u0137iem.<\/p>\n<p>\u0160\u012b t\u0113ma jau sen ir bijusi s\u0101p\u012bgs punkts Veilsam. Intervij\u0101 ar Leksu Fr\u012bdmenu vi\u0146\u0161 jau teica, ka \u0161is jaut\u0101jums ir &#8220;nesvar\u012bgs&#8221;, lai gan atzina, ka daudzi nenov\u0113rt\u0113 Sangera ieguld\u012bjumu.<\/p>\n","protected":false},"excerpt":{"rendered":"P\u0113c standarta ievada raid\u012bjuma vad\u012bt\u0101js Tilo Jungs preciz\u0113ja: &#8220;Vai Veilss ir &#8220;Wikipedia&#8221; dibin\u0101t\u0101js vai l\u012bdzdibin\u0101t\u0101js?&#8221; Veilss nekav\u0113joties atcirta:&hellip;\n","protected":false},"author":2,"featured_media":51971,"comment_status":"","ping_status":"","sticky":false,"template":"","format":"standard","meta":{"footnotes":""},"categories":[14],"tags":[23,57,28,29,14244,32,33,22,237,30,31,35,39,38,36,37,34,40,20,26,27,24,25,14243,54,55,56,21,58],"class_list":{"0":"post-51970","1":"post","2":"type-post","3":"status-publish","4":"format-standard","5":"has-post-thumbnail","7":"category-zinas-no-arvalstim","8":"tag-aktualitates","9":"tag-arvalstim","10":"tag-breaking-news","11":"tag-breakingnews","12":"tag-dzimijs-veilss","13":"tag-featured-news","14":"tag-featurednews","15":"tag-headlines","16":"tag-intervija","17":"tag-latest-news","18":"tag-latestnews","19":"tag-latvia","20":"tag-latvian","21":"tag-latviesu","22":"tag-latviesu-valoda","23":"tag-latviesuvaloda","24":"tag-latvija","25":"tag-lv","26":"tag-news","27":"tag-popularakas-zinas","28":"tag-popularakaszinas","29":"tag-top-stories","30":"tag-topstories","31":"tag-wikipedia","32":"tag-world","33":"tag-world-news","34":"tag-worldnews","35":"tag-zinas","36":"tag-zinas-no-arvalstim"},"share_on_mastodon":{"url":"https:\/\/pubeurope.com\/@lv\/115566001695493435","error":""},"_links":{"self":[{"href":"https:\/\/www.europesays.com\/lv\/wp-json\/wp\/v2\/posts\/51970","targetHints":{"allow":["GET"]}}],"collection":[{"href":"https:\/\/www.europesays.com\/lv\/wp-json\/wp\/v2\/posts"}],"about":[{"href":"https:\/\/www.europesays.com\/lv\/wp-json\/wp\/v2\/types\/post"}],"author":[{"embeddable":true,"href":"https:\/\/www.europesays.com\/lv\/wp-json\/wp\/v2\/users\/2"}],"replies":[{"embeddable":true,"href":"https:\/\/www.europesays.com\/lv\/wp-json\/wp\/v2\/comments?post=51970"}],"version-history":[{"count":0,"href":"https:\/\/www.europesays.com\/lv\/wp-json\/wp\/v2\/posts\/51970\/revisions"}],"wp:featuredmedia":[{"embeddable":true,"href":"https:\/\/www.europesays.com\/lv\/wp-json\/wp\/v2\/media\/51971"}],"wp:attachment":[{"href":"https:\/\/www.europesays.com\/lv\/wp-json\/wp\/v2\/media?parent=51970"}],"wp:term":[{"taxonomy":"category","embeddable":true,"href":"https:\/\/www.europesays.com\/lv\/wp-json\/wp\/v2\/categories?post=51970"},{"taxonomy":"post_tag","embeddable":true,"href":"https:\/\/www.europesays.com\/lv\/wp-json\/wp\/v2\/tags?post=51970"}],"curies":[{"name":"wp","href":"https:\/\/api.w.org\/{rel}","templated":true}]}}