{"id":51980,"date":"2025-11-17T16:38:08","date_gmt":"2025-11-17T16:38:08","guid":{"rendered":"https:\/\/www.europesays.com\/lv\/51980\/"},"modified":"2025-11-17T16:38:08","modified_gmt":"2025-11-17T16:38:08","slug":"krievijas-parlamenta-deputati-piedava-atteikties-no-pensionesanas-un-stradat-lidz-navei","status":"publish","type":"post","link":"https:\/\/www.europesays.com\/lv\/51980\/","title":{"rendered":"Krievijas parlamenta deput\u0101ti pied\u0101v\u0101 atteikties no pension\u0113\u0161an\u0101s un str\u0101d\u0101t l\u012bdz n\u0101vei"},"content":{"rendered":"<p>\u201cJa pilsonis ir nol\u0113mis turpin\u0101t str\u0101d\u0101t v\u0113l piecus gadus p\u0113c <a href=\"https:\/\/www.tvnet.lv\/term\/556695\/pensijas\" class=\"topicLink\" target=\"_blank\" rel=\"nofollow noopener\">pensijas<\/a> vecuma iest\u0101\u0161an\u0101s, tad vi\u0146\u0161 var palielin\u0101t savu individu\u0101lo pensijas koeficientu par 36%, un fiks\u0113to maks\u0101jumu par 45%. Ja pension\u0113\u0161an\u0101s tiks atlikta uz 10 gadiem, tad tas \u013caus divas reizes palielin\u0101t savu pensiju,\u201d sac\u012bja Besaraba.<\/p>\n<p>K\u0101 nor\u0101da \u201cThe Moscow Times\u201d, Valsts domes komitejas locekle gan br\u012bdin\u0101ja, ka darbs pensijas palielin\u0101\u0161anai b\u016bs j\u0101turpina bez soci\u0101l\u0101s apdro\u0161in\u0101\u0161anas, pret\u0113j\u0101 gad\u012bjum\u0101 pensijas koeficienti netiks palielin\u0101ti. Deput\u0101te nor\u0101da, ka pensijas izmaksa tiek s\u0101kta nevis autom\u0101tiski p\u0113c pension\u0113\u0161an\u0101s vecuma sasnieg\u0161anas, bet gan p\u0113c pilso\u0146a iesnieguma Soci\u0101lajam fondam.<\/p>\n<p>Soci\u0101l\u0101s apdro\u0161in\u0101\u0161anas vecuma pensiju sa\u0146em 32,7 miljoni krievu. Vid\u0113jais t\u0101s apm\u0113rs nestr\u0101d\u0101jo\u0161iem pension\u0101riem 2025. gada 1. oktobr\u012b bija 25 198 rub\u013ci (267 eiro). 2018. gad\u0101 Krievijas diktators Vladimirs Putins s\u0101ka pensiju reformu, kas l\u012bdz 2028. gadam paredz palielin\u0101t sievie\u0161u pension\u0113\u0161an\u0101s vecumu no 55 l\u012bdz 60 gadiem, bet v\u012brie\u0161iem \u2014 no 60 l\u012bdz 65 gadiem.<\/p>\n<p>\u0145emot v\u0113r\u0101 Rosstat datus, 2024. gad\u0101 Krievij\u0101 vid\u0113j\u0101 dz\u012bvildze bija 72,84 gadi. V\u012brie\u0161u dz\u012bvildze bija 68,45 gadi, bet sievie\u0161u \u2013 78,39 gadi.<\/p>\n<blockquote class=\"quote ck-widget\" contenteditable=\"false\">\n<p>T\u0101d\u0113j\u0101di Krievijas Valsts dome ierosin\u0101jusi Krievijas iedz\u012bvot\u0101jiem str\u0101d\u0101t l\u012bdz savai n\u0101ves dienai solot labumus, kurus t\u0101pat nekad neizdosies sa\u0146emt.<\/p>\n<\/blockquote>\n<p>Savuk\u0101rt Krievijas valsts domes deput\u0101te Irina Rod\u0146ina pazi\u0146oja, ka Krievijas pilso\u0146i nav dar\u012bju\u0161i pietiekami daudz, lai sa\u0146emtu valsts pensiju.<\/p>\n<p>\u201cNevar visu laiku uz k\u0101du pa\u013cauties, ir jau laiks pa\u0161iem k\u013c\u016bt patst\u0101v\u012bg\u0101kiem,\u201d uzsv\u0113ra deput\u0101te.<\/p>\n","protected":false},"excerpt":{"rendered":"\u201cJa pilsonis ir nol\u0113mis turpin\u0101t str\u0101d\u0101t v\u0113l piecus gadus p\u0113c pensijas vecuma iest\u0101\u0161an\u0101s, tad vi\u0146\u0161 var palielin\u0101t savu&hellip;\n","protected":false},"author":2,"featured_media":51981,"comment_status":"","ping_status":"","sticky":false,"template":"","format":"standard","meta":{"footnotes":""},"categories":[14],"tags":[23,57,28,29,32,33,22,234,30,31,35,39,38,36,37,34,40,20,1841,26,27,24,25,54,55,56,21,58],"class_list":{"0":"post-51980","1":"post","2":"type-post","3":"status-publish","4":"format-standard","5":"has-post-thumbnail","7":"category-zinas-no-arvalstim","8":"tag-aktualitates","9":"tag-arvalstim","10":"tag-breaking-news","11":"tag-breakingnews","12":"tag-featured-news","13":"tag-featurednews","14":"tag-headlines","15":"tag-krievija","16":"tag-latest-news","17":"tag-latestnews","18":"tag-latvia","19":"tag-latvian","20":"tag-latviesu","21":"tag-latviesu-valoda","22":"tag-latviesuvaloda","23":"tag-latvija","24":"tag-lv","25":"tag-news","26":"tag-pensijas","27":"tag-popularakas-zinas","28":"tag-popularakaszinas","29":"tag-top-stories","30":"tag-topstories","31":"tag-world","32":"tag-world-news","33":"tag-worldnews","34":"tag-zinas","35":"tag-zinas-no-arvalstim"},"share_on_mastodon":{"url":"https:\/\/pubeurope.com\/@lv\/115566025318055628","error":""},"_links":{"self":[{"href":"https:\/\/www.europesays.com\/lv\/wp-json\/wp\/v2\/posts\/51980","targetHints":{"allow":["GET"]}}],"collection":[{"href":"https:\/\/www.europesays.com\/lv\/wp-json\/wp\/v2\/posts"}],"about":[{"href":"https:\/\/www.europesays.com\/lv\/wp-json\/wp\/v2\/types\/post"}],"author":[{"embeddable":true,"href":"https:\/\/www.europesays.com\/lv\/wp-json\/wp\/v2\/users\/2"}],"replies":[{"embeddable":true,"href":"https:\/\/www.europesays.com\/lv\/wp-json\/wp\/v2\/comments?post=51980"}],"version-history":[{"count":0,"href":"https:\/\/www.europesays.com\/lv\/wp-json\/wp\/v2\/posts\/51980\/revisions"}],"wp:featuredmedia":[{"embeddable":true,"href":"https:\/\/www.europesays.com\/lv\/wp-json\/wp\/v2\/media\/51981"}],"wp:attachment":[{"href":"https:\/\/www.europesays.com\/lv\/wp-json\/wp\/v2\/media?parent=51980"}],"wp:term":[{"taxonomy":"category","embeddable":true,"href":"https:\/\/www.europesays.com\/lv\/wp-json\/wp\/v2\/categories?post=51980"},{"taxonomy":"post_tag","embeddable":true,"href":"https:\/\/www.europesays.com\/lv\/wp-json\/wp\/v2\/tags?post=51980"}],"curies":[{"name":"wp","href":"https:\/\/api.w.org\/{rel}","templated":true}]}}