{"id":51991,"date":"2025-11-17T16:59:08","date_gmt":"2025-11-17T16:59:08","guid":{"rendered":"https:\/\/www.europesays.com\/lv\/51991\/"},"modified":"2025-11-17T16:59:08","modified_gmt":"2025-11-17T16:59:08","slug":"izcilais-francu-dirigents-zans-kristofs-spinozi-divas-dienas-diriges-lnso-lente-lv-6","status":"publish","type":"post","link":"https:\/\/www.europesays.com\/lv\/51991\/","title":{"rendered":"izcilais fran\u010du diri\u0123ents \u017dans Kristofs Spinozi divas dienas diri\u0123\u0113s LNSO\u00a0\u2014\u00a0Lente.lv"},"content":{"rendered":"<p>Izcilais fran\u010du diri\u0123ents \u017dans Kristofs Spinozi diri\u0123\u0113s LNSO<\/p>\n<p>Par\u012bzes, V\u012bnes un Londonas presti\u017e\u0101ko koncertz\u0101\u013cu publiku priec\u0113ju\u0161ais fran\u010du maestro \u017dans Kristofs Spinozi pirmo reizi Latvij\u0101 st\u0101sies pie Latvijas Nacion\u0101l\u0101 simfonisk\u0101 or\u0137estra (LNSO) diri\u0123enta pults. \u0160is unik\u0101lais notikums ieg\u016bs v\u0113l \u012bpa\u0161\u0101ku v\u0113rt\u012bbu, jo Spinozi, kur\u0161 sevi apliecin\u0101jis k\u0101 baroka un klasicisma laikmetu m\u016bzikas izcil\u0101kais interprets, vad\u012bs LNSO divos grandiozos koncertos, kas norisin\u0101sies 26. septembr\u012b plkst. 19:00 R\u012bgas Kongresu nam\u0101 un 27. septembr\u012b plkst. 17:00 Ventspils koncertz\u0101l\u0113 \u201cLatvija\u201d.<\/p>\n<p>Spinozi, kur\u0161 ir ar\u012b paz\u012bstam\u0101 fran\u010du baroka or\u0137estra Ensemble Matheus dibin\u0101t\u0101js un m\u0101kslinieciskais vad\u012bt\u0101js, savu diri\u0123\u0113\u0161anas karjeru ir veidojis jau kop\u0161 1991. gada. Vi\u0146a ener\u0123iskais un aizraujo\u0161ais diri\u0123\u0113\u0161anas stils tiek rakturots k\u0101 sp\u0113j\u012bgs modin\u0101t m\u016bzi\u0137os jaunas idejas un pan\u0101kt patiesi dzi\u013cu, emocion\u0101lu izpild\u012bjumu, radot publikai neaizmirstamu baud\u012bjumu. Maestro uzskata, ka m\u016bsdienu pasaul\u0113 m\u016bzika ir k\u0101 dievi\u0161\u0137\u0101 gaisma, kas sp\u0113j sniegt mieru un iedvesmu.<\/p>\n<p>Muzik\u0101la ce\u013cojuma programma cauri gadsimtiem<\/p>\n<p>Koncertprogramm\u0101 ar nosaukumu \u201cLNSO, Vasks, zelta baroks un For\u0113 Rekvi\u0113ms\u201d skan\u0113s daudzveid\u012bga m\u016bzika, kas sniegs klaus\u012bt\u0101jiem aizraujo\u0161u ce\u013cojumu cauri da\u017e\u0101diem laikmetiem un muzik\u0101lajiem stiliem. Programmu atkl\u0101s LNSO 100. sezonas rezid\u0113jo\u0161\u0101 komponista P\u0113tera Vaska darbs \u201cCantabile\u201d st\u012bginstrumentiem (1979). \u0160is ska\u0146darbs, kas ir k\u013cuvis par vienu no latvie\u0161u m\u016bzikas simboliem, pau\u017e dzi\u013cas filozofiskas p\u0101rdomas un mekl\u0113 pasaules harmoniju, radot mierpilnu un gaismas piepild\u012btu skan\u0113jumu.<\/p>\n<p>T\u0101l\u0101k klaus\u012bt\u0101ji dosies uz baroka laikmeta spo\u017eumu, baudot fragmentu \u201cSit nomen Domini\u201d no Antonio Vivaldi cikla \u201cLaudate pueri\u201d. \u0160aj\u0101 ska\u0146darb\u0101 \u012bpa\u0161i izcili skan\u0113s jaun\u0101s fran\u010du sopr\u0101na Ninas Spinozi balss, radot elegantu un dv\u0113selisku dialogu ar LNSO st\u012bgu grupu. Nina Spinozi, dzimusi muzik\u0101l\u0101 \u0123imen\u0113, ir iekarojusi pla\u0161u atzin\u012bbu gan oper\u0101, gan koncertos, demonstr\u0113jot savu talantu pla\u0161\u0101 \u017eanru spektr\u0101.<\/p>\n<p>Pirm\u0101s da\u013cas nosl\u0113gum\u0101 izskan\u0113s Johana Sebasti\u0101na Baha Koncerts klaves\u012bnam un or\u0137estrim re minor\u0101 BWV 1052. \u0160is baroka laikmeta paraugs demonstr\u0113 m\u016bzikai rakstur\u012bgo dramatisko spriegumu un melodisko izsmalcin\u0101t\u012bbu. Klaves\u012bna solo partiju atska\u0146os spo\u017e\u0101 latvie\u0161u klaves\u012bniste Ieva Saliete, kura ir ieguvusi Lielo m\u016bzikas balvu un sadarbojas ar Eiropas sen\u0101s m\u016bzikas or\u0137estriem.<\/p>\n<p>Koncerta kulmin\u0101cija \u2013 Gabriela For\u0113 Rekvi\u0113ms<\/p>\n<p>Koncerta otraj\u0101 da\u013c\u0101 skan\u0113s Gabriela For\u0113 Rekvi\u0113ms. \u0160is darbs, at\u0161\u0137ir\u012bb\u0101 no citu komponistu rad\u012btaj\u0101m s\u0113ru mes\u0101m, n\u0101ves t\u0113mu p\u0101rv\u0113r\u0161 cer\u012bb\u0101, gaism\u0101 un dv\u0113seles mier\u0101, pau\u017eot komponista mierpilno skat\u012bjumu uz m\u016b\u017e\u012bbu. Kop\u0101 ar LNSO un Valsts Akad\u0113misko kori \u201cLatvija\u201d dzied\u0101s ar\u012b norv\u0113\u0123u baritons Halvors Meliens, kur\u0161 ir bie\u017es viesis Eiropas koncertz\u0101l\u0113s un oper\u0101s, \u012bpa\u0161u uzman\u012bbu piev\u0113r\u0161ot tie\u0161i baroka m\u016bzikai un v\u0101cu vok\u0101lajai kamerm\u016bzikai. Maestro \u017dans Kristofs Spinozi \u0161o ska\u0146darbu raksturo k\u0101 \u013coti patiesu un dzi\u013cu, piebilstot, ka tas ir k\u0101 \u201cpaties\u012bbas mirklis, glu\u017ei t\u0101ds pats k\u0101 \u0161\u0137\u0113rsojot n\u0101ves ieleju\u201d.<\/p>\n","protected":false},"excerpt":{"rendered":"Izcilais fran\u010du diri\u0123ents \u017dans Kristofs Spinozi diri\u0123\u0113s LNSO Par\u012bzes, V\u012bnes un Londonas presti\u017e\u0101ko koncertz\u0101\u013cu publiku priec\u0113ju\u0161ais fran\u010du maestro&hellip;\n","protected":false},"author":2,"featured_media":51992,"comment_status":"","ping_status":"","sticky":false,"template":"","format":"standard","meta":{"footnotes":""},"categories":[19],"tags":[896,89,90,2527,202,35,39,38,36,37,34,5365,40,2922],"class_list":{"0":"post-51991","1":"post","2":"type-post","3":"status-publish","4":"format-standard","5":"has-post-thumbnail","7":"category-izklaide","8":"tag-baroka-muzika","9":"tag-entertainment","10":"tag-izklaide","11":"tag-klasiska-muzika","12":"tag-koncerts","13":"tag-latvia","14":"tag-latvian","15":"tag-latviesu","16":"tag-latviesu-valoda","17":"tag-latviesuvaloda","18":"tag-latvija","19":"tag-lnso","20":"tag-lv","21":"tag-zans-kristofs-spinozi"},"share_on_mastodon":{"url":"https:\/\/pubeurope.com\/@lv\/115566108024299351","error":""},"_links":{"self":[{"href":"https:\/\/www.europesays.com\/lv\/wp-json\/wp\/v2\/posts\/51991","targetHints":{"allow":["GET"]}}],"collection":[{"href":"https:\/\/www.europesays.com\/lv\/wp-json\/wp\/v2\/posts"}],"about":[{"href":"https:\/\/www.europesays.com\/lv\/wp-json\/wp\/v2\/types\/post"}],"author":[{"embeddable":true,"href":"https:\/\/www.europesays.com\/lv\/wp-json\/wp\/v2\/users\/2"}],"replies":[{"embeddable":true,"href":"https:\/\/www.europesays.com\/lv\/wp-json\/wp\/v2\/comments?post=51991"}],"version-history":[{"count":0,"href":"https:\/\/www.europesays.com\/lv\/wp-json\/wp\/v2\/posts\/51991\/revisions"}],"wp:featuredmedia":[{"embeddable":true,"href":"https:\/\/www.europesays.com\/lv\/wp-json\/wp\/v2\/media\/51992"}],"wp:attachment":[{"href":"https:\/\/www.europesays.com\/lv\/wp-json\/wp\/v2\/media?parent=51991"}],"wp:term":[{"taxonomy":"category","embeddable":true,"href":"https:\/\/www.europesays.com\/lv\/wp-json\/wp\/v2\/categories?post=51991"},{"taxonomy":"post_tag","embeddable":true,"href":"https:\/\/www.europesays.com\/lv\/wp-json\/wp\/v2\/tags?post=51991"}],"curies":[{"name":"wp","href":"https:\/\/api.w.org\/{rel}","templated":true}]}}