{"id":52068,"date":"2025-11-17T19:26:12","date_gmt":"2025-11-17T19:26:12","guid":{"rendered":"https:\/\/www.europesays.com\/lv\/52068\/"},"modified":"2025-11-17T19:26:12","modified_gmt":"2025-11-17T19:26:12","slug":"gimenes-miklaina-nave-stambula-dzivibu-zaudejis-ari-tevs","status":"publish","type":"post","link":"https:\/\/www.europesays.com\/lv\/52068\/","title":{"rendered":"\u0122imenes m\u012bklain\u0101 n\u0101ve Stambul\u0101: dz\u012bv\u012bbu zaud\u0113jis ar\u012b t\u0113vs"},"content":{"rendered":"<p>\u201cP\u0113c saind\u0113\u0161an\u0101s mirstot m\u0101tei un vi\u0146as diviem b\u0113rniem, ar\u012b t\u0113vs ir miris,\u201d soci\u0101l\u0101 t\u012bkla X profil\u0101 pazi\u0146ojis Stambulas vesel\u012bbas direktor\u0101ta vad\u012bt\u0101js Abulahs Emre Guners.<\/p>\n<p>Tiek nor\u0101d\u012bts, ka tra\u0123\u0113dija notika pag\u0101ju\u0161aj\u0101 ned\u0113\u013c\u0101 \u012bsi p\u0113c tam, kad \u0123imene ierad\u0101s Stambul\u0101 no Hamburgas. Uz Turciju \u0123imene devusies katru gadu sav\u0101 atva\u013cin\u0101jum\u0101. Pagaid\u0101m gan nav zin\u0101ms prec\u012bzs n\u0101ves iemesls.<\/p>\n<p>Izmekl\u0113t\u0101ji pie\u013cauj, ka n\u0101vi var\u0113tu b\u016bt izrais\u012bjusi saind\u0113\u0161an\u0101s ar \u0113dienu. Netiek izsl\u0113gts, ka \u0123imene ieg\u0101d\u0101jusies \u0113dienu no k\u0101da ielu tirgot\u0101ja. Turcijas prezidents Red\u017eeps Tajips Erdogans pirmdien koment\u0113ja tra\u0123\u0113diju sakot, ka izmekl\u0113\u0161ana akt\u012bvi darbojas visos virzienos, lai noteiktu n\u0101ves iemeslu.<\/p>\n<p>Pa\u0161laik gan nav zin\u0101ms par nek\u0101diem pavedieniem. Izmekl\u0113t\u0101ji r\u016bp\u012bgi dokument\u0113ju\u0161i \u0123imenes ce\u013cojuma mar\u0161rutu Stambul\u0101, tostarp \u0113din\u0101\u0161anas iest\u0101\u017eu apmekl\u0113jumus, kuros ir k\u0101ds kebaba restor\u0101ns pie viesn\u012bcas, k\u0101 ar\u012b m\u012bdijas ielas mal\u0101 eso\u0161\u0101 stend\u0101, tom\u0113r secin\u0101jumus par to nevar izdar\u012bt.<\/p>\n<p>Turcijas varasiest\u0101des gan ir aiztur\u0113ju\u0161as vair\u0101kas personas. P\u0113c zi\u0146u a\u0123ent\u016bras \u201cAnadolu\u201d v\u0113st\u012bt\u0101, kopum\u0101 aiztur\u0113ti 11 cilv\u0113ki.<\/p>\n<p>Tr\u012bs apcietin\u0101tie ir divi viesn\u012bcas darbinieki, bet tre\u0161ais bijis iesaist\u012bts kait\u0113k\u013cu izn\u012bd\u0113\u0161anas darbos taj\u0101 pa\u0161\u0101 viesn\u012bc\u0101. \u0160\u012b viesn\u012bca, kur\u0101 bija apmetusies \u0123imene, jau iepriek\u0161 bija non\u0101kusi uzman\u012bbas centr\u0101, kad diviem citiem viesiem bija nepiecie\u0161ama \u0101rst\u0113\u0161ana saist\u012bb\u0101 ar sliktu d\u016b\u0161u un vem\u0161anu. Vi\u0146u dz\u012bv\u012bbai briesmas nedraud.<\/p>\n","protected":false},"excerpt":{"rendered":"\u201cP\u0113c saind\u0113\u0161an\u0101s mirstot m\u0101tei un vi\u0146as diviem b\u0113rniem, ar\u012b t\u0113vs ir miris,\u201d soci\u0101l\u0101 t\u012bkla X profil\u0101 pazi\u0146ojis Stambulas&hellip;\n","protected":false},"author":2,"featured_media":52069,"comment_status":"","ping_status":"","sticky":false,"template":"","format":"standard","meta":{"footnotes":""},"categories":[14],"tags":[23,57,28,29,32,33,22,30,31,35,39,38,36,37,34,40,20,26,27,7845,24,25,2380,54,55,56,21,58],"class_list":{"0":"post-52068","1":"post","2":"type-post","3":"status-publish","4":"format-standard","5":"has-post-thumbnail","7":"category-zinas-no-arvalstim","8":"tag-aktualitates","9":"tag-arvalstim","10":"tag-breaking-news","11":"tag-breakingnews","12":"tag-featured-news","13":"tag-featurednews","14":"tag-headlines","15":"tag-latest-news","16":"tag-latestnews","17":"tag-latvia","18":"tag-latvian","19":"tag-latviesu","20":"tag-latviesu-valoda","21":"tag-latviesuvaloda","22":"tag-latvija","23":"tag-lv","24":"tag-news","25":"tag-popularakas-zinas","26":"tag-popularakaszinas","27":"tag-stambula","28":"tag-top-stories","29":"tag-topstories","30":"tag-turcija","31":"tag-world","32":"tag-world-news","33":"tag-worldnews","34":"tag-zinas","35":"tag-zinas-no-arvalstim"},"share_on_mastodon":{"url":"https:\/\/pubeurope.com\/@lv\/115566685944776938","error":""},"_links":{"self":[{"href":"https:\/\/www.europesays.com\/lv\/wp-json\/wp\/v2\/posts\/52068","targetHints":{"allow":["GET"]}}],"collection":[{"href":"https:\/\/www.europesays.com\/lv\/wp-json\/wp\/v2\/posts"}],"about":[{"href":"https:\/\/www.europesays.com\/lv\/wp-json\/wp\/v2\/types\/post"}],"author":[{"embeddable":true,"href":"https:\/\/www.europesays.com\/lv\/wp-json\/wp\/v2\/users\/2"}],"replies":[{"embeddable":true,"href":"https:\/\/www.europesays.com\/lv\/wp-json\/wp\/v2\/comments?post=52068"}],"version-history":[{"count":0,"href":"https:\/\/www.europesays.com\/lv\/wp-json\/wp\/v2\/posts\/52068\/revisions"}],"wp:featuredmedia":[{"embeddable":true,"href":"https:\/\/www.europesays.com\/lv\/wp-json\/wp\/v2\/media\/52069"}],"wp:attachment":[{"href":"https:\/\/www.europesays.com\/lv\/wp-json\/wp\/v2\/media?parent=52068"}],"wp:term":[{"taxonomy":"category","embeddable":true,"href":"https:\/\/www.europesays.com\/lv\/wp-json\/wp\/v2\/categories?post=52068"},{"taxonomy":"post_tag","embeddable":true,"href":"https:\/\/www.europesays.com\/lv\/wp-json\/wp\/v2\/tags?post=52068"}],"curies":[{"name":"wp","href":"https:\/\/api.w.org\/{rel}","templated":true}]}}