{"id":52133,"date":"2025-11-17T21:10:16","date_gmt":"2025-11-17T21:10:16","guid":{"rendered":"https:\/\/www.europesays.com\/lv\/52133\/"},"modified":"2025-11-17T21:10:16","modified_gmt":"2025-11-17T21:10:16","slug":"mainisies-veids-ka-jaregistre-buves","status":"publish","type":"post","link":"https:\/\/www.europesays.com\/lv\/52133\/","title":{"rendered":"Main\u012bsies veids, k\u0101 j\u0101re\u0123istr\u0113 b\u016bves"},"content":{"rendered":"<p>Saeima, ceturtdien, 13. novembr\u012b, gal\u012bgaj\u0101 las\u012bjuma atbalst\u012bja Tieslietu ministrijas virz\u012btos groz\u012bjumus, kas paredz pak\u0101penisku p\u0101reju uz vienotu b\u016bves re\u0123istr\u0101ciju.<\/p>\n<p class=\"western\">&#8220;\u0160obr\u012bd, lai veiktu b\u016bves re\u0123istr\u0101ciju, ir j\u0101dodas ar iesniegumiem uz trim da\u017e\u0101d\u0101m iest\u0101d\u0113m \u2013 b\u016bvvaldi, zemesgr\u0101matu un kadastru. Tas prasa laiku un resursus, un kopum\u0101 process l\u012bdz \u0161im bijis smagn\u0113js. Turpm\u0101k \u012bpa\u0161nieks var\u0113s sa\u0146emt visus nepiecie\u0161amos pakalpojumus vienuviet. Vienotais b\u016bves re\u0123istr\u0101cijas pakalpojums \u013caus b\u016btiski samazin\u0101t birokr\u0101tisko slogu iedz\u012bvot\u0101jiem un uz\u0146\u0113m\u0113jiem, k\u0101 ar\u012b veicin\u0101s invest\u012bciju piesaisti Lavijai. Tas ir v\u0113l viens sperts solis pret\u012b efekt\u012bvai valsts p\u0101rvaldei, kas nodro\u0161ina pakalpojumus cilv\u0113kam \u0113rt\u0101 un saprotam\u0101 veid\u0101,&#8221; skaidro tieslietu ministre Inese L\u012bbi\u0146a-Egnere (JV).<\/p>\n<p class=\"western\">\u0160obr\u012bd noris darbs pie iest\u0101\u017eu inform\u0101cijas sist\u0113mu piel\u0101go\u0161anas, jo no n\u0101kam\u0101 gada 6. janv\u0101ra vienotais b\u016bves re\u0123istr\u0101cijas process darbosies visos gad\u012bjumos, kad zemes \u012bpa\u0161nieks b\u016bv\u0113 uz sev piedero\u0161as zemes. Tas attieksies gan uz dz\u012bvojamo un sabiedrisko \u0113ku b\u016bvniec\u012bbu, gan in\u017eenierb\u016bv\u0113m, gan ar\u012b daudzdz\u012bvok\u013cu \u0113k\u0101m (s\u0101kotn\u0113ji gan neietverot sadali dz\u012bvok\u013cu \u012bpa\u0161umos). T\u0101pat proces\u0101 tiks iek\u013cauta ar\u012b jaunb\u016bvju re\u0123istr\u0101cija, lai nodro\u0161in\u0101tu iesp\u0113jas sa\u0146emt kred\u012btus un risin\u0101t citus praktiskus jaut\u0101jumus v\u0113l nepabeigt\u0101m b\u016bv\u0113m.<\/p>\n<p class=\"m-0\">Seko &#8220;Delfi&#8221; ar\u012b  <a target=\"_blank\" href=\"https:\/\/www.instagram.com\/delfi.lv\/\" rel=\"nofollow noopener\">Instagram<\/a>  un <a target=\"_blank\" href=\"https:\/\/www.youtube.com\/channel\/UCw5foWtcJvAbUm64rv7jwUQ\" rel=\"nofollow noopener\">YouTube<\/a>  profil\u0101 \u2013 pievienojies, lai uzzin\u0101tu svar\u012bg\u0101ko un interesant\u0101ko pirmais!<\/p>\n<p>Publik\u0101cijas saturs vai t\u0101s jebk\u0101da apjoma da\u013ca ir aizsarg\u0101ts autorties\u012bbu objekts Autorties\u012bbu likuma izpratn\u0113, un t\u0101 izmanto\u0161ana bez izdev\u0113ja at\u013caujas ir aizliegta. Vair\u0101k lasi  <a target=\"_blank\" href=\"https:\/\/www.delfi.lv\/noteikumi#autortiesibas\" rel=\"nofollow noopener\">\u0161eit<\/a><script async src=\"\/\/www.instagram.com\/embed.js\"><\/script><\/p>\n","protected":false},"excerpt":{"rendered":"Saeima, ceturtdien, 13. novembr\u012b, gal\u012bgaj\u0101 las\u012bjuma atbalst\u012bja Tieslietu ministrijas virz\u012btos groz\u012bjumus, kas paredz pak\u0101penisku p\u0101reju uz vienotu b\u016bves&hellip;\n","protected":false},"author":2,"featured_media":52134,"comment_status":"","ping_status":"","sticky":false,"template":"","format":"standard","meta":{"footnotes":""},"categories":[5],"tags":[23,28,29,634,32,33,22,30,31,35,39,38,36,37,34,40,4139,20,26,27,24,25,21],"class_list":{"0":"post-52133","1":"post","2":"type-post","3":"status-publish","4":"format-standard","5":"has-post-thumbnail","7":"category-aktualitates","8":"tag-aktualitates","9":"tag-breaking-news","10":"tag-breakingnews","11":"tag-buvnieciba","12":"tag-featured-news","13":"tag-featurednews","14":"tag-headlines","15":"tag-latest-news","16":"tag-latestnews","17":"tag-latvia","18":"tag-latvian","19":"tag-latviesu","20":"tag-latviesu-valoda","21":"tag-latviesuvaloda","22":"tag-latvija","23":"tag-lv","24":"tag-nekustamais-ipasums","25":"tag-news","26":"tag-popularakas-zinas","27":"tag-popularakaszinas","28":"tag-top-stories","29":"tag-topstories","30":"tag-zinas"},"share_on_mastodon":{"url":"https:\/\/pubeurope.com\/@lv\/115567094866345286","error":""},"_links":{"self":[{"href":"https:\/\/www.europesays.com\/lv\/wp-json\/wp\/v2\/posts\/52133","targetHints":{"allow":["GET"]}}],"collection":[{"href":"https:\/\/www.europesays.com\/lv\/wp-json\/wp\/v2\/posts"}],"about":[{"href":"https:\/\/www.europesays.com\/lv\/wp-json\/wp\/v2\/types\/post"}],"author":[{"embeddable":true,"href":"https:\/\/www.europesays.com\/lv\/wp-json\/wp\/v2\/users\/2"}],"replies":[{"embeddable":true,"href":"https:\/\/www.europesays.com\/lv\/wp-json\/wp\/v2\/comments?post=52133"}],"version-history":[{"count":0,"href":"https:\/\/www.europesays.com\/lv\/wp-json\/wp\/v2\/posts\/52133\/revisions"}],"wp:featuredmedia":[{"embeddable":true,"href":"https:\/\/www.europesays.com\/lv\/wp-json\/wp\/v2\/media\/52134"}],"wp:attachment":[{"href":"https:\/\/www.europesays.com\/lv\/wp-json\/wp\/v2\/media?parent=52133"}],"wp:term":[{"taxonomy":"category","embeddable":true,"href":"https:\/\/www.europesays.com\/lv\/wp-json\/wp\/v2\/categories?post=52133"},{"taxonomy":"post_tag","embeddable":true,"href":"https:\/\/www.europesays.com\/lv\/wp-json\/wp\/v2\/tags?post=52133"}],"curies":[{"name":"wp","href":"https:\/\/api.w.org\/{rel}","templated":true}]}}