{"id":52184,"date":"2025-11-17T22:26:10","date_gmt":"2025-11-17T22:26:10","guid":{"rendered":"https:\/\/www.europesays.com\/lv\/52184\/"},"modified":"2025-11-17T22:26:10","modified_gmt":"2025-11-17T22:26:10","slug":"cina-par-ciles-prezidenta-kreslu-turpinasies-decembri-otraja-karta-hara-pret-kastu","status":"publish","type":"post","link":"https:\/\/www.europesays.com\/lv\/52184\/","title":{"rendered":"C\u012b\u0146a par \u010c\u012bles prezidenta kr\u0113slu turpin\u0101sies decembr\u012b \u2013 otraj\u0101 k\u0101rt\u0101 Hara pret Kastu"},"content":{"rendered":"<p>\u010c\u012bl\u0113 aizvad\u012bta prezidenta v\u0113l\u0113\u0161anu pirm\u0101 k\u0101rta, un, k\u0101 liecina p\u0113c 86,9% balsu saskait\u012b\u0161anas apkopotie rezult\u0101ti, decembr\u012b valstij priek\u0161\u0101 gaid\u0101ma iz\u0161\u0137iro\u0161a duel\u0113\u0161an\u0101s starp diviem pret\u0113ji noska\u0146otiem politiskajiem virzieniem. Otraj\u0101 k\u0101rt\u0101 sav\u0101 starp\u0101 sacent\u012bsies kreiso sp\u0113ku p\u0101rst\u0101ve \u017danete Hara un lab\u0113j\u0101s Republik\u0101\u0146u partijas kandid\u0101ts Hos\u0113 Antonio Kasts.<\/p>\n<p>Kopum\u0101 \u0161aj\u0101s v\u0113l\u0113\u0161an\u0101s start\u0113ja asto\u0146i pretendenti, ta\u010du neviens nesp\u0113ja ieg\u016bt nepiecie\u0161amo balsu vair\u0101kumu uzvarai pirmaj\u0101 k\u0101rt\u0101. <\/p>\n<blockquote><p>Pa\u0161reiz\u0113jais \u010c\u012bles prezidents Gabriels Bori\u010ds uz p\u0101rv\u0113l\u0113\u0161anu kandid\u0113t nevar\u0113ja \u2013 konstit\u016bcija liedz prezidentam ie\u0146emt amatu divus termi\u0146us p\u0113c k\u0101rtas.<\/p><\/blockquote>\n<p>V\u0113l\u0113\u0161anu komisijas dati liecina, ka Hara ieguvusi 26,7% balsu, savuk\u0101rt Kasts \u2013 24,1%. Otr\u0101 k\u0101rta, kur\u0101 tiks noskaidrots n\u0101kamais valsts vad\u012bt\u0101js, paredz\u0113ta 14. decembr\u012b.<\/p>\n<p>Vienlaikus ar prezidenta v\u0113l\u0113\u0161an\u0101m notika ar\u012b parlamenta v\u0113l\u0113\u0161anas \u2013 tika izraudz\u012bti visi apak\u0161pal\u0101tas deput\u0101ti un puse Sen\u0101ta. \u0160aj\u0101s v\u0113l\u0113\u0161an\u0101s galven\u0101s debates bija par ekonomikas att\u012bst\u012bbu, dro\u0161\u012bbas situ\u0101ciju un migr\u0101cijas jaut\u0101jumiem, kas p\u0113d\u0113jos gados k\u013cuvu\u0161i \u012bpa\u0161i aktu\u0101li.<\/p>\n<p>Jaunais \u010c\u012bles prezidents darbu s\u0101ks 11. mart\u0101.<\/p>\n<p>Lasi ar\u012b!<\/p>\n<p>&#13;<br \/>\n&#13;<br \/>\n<a target=\"_blank\" href=\"https:\/\/www.1188.lv\/zinas\/video-death-metal-dziedataja-nakamgad-parstaves-cili-mis-pasaule-skaistumkonkursa\/57493\" rel=\"nofollow noopener\">VIDEO: &#8220;Death metal&#8221; dzied\u0101t\u0101ja n\u0101kamgad p\u0101rst\u0101v\u0113s \u010c\u012bli &#8220;Mis Pasaule&#8221; skaistumkonkurs\u0101<\/a>&#13;<br \/>\n&#13;<br \/>\n<\/p>\n<p><img decoding=\"async\" src=\"https:\/\/www.europesays.com\/lv\/wp-content\/uploads\/2025\/11\/40e69ee4b65e8c8e3069ea8cfd1bdf02.png\" title=\"Foto: AP\/Scanpix; Reuters\/Scanpix\" alt=\"Foto: AP\/Scanpix; Reuters\/Scanpix\"\/><\/p>\n<p class=\"article-img-desc\">Foto: AP\/Scanpix; Reuters\/Scanpix<\/p>\n","protected":false},"excerpt":{"rendered":"\u010c\u012bl\u0113 aizvad\u012bta prezidenta v\u0113l\u0113\u0161anu pirm\u0101 k\u0101rta, un, k\u0101 liecina p\u0113c 86,9% balsu saskait\u012b\u0161anas apkopotie rezult\u0101ti, decembr\u012b valstij priek\u0161\u0101&hellip;\n","protected":false},"author":2,"featured_media":52185,"comment_status":"","ping_status":"","sticky":false,"template":"","format":"standard","meta":{"footnotes":""},"categories":[14],"tags":[129,14296,12874,343,23,57,28,29,32,33,22,30,31,35,39,38,36,37,34,40,20,26,27,12875,344,14297,12876,345,14298,24,25,54,55,56,21,58],"class_list":{"0":"post-52184","1":"post","2":"type-post","3":"status-publish","4":"format-standard","5":"has-post-thumbnail","7":"category-zinas-no-arvalstim","8":"tag-__typenameadvicekeyword","9":"tag-id1533","10":"tag-id1931","11":"tag-id550","12":"tag-aktualitates","13":"tag-arvalstim","14":"tag-breaking-news","15":"tag-breakingnews","16":"tag-featured-news","17":"tag-featurednews","18":"tag-headlines","19":"tag-latest-news","20":"tag-latestnews","21":"tag-latvia","22":"tag-latvian","23":"tag-latviesu","24":"tag-latviesu-valoda","25":"tag-latviesuvaloda","26":"tag-latvija","27":"tag-lv","28":"tag-news","29":"tag-popularakas-zinas","30":"tag-popularakaszinas","31":"tag-slugcile","32":"tag-slugpolija","33":"tag-slugprezidenta-velesanas","34":"tag-titlecile","35":"tag-titlepolija","36":"tag-titleprezidenta-velesanas","37":"tag-top-stories","38":"tag-topstories","39":"tag-world","40":"tag-world-news","41":"tag-worldnews","42":"tag-zinas","43":"tag-zinas-no-arvalstim"},"share_on_mastodon":{"url":"","error":"Validation failed: Text character limit of 500 exceeded"},"_links":{"self":[{"href":"https:\/\/www.europesays.com\/lv\/wp-json\/wp\/v2\/posts\/52184","targetHints":{"allow":["GET"]}}],"collection":[{"href":"https:\/\/www.europesays.com\/lv\/wp-json\/wp\/v2\/posts"}],"about":[{"href":"https:\/\/www.europesays.com\/lv\/wp-json\/wp\/v2\/types\/post"}],"author":[{"embeddable":true,"href":"https:\/\/www.europesays.com\/lv\/wp-json\/wp\/v2\/users\/2"}],"replies":[{"embeddable":true,"href":"https:\/\/www.europesays.com\/lv\/wp-json\/wp\/v2\/comments?post=52184"}],"version-history":[{"count":0,"href":"https:\/\/www.europesays.com\/lv\/wp-json\/wp\/v2\/posts\/52184\/revisions"}],"wp:featuredmedia":[{"embeddable":true,"href":"https:\/\/www.europesays.com\/lv\/wp-json\/wp\/v2\/media\/52185"}],"wp:attachment":[{"href":"https:\/\/www.europesays.com\/lv\/wp-json\/wp\/v2\/media?parent=52184"}],"wp:term":[{"taxonomy":"category","embeddable":true,"href":"https:\/\/www.europesays.com\/lv\/wp-json\/wp\/v2\/categories?post=52184"},{"taxonomy":"post_tag","embeddable":true,"href":"https:\/\/www.europesays.com\/lv\/wp-json\/wp\/v2\/tags?post=52184"}],"curies":[{"name":"wp","href":"https:\/\/api.w.org\/{rel}","templated":true}]}}