{"id":52204,"date":"2025-11-17T23:24:07","date_gmt":"2025-11-17T23:24:07","guid":{"rendered":"https:\/\/www.europesays.com\/lv\/52204\/"},"modified":"2025-11-17T23:24:07","modified_gmt":"2025-11-17T23:24:07","slug":"elizabete-gaile-atgriezas-ar-miera-ielas-turpinajumu-jauna-albuma-lente-lv","status":"publish","type":"post","link":"https:\/\/www.europesays.com\/lv\/52204\/","title":{"rendered":"Elizabete Gaile atgrie\u017eas ar &#8220;Miera ielas&#8221; turpin\u0101jumu jaun\u0101 album\u0101\u00a0\u2014\u00a0Lente.lv"},"content":{"rendered":"<p>Elizabetes Gaile jaunaj\u0101 album\u0101 atdz\u012bvojas ar Miera ielas st\u0101stu<\/p>\n<p>Elizabete Gaile, talant\u012bg\u0101 dzied\u0101t\u0101ja un dziesmu autore, ir laidusi klaj\u0101 savu debijas albumu, kas ir r\u016bp\u012bgi veidots p\u0113d\u0113jo p\u0101ris gadu laik\u0101 un ietver desmit jaunrades darbus. \u0160is muzik\u0101lais ce\u013cojums atkl\u0101j Gaile m\u0101ksliniecisko briedumu un dzi\u013co emocion\u0101lo pasauli. Albuma centr\u0101lais singls, dziesma \u201cPietura pie Laimas\u201d, ir ne tikai muzik\u0101ls ska\u0146darbs, bet ar\u012b st\u0101sts, kas turpina iepriek\u0161\u0113j\u0101s dziesmas \u201cMiera iela\u201d ies\u0101kto narat\u012bvu, pied\u0101v\u0101jot m\u016bsdien\u012bgu skat\u012bjumu uz laiku un attiec\u012bb\u0101m.<\/p>\n<p>Miera ielas fenomena turpin\u0101jums<\/p>\n<p>\u201cPietura pie Laimas\u201d nav glu\u017ei jauna dziesma, bet gan gaid\u012bts turpin\u0101jums Elizabetes Gaile jau iepriek\u0161 rad\u012btajam h\u012btam \u201cMiera iela\u201d. \u0160oreiz dziesmas nosaukums tie\u0161i nor\u0101da uz t\u0101s saist\u012bbu ar iepriek\u0161\u0113jo darbu, pied\u0101v\u0101jot klaus\u012bt\u0101jiem atgriezties jau iepaz\u012btaj\u0101 emocion\u0101laj\u0101 telp\u0101, bet no jaunas, nobriedu\u0161\u0101kas perspekt\u012bvas. Jaun\u0101 dziesma ir k\u0101 tilts starp pag\u0101tni un tagadni, \u013caujot izjust laika rit\u0113jumu un t\u0101 ietekmi uz cilv\u0113ka dz\u012bvi un saj\u016bt\u0101m. \u0160is pieg\u0101jiens \u013cauj klaus\u012bt\u0101jiem dzi\u013c\u0101k savienoties ar m\u0101kslinieces rad\u012bto st\u0101stu, izj\u016btot personisku rezonansi ar dziesmas v\u0113st\u012bjumu.<\/p>\n<p>Albuma daudzveid\u012bba un emocion\u0101lais spektrs<\/p>\n<p>Debijas albums pied\u0101v\u0101 klaus\u012bt\u0101jiem bag\u0101t\u012bgu un daudzpus\u012bgu muzik\u0101lu pieredzi. Desmit dziesmas atkl\u0101j Elizabetes Gaile sp\u0113ju p\u0101rvietoties starp da\u017e\u0101diem muzik\u0101liem \u017eanriem un emocion\u0101lajiem st\u0101vok\u013ciem, radot gan int\u012bmus, gan ener\u0123iskus ska\u0146darbus. Katra dziesma ir k\u0101 neliela aina no dz\u012bves, kas ar savu ori\u0123inalit\u0101ti un dzi\u013cumu sp\u0113j aizkustin\u0101t un iedvesmot. Albuma kopums ir r\u016bp\u012bgi izpl\u0101nots, nodro\u0161inot pl\u016bsto\u0161u un saisto\u0161u klaus\u012b\u0161an\u0101s pieredzi, kur\u0101 katrs ska\u0146darbs papildina citu, veidojot vienotu un sp\u0113c\u012bgu m\u0101ksliniecisku v\u0113st\u012bjumu.<\/p>\n<p>Elizabetes Gaile rado\u0161ais process un iedvesmas avoti<\/p>\n<p>Elizabetes Gaile rado\u0161ais process ir cie\u0161i saist\u012bts ar person\u012bgo pieredzi un nov\u0113rojumiem. Vi\u0146as dziesmas bie\u017ei vien ir balst\u012btas uz re\u0101l\u0101m dz\u012bves situ\u0101cij\u0101m, p\u0101rdom\u0101m un j\u016bt\u0101m, kas \u013cauj t\u0101m b\u016bt tik atpaz\u012bstam\u0101m un dzi\u013ci aizkustino\u0161\u0101m. \u201cMiera ielas\u201d tematika, kas atspogu\u013cojas ar\u012b jaunaj\u0101 singl\u0101 \u201cPietura pie Laimas\u201d, liecina par m\u0101kslinieces sp\u0113ju izmantot ikdieni\u0161\u0137as ainas un p\u0101rv\u0113rst t\u0101s univers\u0101los st\u0101stos par m\u012blest\u012bbu, zaud\u0113jumu, cer\u012bbu un pieaug\u0161anu. \u0160\u012b autentiskums un sp\u0113ja iel\u016bkoties cilv\u0113cisk\u0101s dv\u0113seles dzi\u013cumos ir tas, kas padara Elizabetes Gaile m\u016bziku \u012bpa\u0161u un pievilc\u012bgu pla\u0161ai auditorijai.<\/p>\n<p>M\u016bsdienu m\u016bzikas ain\u0101<\/p>\n<p>Elizabetes Gaile debijas albums un jaunais singls ir noz\u012bm\u012bgs notikums Latvijas m\u016bzikas vid\u0113. T\u0101 ir k\u0101 svaiga gaisa elpa, kas atnes jaunus skan\u0113jumus un ori\u0123in\u0101lus st\u0101stus. Ar savu talantu un unik\u0101lo rokrakstu Elizabete Gaile sp\u0113j iekarot klaus\u012bt\u0101ju sirdis un apliecin\u0101t sevi k\u0101 vienu no daudzsolo\u0161\u0101kaj\u0101m jaunaj\u0101m latvie\u0161u m\u0101ksliniec\u0113m. Vi\u0146as m\u016bzika ir k\u0101 atspulgs m\u016bsdienu sabiedr\u012bbas v\u0113rt\u012bb\u0101m un izaicin\u0101jumiem, pied\u0101v\u0101jot gan izklaidi, gan ar\u012b dzi\u013c\u0101ku p\u0101rdomu materi\u0101lu.<\/p>\n","protected":false},"excerpt":{"rendered":"Elizabetes Gaile jaunaj\u0101 album\u0101 atdz\u012bvojas ar Miera ielas st\u0101stu Elizabete Gaile, talant\u012bg\u0101 dzied\u0101t\u0101ja un dziesmu autore, ir laidusi&hellip;\n","protected":false},"author":2,"featured_media":52205,"comment_status":"","ping_status":"","sticky":false,"template":"","format":"standard","meta":{"footnotes":""},"categories":[19],"tags":[304,12912,89,90,35,39,38,194,36,37,34,40,14300,14299],"class_list":{"0":"post-52204","1":"post","2":"type-post","3":"status-publish","4":"format-standard","5":"has-post-thumbnail","7":"category-izklaide","8":"tag-debijas-albums","9":"tag-elizabete-gaile","10":"tag-entertainment","11":"tag-izklaide","12":"tag-latvia","13":"tag-latvian","14":"tag-latviesu","15":"tag-latviesu-muzika","16":"tag-latviesu-valoda","17":"tag-latviesuvaloda","18":"tag-latvija","19":"tag-lv","20":"tag-miera-iela","21":"tag-pietura-pie-laimas"},"share_on_mastodon":{"url":"https:\/\/pubeurope.com\/@lv\/115567621795244257","error":""},"_links":{"self":[{"href":"https:\/\/www.europesays.com\/lv\/wp-json\/wp\/v2\/posts\/52204","targetHints":{"allow":["GET"]}}],"collection":[{"href":"https:\/\/www.europesays.com\/lv\/wp-json\/wp\/v2\/posts"}],"about":[{"href":"https:\/\/www.europesays.com\/lv\/wp-json\/wp\/v2\/types\/post"}],"author":[{"embeddable":true,"href":"https:\/\/www.europesays.com\/lv\/wp-json\/wp\/v2\/users\/2"}],"replies":[{"embeddable":true,"href":"https:\/\/www.europesays.com\/lv\/wp-json\/wp\/v2\/comments?post=52204"}],"version-history":[{"count":0,"href":"https:\/\/www.europesays.com\/lv\/wp-json\/wp\/v2\/posts\/52204\/revisions"}],"wp:featuredmedia":[{"embeddable":true,"href":"https:\/\/www.europesays.com\/lv\/wp-json\/wp\/v2\/media\/52205"}],"wp:attachment":[{"href":"https:\/\/www.europesays.com\/lv\/wp-json\/wp\/v2\/media?parent=52204"}],"wp:term":[{"taxonomy":"category","embeddable":true,"href":"https:\/\/www.europesays.com\/lv\/wp-json\/wp\/v2\/categories?post=52204"},{"taxonomy":"post_tag","embeddable":true,"href":"https:\/\/www.europesays.com\/lv\/wp-json\/wp\/v2\/tags?post=52204"}],"curies":[{"name":"wp","href":"https:\/\/api.w.org\/{rel}","templated":true}]}}