{"id":52251,"date":"2025-11-18T01:36:50","date_gmt":"2025-11-18T01:36:50","guid":{"rendered":"https:\/\/www.europesays.com\/lv\/52251\/"},"modified":"2025-11-18T01:36:50","modified_gmt":"2025-11-18T01:36:50","slug":"zinu-ka-ir-menesiem-gulet-nekustigi-pamperos-lente-lv","status":"publish","type":"post","link":"https:\/\/www.europesays.com\/lv\/52251\/","title":{"rendered":"\u201cZinu, k\u0101 ir m\u0113ne\u0161iem gul\u0113t nekust\u012bgi pamperos\u201d\u00a0\u2014\u00a0Lente.lv"},"content":{"rendered":"<p>Atgrie\u0161an\u0101s p\u0113c slim\u012bbas<\/p>\n<p>Biju\u0161ais kult\u016bras ministrs un paz\u012bstamais m\u016bzi\u0137is Nauris Puntulis ir atgriezies sabiedriskaj\u0101 un politiskaj\u0101 dz\u012bv\u0113 p\u0113c ilgas un smagas c\u012b\u0146as ar vesel\u012bbas probl\u0113m\u0101m. Gandr\u012bz pusgadu vi\u0146\u0161 bija prom no darba, izlai\u017eot liel\u0101ko da\u013cu Saeimas s\u0113\u017eu un ar\u012b savu akt\u012bvo darb\u012bbu soci\u0101lajos t\u012bklos. \u0160obr\u012bd, kad vesel\u012bba ir uzlabojusies, Puntulis ats\u0101cis gan savas muzik\u0101l\u0101s aktivit\u0101tes, gan atgriezies politiskaj\u0101 darb\u0101, lai gan vizu\u0101li ir man\u0101mi main\u012bjies. Vi\u0146\u0161 pats atz\u012bst, ka piedz\u012bvotais bijis \u013coti gr\u016bts, ta\u010du tagad raug\u0101s tikai uz priek\u0161u ar jaunu sparu.<\/p>\n<p>Atskatoties uz slim\u012bbas laik\u0101 piedz\u012bvoto<\/p>\n<p>Nauris Puntulis intervij\u0101 izdevumam \u201cSanta.lv\u201d atkl\u0101jis, cik smaga bijusi vi\u0146a c\u012b\u0146a ar slim\u012bbu. Vi\u0146\u0161 st\u0101sta par m\u0113ne\u0161iem, kas pavad\u012bti, gu\u013cot nekust\u012bgs slim\u012bbas gult\u0101. Tas bijis laiks, kas piepild\u012bts ar bezgal\u012bg\u0101m nakt\u012bm, kad miega viet\u0101 n\u0101cies m\u0113\u0123in\u0101t iekustin\u0101t katru \u0137erme\u0146a da\u013cu, s\u0101kot ar rok\u0101m un tad k\u0101j\u0101m. Puntulis atkl\u0101ti dal\u012bjies, ka vi\u0146\u0161 tagad \u201czina, k\u0101 ir m\u0113ne\u0161iem gul\u0113t nekust\u012bgi pamperos, k\u0101 ir b\u016bt iesl\u0113gtam rati\u0146kr\u0113sl\u0101 bez cer\u012bbas no t\u0101 piecelties.\u201d \u0160\u012b pieredze, lai gan \u0101rk\u0101rt\u012bgi smaga, ir devusi vi\u0146am jaunu perspekt\u012bvu un sp\u0113ju nov\u0113rt\u0113t dz\u012bvi cit\u0101d\u0101k. Vi\u0146\u0161 uzsv\u0113ris, ka p\u0101rdz\u012bvotais ir kaut kas, ko vi\u0146\u0161 nev\u0113las atmin\u0113ties, bet gan raudz\u012bties n\u0101kotn\u0113.<\/p>\n<p>Atgrie\u0161an\u0101s uz skatuves un politiskaj\u0101 ar\u0113n\u0101<\/p>\n<p>P\u0113c atvese\u013co\u0161an\u0101s Nauris Puntulis ir pilns ap\u0146\u0113m\u012bbas un spara. Vi\u0146\u0161 jau ir uzs\u0101cis savas muzik\u0101l\u0101s gaitas, uzst\u0101joties kop\u0101 ar grupu \u201cP\u0113rkons\u201d un piedaloties da\u017e\u0101dos koncertos, piem\u0113ram, pas\u0101kum\u0101 \u201cMikrofona aptaujai 55\u201d. T\u0101pat vi\u0146\u0161 ir atgriezies politiskaj\u0101 darb\u0101 Saeim\u0101. Puntulis ir man\u0101mi main\u012bjies vizu\u0101li, ta\u010du vi\u0146a iek\u0161\u0113jais sp\u0113ks un v\u0113lme darboties ir nemain\u012bga. Vi\u0146a politisk\u0101 darb\u012bba turpin\u0101s, p\u0101rst\u0101vot Nacion\u0101lo apvien\u012bbu, un nesenais balsojums par Stambulas konvencijas atcel\u0161anu izrais\u012bjis diskusijas, ta\u010du Puntulis nor\u0101da, ka politiskais sp\u0113ks savu nost\u0101ju nav sl\u0113pis. \u0160aj\u0101 sare\u017e\u0123\u012btaj\u0101 laik\u0101 vi\u0146\u0101 sadz\u012bvo gan emocion\u0101ls m\u0101kslinieks, gan pieredz\u0113jis politi\u0137is.<\/p>\n<p>Nauris Puntulis \u2013 daudzpus\u012bga person\u012bba<\/p>\n<p>Nauris Puntulis ir sabiedr\u012bb\u0101 paz\u012bstams k\u0101 talant\u012bgs m\u016bzi\u0137is un politi\u0137is. Vi\u0146\u0161 ir bijis Latvijas Nacion\u0101l\u0101s operas un baleta solists, k\u0101 ar\u012b paz\u012bstams k\u0101 grupas \u201cP\u0113rkons\u201d vok\u0101lists. Sav\u0101 politiskaj\u0101 karjer\u0101 vi\u0146\u0161 ir bijis kult\u016bras ministrs un R\u012bgas domes deput\u0101ts. Vi\u0146a daudzpus\u012bba un sp\u0113ja apvienot m\u0101kslu ar politiku padara vi\u0146u par noz\u012bm\u012bgu person\u012bbu Latvijas sabiedr\u012bb\u0101. Lai gan vi\u0146\u0161 atz\u012bst, ka politika prasa daudz un ir zaud\u0113ti da\u017ei draugi laika tr\u016bkuma d\u0113\u013c, Puntulis turpina akt\u012bvi darboties, pier\u0101dot savu iztur\u012bbu un v\u0113lmi sniegt ieguld\u012bjumu.<\/p>\n","protected":false},"excerpt":{"rendered":"Atgrie\u0161an\u0101s p\u0113c slim\u012bbas Biju\u0161ais kult\u016bras ministrs un paz\u012bstamais m\u016bzi\u0137is Nauris Puntulis ir atgriezies sabiedriskaj\u0101 un politiskaj\u0101 dz\u012bv\u0113 p\u0113c&hellip;\n","protected":false},"author":2,"featured_media":52252,"comment_status":"","ping_status":"","sticky":false,"template":"","format":"standard","meta":{"footnotes":""},"categories":[19],"tags":[2018,89,90,35,39,38,36,37,34,40,1197,11330,14319,8001,3089],"class_list":{"0":"post-52251","1":"post","2":"type-post","3":"status-publish","4":"format-standard","5":"has-post-thumbnail","7":"category-izklaide","8":"tag-atgriesanas","9":"tag-entertainment","10":"tag-izklaide","11":"tag-latvia","12":"tag-latvian","13":"tag-latviesu","14":"tag-latviesu-valoda","15":"tag-latviesuvaloda","16":"tag-latvija","17":"tag-lv","18":"tag-muzikis","19":"tag-nauris-puntulis","20":"tag-politikas","21":"tag-smaga-slimiba","22":"tag-veselibas-problemas"},"share_on_mastodon":{"url":"https:\/\/pubeurope.com\/@lv\/115568144752979635","error":""},"_links":{"self":[{"href":"https:\/\/www.europesays.com\/lv\/wp-json\/wp\/v2\/posts\/52251","targetHints":{"allow":["GET"]}}],"collection":[{"href":"https:\/\/www.europesays.com\/lv\/wp-json\/wp\/v2\/posts"}],"about":[{"href":"https:\/\/www.europesays.com\/lv\/wp-json\/wp\/v2\/types\/post"}],"author":[{"embeddable":true,"href":"https:\/\/www.europesays.com\/lv\/wp-json\/wp\/v2\/users\/2"}],"replies":[{"embeddable":true,"href":"https:\/\/www.europesays.com\/lv\/wp-json\/wp\/v2\/comments?post=52251"}],"version-history":[{"count":0,"href":"https:\/\/www.europesays.com\/lv\/wp-json\/wp\/v2\/posts\/52251\/revisions"}],"wp:featuredmedia":[{"embeddable":true,"href":"https:\/\/www.europesays.com\/lv\/wp-json\/wp\/v2\/media\/52252"}],"wp:attachment":[{"href":"https:\/\/www.europesays.com\/lv\/wp-json\/wp\/v2\/media?parent=52251"}],"wp:term":[{"taxonomy":"category","embeddable":true,"href":"https:\/\/www.europesays.com\/lv\/wp-json\/wp\/v2\/categories?post=52251"},{"taxonomy":"post_tag","embeddable":true,"href":"https:\/\/www.europesays.com\/lv\/wp-json\/wp\/v2\/tags?post=52251"}],"curies":[{"name":"wp","href":"https:\/\/api.w.org\/{rel}","templated":true}]}}