{"id":52316,"date":"2025-11-18T04:40:08","date_gmt":"2025-11-18T04:40:08","guid":{"rendered":"https:\/\/www.europesays.com\/lv\/52316\/"},"modified":"2025-11-18T04:40:08","modified_gmt":"2025-11-18T04:40:08","slug":"autovaditaju-ieveribai-sorit-vietam-autoceli-sniegoti-un-apledo-strada-56-ziemas-tehnikas-vienibas","status":"publish","type":"post","link":"https:\/\/www.europesays.com\/lv\/52316\/","title":{"rendered":"Autovad\u012bt\u0101ju iev\u0113r\u012bbai: \u0161or\u012bt viet\u0101m autoce\u013ci sniegoti un apledo, str\u0101d\u0101 56 \u00a0ziemas tehnikas vien\u012bbas\u00a0"},"content":{"rendered":"<p>\u0160or\u012bt uz plkst. 6.30 apledojums daudzviet apgr\u016btina brauk\u0161anu pa valsts galvenajiem un re\u0123ion\u0101lajiem autoce\u013ciem. Slidenos ce\u013ca posmus apstr\u0101d\u0101 ar pretsl\u012bdes materi\u0101liem. Lai uzlabotu brauk\u0161anas apst\u0101k\u013cus, ce\u013cu uztur\u0113\u0161anas darbos iesaist\u012btas 56 ziemas dienesta tehnikas vien\u012bbas.<\/p>\n<p>Apgr\u016btin\u0101ti brauk\u0161anas apst\u0101k\u013ci uz valsts galvenajiem autoce\u013ciem:<\/p>\n<ul class=\"red-bullets\">\n<li>Tallinas \u0161oseja (A1) posm\u0101 no R\u012bgas l\u012bdz Saulkrastiem;<\/li>\n<li>Vidzemes \u0161oseja (A2) posm\u0101 no R\u012bgas l\u012bdz L\u012bgatnei un no Vire\u0161iem l\u012bdz Veclaicenei;<\/li>\n<li>Valmieras \u0161oseja (A3) posm\u0101 no Murj\u0101\u0146iem l\u012bdz Lielstraupei un no Stalbes l\u012bdz Valkai;<\/li>\n<li>R\u012bgas apvedce\u013c\u0161 (Salaspils-Bab\u012bte) (A5) vis\u0101 posm\u0101;<\/li>\n<li>Daugavpils \u0161oseja (A6) posm\u0101 no Salaspils l\u012bdz Jaunjelgavai;<\/li>\n<li>Bauskas \u0161oseja (A7) vis\u0101 posm\u0101;<\/li>\n<li>Jelgavas \u0161oseja (A8) posm\u0101 no R\u012bgas l\u012bdz Dalbei;<\/li>\n<li>Liep\u0101jas \u0161oseja (A9) posm\u0101 no R\u012bgas l\u012bdz Ka\u0123iem un no Ap\u0161upes krustojuma l\u012bdz Liep\u0101jai;<\/li>\n<li>Ventspils \u0161oseja (A10) vis\u0101 posm\u0101;<\/li>\n<li>Liep\u0101ja-Lietuvas robe\u017ea(Rucava) (A11) vis\u0101 posm\u0101;<\/li>\n<\/ul>\n<p>Uz re\u0123ion\u0101lajiem autoce\u013ciem apgr\u016btin\u0101ta brauk\u0161ana ir Ventspils, Talsu, Kuld\u012bgas, Tukuma, Saldus, Dobeles, Bauskas, R\u012bgas, Ogres, Limba\u017eu, Valmieras, Gulbenes, Balvu, Al\u016bksnes, Valkas un Kr\u0101slavas apk\u0101rtn\u0113. <\/p>\n<p>Atg\u0101din\u0101m, ka no 1. decembra l\u012bdz 1. martam \u2013 \u00a0automobi\u013cu un autobusu, kuru pilna masa nep\u0101rsniedz 3,5 tonnas, rite\u0146iem j\u0101b\u016bt apr\u012bkotiem ar ziemas riep\u0101m, kas \u012bpa\u0161i konstru\u0113tas izmanto\u0161anai sniega vai ledus apst\u0101k\u013cos un mar\u0137\u0113tas ar apz\u012bm\u0113jumu \u201ckalns un sniegp\u0101rsli\u0146a\u201d.<\/p>\n<p>Ar brauk\u0161anas apst\u0101k\u013ciem valsts ce\u013cu t\u012bkl\u0101 ikviens var iepaz\u012bties kart\u0113 VSIA Latvijas Valsts ce\u013ci (LVC) m\u0101jaslap\u0101 <a href=\"http:\/\/www.lvceli.lv\" rel=\"nofollow noopener\" target=\"_blank\">www.lvceli.lv<\/a>.<\/p>\n<p>Par apgr\u016btin\u0101tiem brauk\u0161anas apst\u0101k\u013ciem vai citiem ar satiksmi un ce\u013cu st\u0101vokli saist\u012btiem nov\u0113rojumiem aicin\u0101m inform\u0113t VSIA Latvijas Valsts ce\u013ci, zvanot uz diennakts bezmaksas informat\u012bvo t\u0101lruni 80005555, k\u0101 ar\u012b uz\u0146\u0113muma kontos soci\u0101l\u0101s sazi\u0146as t\u012bklos <a href=\"https:\/\/x.com\/LVceli\" rel=\"nofollow\">X<\/a> un <a href=\"https:\/\/www.facebook.com\/LVCELI\/\" rel=\"nofollow noopener\" target=\"_blank\">Facebook<\/a>.\u00a0\u00a0<\/p>\n<p>Inform\u0101ciju sagatavoja VSIA Latvijas Valsts ce\u013ci Komunik\u0101cijas da\u013ca un Satiksmes inform\u0101cijas centrs.<\/p>\n","protected":false},"excerpt":{"rendered":"\u0160or\u012bt uz plkst. 6.30 apledojums daudzviet apgr\u016btina brauk\u0161anu pa valsts galvenajiem un re\u0123ion\u0101lajiem autoce\u013ciem. Slidenos ce\u013ca posmus apstr\u0101d\u0101&hellip;\n","protected":false},"author":2,"featured_media":52317,"comment_status":"","ping_status":"","sticky":false,"template":"","format":"standard","meta":{"footnotes":""},"categories":[12],"tags":[23,14093,28,29,32,33,22,30,31,35,39,38,36,37,34,40,20,26,27,24,25,21],"class_list":{"0":"post-52316","1":"post","2":"type-post","3":"status-publish","4":"format-standard","5":"has-post-thumbnail","7":"category-latvija","8":"tag-aktualitates","9":"tag-brauksanas-apstakli","10":"tag-breaking-news","11":"tag-breakingnews","12":"tag-featured-news","13":"tag-featurednews","14":"tag-headlines","15":"tag-latest-news","16":"tag-latestnews","17":"tag-latvia","18":"tag-latvian","19":"tag-latviesu","20":"tag-latviesu-valoda","21":"tag-latviesuvaloda","22":"tag-latvija","23":"tag-lv","24":"tag-news","25":"tag-popularakas-zinas","26":"tag-popularakaszinas","27":"tag-top-stories","28":"tag-topstories","29":"tag-zinas"},"share_on_mastodon":{"url":"https:\/\/pubeurope.com\/@lv\/115568864401184383","error":""},"_links":{"self":[{"href":"https:\/\/www.europesays.com\/lv\/wp-json\/wp\/v2\/posts\/52316","targetHints":{"allow":["GET"]}}],"collection":[{"href":"https:\/\/www.europesays.com\/lv\/wp-json\/wp\/v2\/posts"}],"about":[{"href":"https:\/\/www.europesays.com\/lv\/wp-json\/wp\/v2\/types\/post"}],"author":[{"embeddable":true,"href":"https:\/\/www.europesays.com\/lv\/wp-json\/wp\/v2\/users\/2"}],"replies":[{"embeddable":true,"href":"https:\/\/www.europesays.com\/lv\/wp-json\/wp\/v2\/comments?post=52316"}],"version-history":[{"count":0,"href":"https:\/\/www.europesays.com\/lv\/wp-json\/wp\/v2\/posts\/52316\/revisions"}],"wp:featuredmedia":[{"embeddable":true,"href":"https:\/\/www.europesays.com\/lv\/wp-json\/wp\/v2\/media\/52317"}],"wp:attachment":[{"href":"https:\/\/www.europesays.com\/lv\/wp-json\/wp\/v2\/media?parent=52316"}],"wp:term":[{"taxonomy":"category","embeddable":true,"href":"https:\/\/www.europesays.com\/lv\/wp-json\/wp\/v2\/categories?post=52316"},{"taxonomy":"post_tag","embeddable":true,"href":"https:\/\/www.europesays.com\/lv\/wp-json\/wp\/v2\/tags?post=52316"}],"curies":[{"name":"wp","href":"https:\/\/api.w.org\/{rel}","templated":true}]}}