{"id":52318,"date":"2025-11-18T04:41:13","date_gmt":"2025-11-18T04:41:13","guid":{"rendered":"https:\/\/www.europesays.com\/lv\/52318\/"},"modified":"2025-11-18T04:41:13","modified_gmt":"2025-11-18T04:41:13","slug":"pec-sunu-nosausanas-skandala-bauskas-pasvaldibas-policijai-mekle-jaunu-prieksnieku","status":"publish","type":"post","link":"https:\/\/www.europesays.com\/lv\/52318\/","title":{"rendered":"P\u0113c su\u0146u no\u0161au\u0161anas skand\u0101la Bauskas pa\u0161vald\u012bbas policijai mekl\u0113 jaunu priek\u0161nieku"},"content":{"rendered":"<p>Pretendentiem izvirz\u012bta virkne pras\u012bbu, tostarp nevainojama reput\u0101cija, \u013coti labas saskarsmes un komunik\u0101cijas prasmes un prasmes konfliktu nov\u0113r\u0161an\u0101 un risin\u0101\u0161an\u0101, k\u0101 ar\u012b sp\u0113ja operat\u012bvi r\u012bkoties paaugstin\u0101tas psiholo\u0123isk\u0101s slodzes un stresa apst\u0101k\u013cos.<\/p>\n<p>Priek\u0161niekam tiek sol\u012bts 2136 eiro atalgojums, uzturdevas kompens\u0101cija 400 eiro apm\u0113r\u0101 un vesel\u012bbas apdro\u0161in\u0101\u0161ana p\u0113c p\u0101rbaudes laika beig\u0101m.<\/p>\n<p>Pieteikumi konkurs\u0101 j\u0101iesniedz l\u012bdz 4. decembrim. Pirmaj\u0101 k\u0101rt\u0101 komisija nov\u0113rt\u0113s pretendentu atbilst\u012bbu izvirz\u012btaj\u0101m pras\u012bb\u0101m atbilsto\u0161i iesniegtajiem dokumentiem, bet otraj\u0101 k\u0101rt\u0101 paredz\u0113tas intervijas.<\/p>\n<p>Jau zi\u0146ots, ka \u0161ogad 10. oktobr\u012b, p\u0113c Bauskas novada pa\u0161vald\u012bb\u0101 skaidrot\u0101, novada pa\u0161vald\u012bbas policija sa\u0146\u0113ma izsaukumu par tr\u012bs agres\u012bvi noska\u0146otiem klai\u0146ojo\u0161iem su\u0146iem, kuri priv\u0101t\u012bpa\u0161um\u0101 Bauskas novada Brunavas pagast\u0101 apdraud\u0113ja saimnieci. Pa\u0161vald\u012bbas policijas de\u017e\u016brda\u013ca sazin\u0101j\u0101s ar &#8220;Dz\u012bvnieku gl\u0101b\u0161anas dienestu&#8221; &#8211; dz\u012bvnieku \u0137\u0113r\u0101jiem, ta\u010du mednieku kolekt\u012bva p\u0101rst\u0101vis esot ieradies pirms dz\u012bvnieku \u0137\u0113r\u0101jiem un su\u0146us no\u0161\u0101vis.<\/p>\n<p>Par notiku\u0161o Valsts policij\u0101 (VP) s\u0101kts krimin\u0101lprocess p\u0113c Krimin\u0101llikuma 230. panta 2. da\u013cas par cietsird\u012bgu iztur\u0113\u0161anos pret dz\u012bvniekiem. Par \u0161\u0101du nodar\u012bjumu var sod\u012bt ar br\u012bv\u012bbas at\u0146em\u0161anu uz laiku l\u012bdz pieciem gadiem, \u012bslaic\u012bgu br\u012bv\u012bbas at\u0146em\u0161anu vai prob\u0101cijas uzraudz\u012bbu, at\u0146emot ties\u012bbas uz noteiktu vai visu sugu dz\u012bvnieku tur\u0113\u0161anu uz laiku l\u012bdz pieciem gadiem.<\/p>\n","protected":false},"excerpt":{"rendered":"Pretendentiem izvirz\u012bta virkne pras\u012bbu, tostarp nevainojama reput\u0101cija, \u013coti labas saskarsmes un komunik\u0101cijas prasmes un prasmes konfliktu nov\u0113r\u0161an\u0101 un&hellip;\n","protected":false},"author":2,"featured_media":52319,"comment_status":"","ping_status":"","sticky":false,"template":"","format":"standard","meta":{"footnotes":""},"categories":[5],"tags":[23,6548,28,29,32,33,22,30,31,35,39,38,36,37,34,40,13068,20,26,27,24,25,21],"class_list":{"0":"post-52318","1":"post","2":"type-post","3":"status-publish","4":"format-standard","5":"has-post-thumbnail","7":"category-aktualitates","8":"tag-aktualitates","9":"tag-bauska","10":"tag-breaking-news","11":"tag-breakingnews","12":"tag-featured-news","13":"tag-featurednews","14":"tag-headlines","15":"tag-latest-news","16":"tag-latestnews","17":"tag-latvia","18":"tag-latvian","19":"tag-latviesu","20":"tag-latviesu-valoda","21":"tag-latviesuvaloda","22":"tag-latvija","23":"tag-lv","24":"tag-modra-olas","25":"tag-news","26":"tag-popularakas-zinas","27":"tag-popularakaszinas","28":"tag-top-stories","29":"tag-topstories","30":"tag-zinas"},"share_on_mastodon":{"url":"https:\/\/pubeurope.com\/@lv\/115568868270952722","error":""},"_links":{"self":[{"href":"https:\/\/www.europesays.com\/lv\/wp-json\/wp\/v2\/posts\/52318","targetHints":{"allow":["GET"]}}],"collection":[{"href":"https:\/\/www.europesays.com\/lv\/wp-json\/wp\/v2\/posts"}],"about":[{"href":"https:\/\/www.europesays.com\/lv\/wp-json\/wp\/v2\/types\/post"}],"author":[{"embeddable":true,"href":"https:\/\/www.europesays.com\/lv\/wp-json\/wp\/v2\/users\/2"}],"replies":[{"embeddable":true,"href":"https:\/\/www.europesays.com\/lv\/wp-json\/wp\/v2\/comments?post=52318"}],"version-history":[{"count":0,"href":"https:\/\/www.europesays.com\/lv\/wp-json\/wp\/v2\/posts\/52318\/revisions"}],"wp:featuredmedia":[{"embeddable":true,"href":"https:\/\/www.europesays.com\/lv\/wp-json\/wp\/v2\/media\/52319"}],"wp:attachment":[{"href":"https:\/\/www.europesays.com\/lv\/wp-json\/wp\/v2\/media?parent=52318"}],"wp:term":[{"taxonomy":"category","embeddable":true,"href":"https:\/\/www.europesays.com\/lv\/wp-json\/wp\/v2\/categories?post=52318"},{"taxonomy":"post_tag","embeddable":true,"href":"https:\/\/www.europesays.com\/lv\/wp-json\/wp\/v2\/tags?post=52318"}],"curies":[{"name":"wp","href":"https:\/\/api.w.org\/{rel}","templated":true}]}}