{"id":52320,"date":"2025-11-18T04:46:07","date_gmt":"2025-11-18T04:46:07","guid":{"rendered":"https:\/\/www.europesays.com\/lv\/52320\/"},"modified":"2025-11-18T04:46:07","modified_gmt":"2025-11-18T04:46:07","slug":"latvija-starp-nogurumu-un-drosmi-godiga-uzruna-svetkos","status":"publish","type":"post","link":"https:\/\/www.europesays.com\/lv\/52320\/","title":{"rendered":"Latvija starp nogurumu un drosmi. God\u012bga uzruna sv\u0113tkos"},"content":{"rendered":"<p>\u0160aj\u0101 inform\u0101cijas un viedok\u013cu daudzveid\u012bbas nogurum\u0101 <a href=\"https:\/\/www.tvnet.lv\/term\/555421\/mediji\" class=\"topicLink\" target=\"_blank\" rel=\"nofollow noopener\">mediji<\/a> nav fons. M\u0113s, TVNET GRUPAS redakcijas, katru dienu atrodamies starp div\u0101m pretrun\u012bg\u0101m pras\u012bb\u0101m: dodiet paties\u012bbu un neesiet tik negat\u012bvi.<\/p>\n<p>Visi grib zin\u0101t, kas notiek, bet maz ir t\u0101du, kuri apzin\u0101ti v\u0113las ieraudz\u012bt, cik sare\u017e\u0123\u012bti, pel\u0113ki un reiz\u0113m negl\u012bti ir procesi valst\u012b un sabiedr\u012bb\u0101, kas sl\u0113pjas aiz katra virsraksta.<\/p>\n","protected":false},"excerpt":{"rendered":"\u0160aj\u0101 inform\u0101cijas un viedok\u013cu daudzveid\u012bbas nogurum\u0101 mediji nav fons. M\u0113s, TVNET GRUPAS redakcijas, katru dienu atrodamies starp div\u0101m&hellip;\n","protected":false},"author":2,"featured_media":52321,"comment_status":"","ping_status":"","sticky":false,"template":"","format":"standard","meta":{"footnotes":""},"categories":[12],"tags":[23,28,29,32,33,22,30,31,35,39,38,36,37,34,40,3819,20,26,27,24,25,14348,240,11809,21],"class_list":{"0":"post-52320","1":"post","2":"type-post","3":"status-publish","4":"format-standard","5":"has-post-thumbnail","7":"category-latvija","8":"tag-aktualitates","9":"tag-breaking-news","10":"tag-breakingnews","11":"tag-featured-news","12":"tag-featurednews","13":"tag-headlines","14":"tag-latest-news","15":"tag-latestnews","16":"tag-latvia","17":"tag-latvian","18":"tag-latviesu","19":"tag-latviesu-valoda","20":"tag-latviesuvaloda","21":"tag-latvija","22":"tag-lv","23":"tag-mediji","24":"tag-news","25":"tag-popularakas-zinas","26":"tag-popularakaszinas","27":"tag-top-stories","28":"tag-topstories","29":"tag-tvnet-grupa","30":"tag-tvnet-viedokli","31":"tag-valsts-svetki","32":"tag-zinas"},"share_on_mastodon":{"url":"https:\/\/pubeurope.com\/@lv\/115568888112780821","error":""},"_links":{"self":[{"href":"https:\/\/www.europesays.com\/lv\/wp-json\/wp\/v2\/posts\/52320","targetHints":{"allow":["GET"]}}],"collection":[{"href":"https:\/\/www.europesays.com\/lv\/wp-json\/wp\/v2\/posts"}],"about":[{"href":"https:\/\/www.europesays.com\/lv\/wp-json\/wp\/v2\/types\/post"}],"author":[{"embeddable":true,"href":"https:\/\/www.europesays.com\/lv\/wp-json\/wp\/v2\/users\/2"}],"replies":[{"embeddable":true,"href":"https:\/\/www.europesays.com\/lv\/wp-json\/wp\/v2\/comments?post=52320"}],"version-history":[{"count":0,"href":"https:\/\/www.europesays.com\/lv\/wp-json\/wp\/v2\/posts\/52320\/revisions"}],"wp:featuredmedia":[{"embeddable":true,"href":"https:\/\/www.europesays.com\/lv\/wp-json\/wp\/v2\/media\/52321"}],"wp:attachment":[{"href":"https:\/\/www.europesays.com\/lv\/wp-json\/wp\/v2\/media?parent=52320"}],"wp:term":[{"taxonomy":"category","embeddable":true,"href":"https:\/\/www.europesays.com\/lv\/wp-json\/wp\/v2\/categories?post=52320"},{"taxonomy":"post_tag","embeddable":true,"href":"https:\/\/www.europesays.com\/lv\/wp-json\/wp\/v2\/tags?post=52320"}],"curies":[{"name":"wp","href":"https:\/\/api.w.org\/{rel}","templated":true}]}}