{"id":52322,"date":"2025-11-18T04:47:08","date_gmt":"2025-11-18T04:47:08","guid":{"rendered":"https:\/\/www.europesays.com\/lv\/52322\/"},"modified":"2025-11-18T04:47:08","modified_gmt":"2025-11-18T04:47:08","slug":"latvija-ir-un-bus-izdevusies-valsts-svetku-uzruna-saka-silina","status":"publish","type":"post","link":"https:\/\/www.europesays.com\/lv\/52322\/","title":{"rendered":"Latvija ir un b\u016bs izdevusies valsts, sv\u0113tku uzrun\u0101 saka Sili\u0146a"},"content":{"rendered":"<p>&#8220;Man ir tic\u012bba, ka Latvija ir un b\u016bs izdevusies valsts. M\u016bsu uzdevums ir l\u012bdzi laikam b\u016bt soli priek\u0161\u0101, b\u016bt konkur\u0113tsp\u0113j\u012bgiem un elast\u012bgiem, vienlaikus nezaud\u0113jot savas saknes. Pieminot valsts dibin\u0101\u0161anu, v\u0113los, lai mums ikkatram pietiek drosmes, emp\u0101tijas un sp\u0113ka, lai ik dienu stiprin\u0101tu Latviju,&#8221; Latvijas Republikas 107. gadadienas apsveikuma uzrun\u0101 mudina Ministru prezidente <a rel=\"noopener nofollow\" target=\"_blank\" href=\"https:\/\/www.delfi.lv\/temas\/55877428\/evika-silina\" data-rel-date-range=\"[]\">Evika Sili\u0146a<\/a> (JV).<\/p>\n<p>&#8220;Lai ar\u012b novembris ir viens no gada tum\u0161\u0101kajiem m\u0113ne\u0161iem, ikviens no mums \u0161aj\u0101 laik\u0101 izj\u016bt \u012bpa\u0161u pacil\u0101t\u012bbu, patriotismu un lepnumu. Par to, ka dz\u012bvojam Latvij\u0101 \u2013 br\u012bv\u0101, neatkar\u012bg\u0101 un m\u016bsdien\u012bg\u0101,&#8221; saka Sili\u0146a. <\/p>\n<p>Vi\u0146a nor\u0101da, ka \u0161odien m\u0113s pa\u0161i varam lemt savu likteni un par to varam b\u016bt pateic\u012bgi m\u016bsu sen\u010diem \u2013 ka varam run\u0101t latvie\u0161u valod\u0101, kopt m\u016bsu kult\u016bru un trad\u012bcijas, ar lepnumu un atbild\u012bbu sarg\u0101t savu valsti.<\/p>\n<p>&#8220;Latvijas st\u0101sts ir par iztur\u012bbu un tic\u012bbu. M\u0113s esam tauta, kas nepadev\u0101s, nepazaud\u0113ja sevi ne okup\u0101cij\u0101, ne klusuma gados, bet tic\u0113ja savai valstij. Un tagad mums t\u0101 ir. Un t\u0101 ir milz\u012bga sv\u0113t\u012bba un ar\u012b atbild\u012bba katram no mums,&#8221; pau\u017e premjere.<\/p>\n<p>Vi\u0146a nor\u0101da, ka Latvijas sp\u0113ks ir cilv\u0113kos: uz\u0146\u0113m\u0113jos, \u0123imen\u0113s, skolot\u0101jos, \u0101rstu rok\u0101s, karav\u012bru drosm\u0113 un zemnieku uz\u0146\u0113m\u012bb\u0101. <\/p>\n<p>Vienlaikus latvie\u0161i ir tauta, kas nekad nav g\u0101jusi vieglu ce\u013cu \u2013 m\u0113s esam savu valsti b\u016bv\u0113ju\u0161i pa\u0161i \u2013 soli pa solim, nor\u0101da premjere, uzsverot, ka trad\u012bcijas, valoda un latvisk\u0101s v\u0113rt\u012bbas ir m\u016bsu mugurkauls. <\/p>\n<p>&#8220;Jo valsts esam ikviens no mums ar to, cik patriotiski dz\u012bvojam un k\u0101 uz\u0146emamies atbild\u012bbu par m\u016bsu Latviju \u2013 k\u0101 da\u013cu no Eiropas, no demokr\u0101tisk\u0101s pasaules. Vai m\u0113s t\u0101 pa \u012bstam lepojamies ar to, kas esam un k\u0101di esam? Vai \u0161odien sp\u0113jam saskat\u012bt to, kas b\u016bs noz\u012bm\u012bgs r\u012bt? M\u016bsu atbild\u012bba ir nepalikt pag\u0101tn\u0113, bet drosm\u012bgi un stingri skat\u012bties n\u0101kotn\u0113 ar latvisko pa\u0161apzi\u0146u, lai m\u016bsu b\u0113rni lepotos,&#8221; sv\u0113tku uzrun\u0101 saka Sili\u0146a. <\/p>\n<p>Otrdien, 18. novembr\u012b, tiek svin\u0113ta Latvijas Republikas proklam\u0113\u0161anas 107. gadadiena. R\u012bg\u0101 un vis\u0101 Latvij\u0101 par godu sv\u0113tkiem notiks da\u017e\u0101di pas\u0101kumi un koncerti.<\/p>\n<p>Lai nosvin\u0113tu Latvijas dzim\u0161anas gadadienu pacil\u0101jo\u0161\u0101 un svin\u012bg\u0101 gaisotn\u0113, &#8220;Delfi&#8221; pied\u0101v\u0101 pas\u0101kumu, koncertu un kult\u016bras nori\u0161u izlasi, ar to var iepaz\u012bties <a rel=\"noopener follow nofollow\" target=\"_blank\" href=\"https:\/\/www.delfi.lv\/kultura\/32026447\/culturenvironment\/120094128\/svinam-latvijas-neatkaribu-kadi-koncerti-un-vesturi-izzinosi-pasakumi-18-novembri-notiks-riga\" data-rel-date-range=\"[]\">\u0161eit<\/a>.<\/p>\n<p class=\"m-0\">Seko &#8220;Delfi&#8221; ar\u012b  <a target=\"_blank\" href=\"https:\/\/www.instagram.com\/delfi.lv\/\" rel=\"nofollow noopener\">Instagram<\/a>  un <a target=\"_blank\" href=\"https:\/\/www.youtube.com\/channel\/UCw5foWtcJvAbUm64rv7jwUQ\" rel=\"nofollow noopener\">YouTube<\/a>  profil\u0101 \u2013 pievienojies, lai uzzin\u0101tu svar\u012bg\u0101ko un interesant\u0101ko pirmais!<\/p>\n<p>Publik\u0101cijas saturs vai t\u0101s jebk\u0101da apjoma da\u013ca ir aizsarg\u0101ts autorties\u012bbu objekts Autorties\u012bbu likuma izpratn\u0113, un t\u0101 izmanto\u0161ana bez izdev\u0113ja at\u013caujas ir aizliegta. Vair\u0101k lasi  <a target=\"_blank\" href=\"https:\/\/www.delfi.lv\/noteikumi#autortiesibas\" rel=\"nofollow noopener\">\u0161eit<\/a><script async src=\"\/\/www.instagram.com\/embed.js\"><\/script><\/p>\n","protected":false},"excerpt":{"rendered":"&#8220;Man ir tic\u012bba, ka Latvija ir un b\u016bs izdevusies valsts. M\u016bsu uzdevums ir l\u012bdzi laikam b\u016bt soli priek\u0161\u0101,&hellip;\n","protected":false},"author":2,"featured_media":52323,"comment_status":"","ping_status":"","sticky":false,"template":"","format":"standard","meta":{"footnotes":""},"categories":[5],"tags":[12296,23,28,29,1249,32,33,22,30,31,35,39,38,36,37,34,40,11702,20,26,27,24,25,21],"class_list":{"0":"post-52322","1":"post","2":"type-post","3":"status-publish","4":"format-standard","5":"has-post-thumbnail","7":"category-aktualitates","8":"tag-18-novembris","9":"tag-aktualitates","10":"tag-breaking-news","11":"tag-breakingnews","12":"tag-evika-silina","13":"tag-featured-news","14":"tag-featurednews","15":"tag-headlines","16":"tag-latest-news","17":"tag-latestnews","18":"tag-latvia","19":"tag-latvian","20":"tag-latviesu","21":"tag-latviesu-valoda","22":"tag-latviesuvaloda","23":"tag-latvija","24":"tag-lv","25":"tag-ministru-prezidents","26":"tag-news","27":"tag-popularakas-zinas","28":"tag-popularakaszinas","29":"tag-top-stories","30":"tag-topstories","31":"tag-zinas"},"share_on_mastodon":{"url":"https:\/\/pubeurope.com\/@lv\/115568892018807224","error":""},"_links":{"self":[{"href":"https:\/\/www.europesays.com\/lv\/wp-json\/wp\/v2\/posts\/52322","targetHints":{"allow":["GET"]}}],"collection":[{"href":"https:\/\/www.europesays.com\/lv\/wp-json\/wp\/v2\/posts"}],"about":[{"href":"https:\/\/www.europesays.com\/lv\/wp-json\/wp\/v2\/types\/post"}],"author":[{"embeddable":true,"href":"https:\/\/www.europesays.com\/lv\/wp-json\/wp\/v2\/users\/2"}],"replies":[{"embeddable":true,"href":"https:\/\/www.europesays.com\/lv\/wp-json\/wp\/v2\/comments?post=52322"}],"version-history":[{"count":0,"href":"https:\/\/www.europesays.com\/lv\/wp-json\/wp\/v2\/posts\/52322\/revisions"}],"wp:featuredmedia":[{"embeddable":true,"href":"https:\/\/www.europesays.com\/lv\/wp-json\/wp\/v2\/media\/52323"}],"wp:attachment":[{"href":"https:\/\/www.europesays.com\/lv\/wp-json\/wp\/v2\/media?parent=52322"}],"wp:term":[{"taxonomy":"category","embeddable":true,"href":"https:\/\/www.europesays.com\/lv\/wp-json\/wp\/v2\/categories?post=52322"},{"taxonomy":"post_tag","embeddable":true,"href":"https:\/\/www.europesays.com\/lv\/wp-json\/wp\/v2\/tags?post=52322"}],"curies":[{"name":"wp","href":"https:\/\/api.w.org\/{rel}","templated":true}]}}