{"id":52324,"date":"2025-11-18T04:48:10","date_gmt":"2025-11-18T04:48:10","guid":{"rendered":"https:\/\/www.europesays.com\/lv\/52324\/"},"modified":"2025-11-18T04:48:10","modified_gmt":"2025-11-18T04:48:10","slug":"luk-ka-tas-mainis-dazu-zodiaka-zimju-dzives","status":"publish","type":"post","link":"https:\/\/www.europesays.com\/lv\/52324\/","title":{"rendered":"l\u016bk, k\u0101 t\u0101s main\u012bs da\u017eu zodiaka z\u012bmju dz\u012bves"},"content":{"rendered":"<p>        <img loading=\"lazy\" decoding=\"async\" class=\"lazy lazy-hidden size-full wp-image-220619\" src=\"data:image\/gif;base64,R0lGODlhAQABAIAAAAAAAP\/\/\/yH5BAEAAAAALAAAAAABAAEAAAIBRAA7\" data-lazy-type=\"image\" data-lazy-src=\"https:\/\/www.europesays.com\/lv\/wp-content\/uploads\/2025\/11\/Ekranuznemums-2025-11-12-181251.jpg\" alt=\"\" width=\"818\" height=\"515\" data-lazy- data-lazy-\/>Foto \u2013 ekr\u0101nuz\u0146\u0113mums<\/p>\n<p>Katram m\u0113nesim ir sava ener\u0123ija, ko ietekm\u0113 retrogr\u0101das plan\u0113tas, M\u0113ness f\u0101zes un ned\u0113\u013cas dienas. <\/p>\n<p>Lai vislab\u0101k pl\u0101notu savus karmiskos uzdevumus un atrastu laim\u012bg\u0101s beigas, ir lietder\u012bgi vad\u012bties p\u0113c kosmosa \u0137erme\u0146u aktivit\u0101t\u0113m.<\/p>\n<p>Decembr\u012b akt\u012bvas b\u016bs tr\u012bs retrogr\u0101das plan\u0113tas: Nept\u016bns, Jupiters un Ur\u0101ns. T\u0101s ietekm\u0113s visas Zodiaka z\u012bmes. Daudzi cilv\u0113ki var\u0113s \u0161o ietekmi izmantot savai att\u012bst\u012bbai un gar\u012bgajai izaugsmei.<\/p>\n<p><img loading=\"lazy\" decoding=\"async\" class=\"lazy lazy-hidden size-full wp-image-220765\" src=\"data:image\/gif;base64,R0lGODlhAQABAIAAAAAAAP\/\/\/yH5BAEAAAAALAAAAAABAAEAAAIBRAA7\" data-lazy-type=\"image\" data-lazy-src=\"https:\/\/www.europesays.com\/lv\/wp-content\/uploads\/2025\/11\/nature-3042342_1280.jpg\" alt=\"\" width=\"818\" height=\"545\" data-lazy- data-lazy-\/>Foto \u2013 Pixabay<br \/>\nNept\u016bna retrogr\u0101ds:\u00a0l\u012bdz 2026.\u00a0gada 10.\u00a0decembrim<\/p>\n<p>\u0160aj\u0101 period\u0101 ir izdev\u012bgi att\u012bst\u012bt savus talantus un uzs\u0101kt uz\u0146\u0113m\u0113jdarb\u012bbu. Nevajag baid\u012bties risk\u0113t \u2013 jo vair\u0101k jaunu lietu j\u016bs izm\u0113\u0123in\u0101siet, jo vair\u0101k pan\u0101kumu piesaist\u012bsiet. Tas jo \u012bpa\u0161i attiecas uz tiem, kas dzimu\u0161i Me\u017e\u0101\u017ea, Zivs un Lauvu z\u012bm\u0113s.<\/p>\n<p>\n&#13;<br \/>\n&#13;<br \/>\n&#13;<br \/>\n&#13;<br \/>\nVIDEO: &#13;<br \/>\n &#13;<\/p>\n<p>Lasi v\u0113l:\u00a0<a style=\"color: #ff0000;\" href=\"https:\/\/dzentlmenis.lv\/smalki-un-gaisigi-ka-ziedlapina-bet-pieder-viniem-9-maigi-un-sieviskigi-viriesu-vardi\/221853\/\" target=\"_blank\" rel=\"noopener nofollow\">Smalki un gais\u012bgi k\u0101 ziedlapi\u0146a, bet \u201cpieder\u201d vi\u0146iem: 9 maigi un \u201csievi\u0161\u0137\u012bgi\u201d v\u012brie\u0161u v\u0101rdi<\/a><br \/>\nUr\u0101na retrogr\u0101ds: l\u012bdz 2026. gada 4. febru\u0101rim<\/p>\n<p>\u0160is ir uzplaukuma un l\u012bder\u012bbas laiks. Nosakiet savas dz\u012bves person\u012bg\u0101s robe\u017eas, atvadieties no attiec\u012bb\u0101m, kas j\u016bs apgr\u016btina un nesniedz jums laimi un pozit\u012bvas saj\u016btas. Ir pien\u0101cis laiks izv\u0113l\u0113ties pa\u0161am sevi. Svariem, Str\u0113lniekiem un Auniem \u0161aj\u0101 period\u0101 var patie\u0161\u0101m \u012bpa\u0161i paveicies.<\/p>\n<p><img loading=\"lazy\" decoding=\"async\" class=\"lazy lazy-hidden size-full wp-image-218483\" src=\"data:image\/gif;base64,R0lGODlhAQABAIAAAAAAAP\/\/\/yH5BAEAAAAALAAAAAABAAEAAAIBRAA7\" data-lazy-type=\"image\" data-lazy-src=\"https:\/\/www.europesays.com\/lv\/wp-content\/uploads\/2025\/11\/ocean-2203720_1280.jpg\" alt=\"\" width=\"818\" height=\"545\" data-lazy- data-lazy-\/>Foto \u2013 Pixabay<br \/>\nJupitera retrogr\u0101ds: l\u012bdz 2026. gada 11. martam<\/p>\n<p>\u0160\u012b plan\u0113ta nes\u012bs veiksmi m\u012blas un attiec\u012bbu dz\u012bv\u0113. Ta\u010du veiksmi g\u016bs tikai tie, kas ir iem\u0101c\u012bju\u0161ies m\u012bl\u0113t sevi un p\u0101rtrauku\u0161i b\u016bt greizsird\u012bgi. Ja Dv\u012b\u0146i, V\u0113rsis un Skorpions ir tiku\u0161i gal\u0101 ar \u0161\u012bm karmiskaj\u0101m probl\u0113m\u0101m, vi\u0146i piedz\u012bvos galvu reibino\u0161us pan\u0101kumus \u0161aj\u0101 jom\u0101. Viss izdosies!<\/p>\n<p>\u00a0<\/p>\n","protected":false},"excerpt":{"rendered":"Foto \u2013 ekr\u0101nuz\u0146\u0113mums Katram m\u0113nesim ir sava ener\u0123ija, ko ietekm\u0113 retrogr\u0101das plan\u0113tas, M\u0113ness f\u0101zes un ned\u0113\u013cas dienas. Lai&hellip;\n","protected":false},"author":2,"featured_media":52325,"comment_status":"","ping_status":"","sticky":false,"template":"","format":"standard","meta":{"footnotes":""},"categories":[19],"tags":[89,7142,90,35,39,38,36,37,34,40,5177,1657],"class_list":{"0":"post-52324","1":"post","2":"type-post","3":"status-publish","4":"format-standard","5":"has-post-thumbnail","7":"category-izklaide","8":"tag-entertainment","9":"tag-ezoterika","10":"tag-izklaide","11":"tag-latvia","12":"tag-latvian","13":"tag-latviesu","14":"tag-latviesu-valoda","15":"tag-latviesuvaloda","16":"tag-latvija","17":"tag-lv","18":"tag-zodiaka-zimes","19":"tag-zvaigznu-prognoze"},"share_on_mastodon":{"url":"https:\/\/pubeurope.com\/@lv\/115568895787589501","error":""},"_links":{"self":[{"href":"https:\/\/www.europesays.com\/lv\/wp-json\/wp\/v2\/posts\/52324","targetHints":{"allow":["GET"]}}],"collection":[{"href":"https:\/\/www.europesays.com\/lv\/wp-json\/wp\/v2\/posts"}],"about":[{"href":"https:\/\/www.europesays.com\/lv\/wp-json\/wp\/v2\/types\/post"}],"author":[{"embeddable":true,"href":"https:\/\/www.europesays.com\/lv\/wp-json\/wp\/v2\/users\/2"}],"replies":[{"embeddable":true,"href":"https:\/\/www.europesays.com\/lv\/wp-json\/wp\/v2\/comments?post=52324"}],"version-history":[{"count":0,"href":"https:\/\/www.europesays.com\/lv\/wp-json\/wp\/v2\/posts\/52324\/revisions"}],"wp:featuredmedia":[{"embeddable":true,"href":"https:\/\/www.europesays.com\/lv\/wp-json\/wp\/v2\/media\/52325"}],"wp:attachment":[{"href":"https:\/\/www.europesays.com\/lv\/wp-json\/wp\/v2\/media?parent=52324"}],"wp:term":[{"taxonomy":"category","embeddable":true,"href":"https:\/\/www.europesays.com\/lv\/wp-json\/wp\/v2\/categories?post=52324"},{"taxonomy":"post_tag","embeddable":true,"href":"https:\/\/www.europesays.com\/lv\/wp-json\/wp\/v2\/tags?post=52324"}],"curies":[{"name":"wp","href":"https:\/\/api.w.org\/{rel}","templated":true}]}}