{"id":52328,"date":"2025-11-18T05:06:07","date_gmt":"2025-11-18T05:06:07","guid":{"rendered":"https:\/\/www.europesays.com\/lv\/52328\/"},"modified":"2025-11-18T05:06:07","modified_gmt":"2025-11-18T05:06:07","slug":"muziku-apvieniba-runi-izsap-kulturas-krizi-dziesma-pikets-lente-lv","status":"publish","type":"post","link":"https:\/\/www.europesays.com\/lv\/52328\/","title":{"rendered":"M\u016bzi\u0137u apvien\u012bba RUNI izs\u0101p kult\u016bras kr\u012bzi dziesm\u0101 \u201cPikets\u201d\u00a0\u2014\u00a0Lente.lv"},"content":{"rendered":"<p>M\u016bzi\u0137u apvien\u012bba RUNI pau\u017e neapmierin\u0101t\u012bbu par kult\u016bras kr\u012bzi ar dziesmu \u201cPikets\u201d<\/p>\n<p>\u0160\u012b gada s\u0101kum\u0101 Latvijas m\u016bzikas ainav\u0101 sevi pieteikusi jaunveidot\u0101 apvien\u012bba RUNI, kuras sast\u0101v\u0101 ir Rolands un Ieva. \u0160\u012b rado\u0161\u0101 apvien\u012bba, eksperiment\u0113jot ar ska\u0146u, harmonij\u0101m un \u017eanru daudzveid\u012bbu, arvien drosm\u012bg\u0101k lau\u017e robe\u017eas m\u016bzikas izpausm\u0113s. Vi\u0146u jaun\u0101kais darbs, dziesma \u201cPikets\u201d, ir sp\u0113c\u012bgs v\u0113st\u012bjums par aktu\u0101lo kr\u012bzi m\u0101kslas un kult\u016bras nozar\u0113 Latvij\u0101.<\/p>\n<p>Dziesmas \u201cPikets\u201d dzi\u013cais v\u0113st\u012bjums<\/p>\n<p>RUNI savu muzik\u0101lo ce\u013cu aizs\u0101ka ar dziesm\u0101m \u201cR\u016bpju koks\u201d un \u201cAusma\u201d, ko papildin\u0101ja p\u0101rdom\u0101ti m\u016bzikas video un anim\u0101cijas. Tom\u0113r dziesmas \u201cPikets\u201d v\u0113st\u012bjums ir tik dzi\u013c\u0161 un daudznoz\u012bm\u012bgs, ka m\u0101kslinieki nol\u0113ma koncentr\u0113ties uz tekstu un eklektisko melodiju, atsakoties no vizualiz\u0101cijas. \u201cP\u0113d\u0113jos gadus var\u0113tu saukt par juku laikiem daudz\u0113j\u0101d\u0101 zi\u0146\u0101 un \u0161obr\u012bd dz\u012bvojam birokr\u0101tijas karalist\u0113,\u201d atz\u012bst RUNI. Vi\u0146i uzsver, ka m\u0101ksla un kult\u016bra Latvij\u0101 \u0161obr\u012bd ir izdz\u012bvo\u0161anas re\u017e\u012bm\u0101. Dziesma \u201cPikets\u201d ir emocion\u0101ls sauciens pret netaisn\u012bb\u0101m, negod\u012bgumu un nepaties\u012bb\u0101m, ko rada neatkar\u012bgi apst\u0101k\u013ci. T\u0101 pau\u017e ap\u0146\u0113m\u012bbu un p\u0101rliec\u012bbu, ka ar godpr\u0101t\u012bbu, sirdsapzi\u0146u un neatlaid\u012bbu iesp\u0113jams k\u013c\u016bt par neuzvaramu.<\/p>\n<p>RUNI \u2013 drosm\u012bga eksperiment\u0113\u0161ana ar m\u016bziku<\/p>\n<p>Muzik\u0101l\u0101 apvien\u012bba RUNI, ko veido Rolands un Ieva, ir sevi pieteikusi ar ori\u0123in\u0101lu pieeju m\u016bzikai. Vi\u0146i nebaid\u0101s sp\u0113l\u0113ties ar ska\u0146u kontrastiem, harmonij\u0101m un da\u017e\u0101diem \u017eanriem, radot unik\u0101lu skan\u0113jumu, kas pat\u012bk klaus\u012bt\u0101jiem. \u201cPikets\u201d ir apliecin\u0101jums vi\u0146u rado\u0161ajai br\u012bv\u012bbai un drosmei izteikt savas domas un saj\u016btas par sabiedr\u012bbai svar\u012bgiem jaut\u0101jumiem caur m\u016bziku.<\/p>\n","protected":false},"excerpt":{"rendered":"M\u016bzi\u0137u apvien\u012bba RUNI pau\u017e neapmierin\u0101t\u012bbu par kult\u016bras kr\u012bzi ar dziesmu \u201cPikets\u201d \u0160\u012b gada s\u0101kum\u0101 Latvijas m\u016bzikas ainav\u0101 sevi&hellip;\n","protected":false},"author":2,"featured_media":52329,"comment_status":"","ping_status":"","sticky":false,"template":"","format":"standard","meta":{"footnotes":""},"categories":[19],"tags":[89,90,14351,35,39,38,36,37,34,355,40,14350,10295,14349],"class_list":{"0":"post-52328","1":"post","2":"type-post","3":"status-publish","4":"format-standard","5":"has-post-thumbnail","7":"category-izklaide","8":"tag-entertainment","9":"tag-izklaide","10":"tag-kulturas-krize","11":"tag-latvia","12":"tag-latvian","13":"tag-latviesu","14":"tag-latviesu-valoda","15":"tag-latviesuvaloda","16":"tag-latvija","17":"tag-latvijas-muzika","18":"tag-lv","19":"tag-makslas-krize","20":"tag-pikets","21":"tag-runi"},"share_on_mastodon":{"url":"https:\/\/pubeurope.com\/@lv\/115568966594228197","error":""},"_links":{"self":[{"href":"https:\/\/www.europesays.com\/lv\/wp-json\/wp\/v2\/posts\/52328","targetHints":{"allow":["GET"]}}],"collection":[{"href":"https:\/\/www.europesays.com\/lv\/wp-json\/wp\/v2\/posts"}],"about":[{"href":"https:\/\/www.europesays.com\/lv\/wp-json\/wp\/v2\/types\/post"}],"author":[{"embeddable":true,"href":"https:\/\/www.europesays.com\/lv\/wp-json\/wp\/v2\/users\/2"}],"replies":[{"embeddable":true,"href":"https:\/\/www.europesays.com\/lv\/wp-json\/wp\/v2\/comments?post=52328"}],"version-history":[{"count":0,"href":"https:\/\/www.europesays.com\/lv\/wp-json\/wp\/v2\/posts\/52328\/revisions"}],"wp:featuredmedia":[{"embeddable":true,"href":"https:\/\/www.europesays.com\/lv\/wp-json\/wp\/v2\/media\/52329"}],"wp:attachment":[{"href":"https:\/\/www.europesays.com\/lv\/wp-json\/wp\/v2\/media?parent=52328"}],"wp:term":[{"taxonomy":"category","embeddable":true,"href":"https:\/\/www.europesays.com\/lv\/wp-json\/wp\/v2\/categories?post=52328"},{"taxonomy":"post_tag","embeddable":true,"href":"https:\/\/www.europesays.com\/lv\/wp-json\/wp\/v2\/tags?post=52328"}],"curies":[{"name":"wp","href":"https:\/\/api.w.org\/{rel}","templated":true}]}}