{"id":52356,"date":"2025-11-18T06:05:09","date_gmt":"2025-11-18T06:05:09","guid":{"rendered":"https:\/\/www.europesays.com\/lv\/52356\/"},"modified":"2025-11-18T06:05:09","modified_gmt":"2025-11-18T06:05:09","slug":"sigulda-iedzivotaji-rikos-piketu-pret-domes-norisem-lente-lv","status":"publish","type":"post","link":"https:\/\/www.europesays.com\/lv\/52356\/","title":{"rendered":"Siguld\u0101 iedz\u012bvot\u0101ji r\u012bkos piketu pret domes noris\u0113m\u00a0\u2014\u00a0Lente.lv"},"content":{"rendered":"<p>Siguld\u0101, ceturtdien, 20. novembr\u012b, ir pl\u0101nots iedz\u012bvot\u0101ju pikets, kas v\u0113rsts pret noris\u0113m viet\u0113j\u0101 dom\u0113. Pas\u0101kuma organizatori pau\u017e neapmierin\u0101t\u012bbu ar, vi\u0146upr\u0101t, &#8220;varask\u0101ri un politiskaj\u0101m intrig\u0101m&#8221;, kas skar l\u0113mumu pie\u0146em\u0161anu attiec\u012bb\u0101 uz domes priek\u0161s\u0113d\u0113t\u0101ja amatu. \u0160\u012b protesta akcija notiks laik\u0101, kad pa\u0161vald\u012bb\u0101 risin\u0101s akt\u012bvi politiskie procesi.<\/p>\n<p>Neskaidr\u012bbas un publisk\u0101s diskusijas par domes darbu<\/p>\n<p>Piketa iniciatore Agnese Petrovska, kura agr\u0101k start\u0113jusi v\u0113l\u0113\u0161an\u0101s no &#8220;Siguldas novada partijas&#8221;, pau\u017e, ka protests tiek organiz\u0113ts k\u0101 &#8220;akt\u012bvu iedz\u012bvot\u0101ju kopums&#8221;. Vi\u0146a pal\u012bdz koordin\u0113t pas\u0101kumu, kas iecer\u0113ts pie Siguldas pagasta Kult\u016bras nama, Zin\u0101tnes iel\u0101 7, no pulksten 14:00 l\u012bdz 17:00. Paral\u0113li notieko\u0161ajai domes s\u0113dei, kur\u0101 paredz\u0113ts iev\u0113l\u0113t jauno novada m\u0113ru, plkst. 15:00 piketa dal\u012bbnieki pl\u0101no izpaust savu neapmierin\u0101t\u012bbu.<\/p>\n<p>\u0160\u012b iniciat\u012bva seko p\u0113c nesen\u0101s, 13. novembr\u012b, notiku\u0161\u0101s domes s\u0113des, kur\u0101 ar deput\u0101tu vair\u0101kuma bals\u012bm tika pie\u0146emts l\u0113mums par J\u0101\u0146a Vimbas atbr\u012bvo\u0161anu no Siguldas novada domes priek\u0161s\u0113d\u0113t\u0101ja amata. \u0160o l\u0113mumu atbalst\u012bja 12 deput\u0101ti, un tas tika pamatots ar vair\u0101kiem b\u016btiskiem p\u0101rmetumiem, tostarp iedz\u012bvot\u0101ju neapmierin\u0101t\u012bbu ar novada att\u012bst\u012bbas tempus, kav\u0113tiem ielu remonta projektiem un iepirkumiem, k\u0101 ar\u012b nesadarbo\u0161anos ar kol\u0113\u0123iem. Vimba pats sav\u0101 uzrun\u0101 deput\u0101tiem iebilda, nor\u0101dot, ka vi\u0146a vad\u012bbas laik\u0101 nav bijis iesp\u0113jams atrisin\u0101t gadiem kr\u0101t\u0101s probl\u0113mas un ka vi\u0146\u0161 ir centies veicin\u0101t novada popularit\u0101ti gan viet\u0113jiem iedz\u012bvot\u0101jiem, gan t\u016bristiem, piedaloties da\u017e\u0101dos pas\u0101kumos.<\/p>\n<p>Politisk\u0101s intrigas un sabiedr\u012bbas reakcija<\/p>\n<p>J\u0101nis Vimba, kur\u0161 iepriek\u0161 bija paz\u012bstams k\u0101 Latvijas Nacion\u0101l\u0101 te\u0101tra direktors, novada m\u0113ra amat\u0101 st\u0101j\u0101s vien\u012bgi 2025. gada j\u016bnija beig\u0101s. Vi\u0146a darb\u012bbas laiks izr\u0101d\u012bj\u0101s \u012bss, aptverot vien da\u017eus m\u0113ne\u0161us. Deput\u0101ti, kas balsoja par atst\u0101din\u0101\u0161anu, nor\u0101d\u012bja uz iesp\u0113jamu J. Vimaba liel\u0101ku uzman\u012bbu piev\u0113r\u0161anu savu publisko t\u0113lu veido\u0161anai, nek\u0101 re\u0101lai pa\u0161vald\u012bbas ikdienas darba risin\u0101\u0161anai. Viens no galvenajiem p\u0101rmetumiem bija par nepietiekamu iedzi\u013cin\u0101\u0161anos pa\u0161vald\u012bbas liet\u0101s, kas rad\u012bjis iespaidu par nekompetenci.<\/p>\n<p>\u0160\u012bs politisk\u0101s p\u0101rmai\u0146as ir izrais\u012bju\u0161as rezonansi ar\u012b sabiedr\u012bb\u0101. Tikai \u012bsi pirms valsts sv\u0113tkiem pie\u0146emtais l\u0113mums bez pla\u0161\u0101ka publiska dialoga rad\u012bjis &#8220;milz\u012bgu sa\u0161utumu&#8221; daudzu iedz\u012bvot\u0101ju vid\u016b. K\u0101 apliecin\u0101jums \u0161ai neapmierin\u0101t\u012bbai ir s\u0101kt\u0101 parakstu v\u0101k\u0161anas iniciat\u012bva port\u0101l\u0101 &#8220;Manabalss.lv&#8221;, lai atceltu l\u0113mumu par J\u0101\u0146a Vimbas atst\u0101din\u0101\u0161anu. \u0160aj\u0101 iniciat\u012bv\u0101 jau sav\u0101kti nepiecie\u0161amie 300 paraksti, lai priek\u0161likumu iesniegtu izskat\u012b\u0161anai pa\u0161vald\u012bb\u0101, apliecinot iedz\u012bvot\u0101ju v\u0113lmi p\u0113c liel\u0101kas l\u012bdzdal\u012bbas un iesaistes pa\u0161vald\u012bbas l\u0113mumu pie\u0146em\u0161an\u0101.<\/p>\n<p>Iepriek\u0161\u0113jie skand\u0101li un izmekl\u0113\u0161anas Siguldas novada dom\u0113<\/p>\n<p>Siguldas novada dome nav izvair\u012bjusies no sare\u017e\u0123\u012bt\u0101m situ\u0101cij\u0101m un publiskas uzman\u012bbas centr\u0101 non\u0101kusi ar\u012b citos gad\u012bjumos. Piem\u0113ram, 2023. gada j\u016blij\u0101 Korupcijas nov\u0113r\u0161anas un apkaro\u0161anas birojs (KNAB) veica krat\u012b\u0161anu pa\u0161vald\u012bb\u0101, izmekl\u0113jot aizdomas par dienesta st\u0101vok\u013ca \u013caunpr\u0101t\u012bgu izmanto\u0161anu, kr\u0101p\u0161anu un pa\u0161vald\u012bbas naudas l\u012bdzek\u013cu izkr\u0101p\u0161anu. \u0160\u012bs izmekl\u0113\u0161anas bija saist\u012btas ar iepirkumiem, sevi\u0161\u0137i ar pa\u0161vald\u012bbas \u012apa\u0161umu p\u0101rvald\u012bbas un Vides p\u0101rvald\u012bbas noda\u013cu organiz\u0113tajiem apza\u013cumo\u0161anas darbiem. Lai gan div\u0101m person\u0101m tika pie\u0161\u0137irtas ties\u012bbas uz aizst\u0101v\u012bbu, dro\u0161\u012bbas l\u012bdzek\u013ci netika piem\u0113roti nevienai personai.<\/p>\n<p>V\u0113l iepriek\u0161, 2022. gad\u0101, pla\u0161u rezonansi izrais\u012bja dome l\u0113mums liegt b\u0113rniem, kuru vec\u0101ki kav\u0113ju\u0161i pa\u0161vald\u012bbas maks\u0101jumus, sa\u0146emt pa\u0161vald\u012bbas apmaks\u0101tas br\u012bvpusdienas skol\u0101s un b\u0113rnud\u0101rzos. \u0160is l\u0113mums izsauca sabiedr\u012bbas sa\u0161utumu, un, rea\u0123\u0113jot uz to, dome to \u0101tri vien atc\u0113la. T\u0101pat 2017. gad\u0101 KNAB izr\u0101d\u012bja interesi par Siguldas sporta kompleksa nodo\u0161anu ekspluat\u0101cij\u0101, kas bija kav\u0113jusies, un saist\u012bb\u0101 ar \u0161o lietu tika aiztur\u0113ts ar\u012b viens uz\u0146\u0113muma darbinieks.<\/p>\n<p>Sabiedr\u012bbas l\u012bdzdal\u012bba un n\u0101kotnes perspekt\u012bvas<\/p>\n<p>\u0160ie notikumi uzsver nepiecie\u0161am\u012bbu p\u0113c liel\u0101kas caursp\u012bd\u012bbas un iedz\u012bvot\u0101ju iesaistes pa\u0161vald\u012bbas procesos. Siguldas novada m\u0101jaslap\u0101 pieejam\u0101 inform\u0101cija par &#8220;Sabiedr\u012bbas l\u012bdzdal\u012bbu&#8221; un &#8220;L\u012bdzdal\u012bbas bud\u017eetu&#8221; nor\u0101da uz pa\u0161vald\u012bbas centieniem veicin\u0101t dialogu un \u013caut iedz\u012bvot\u0101jiem ietekm\u0113t teritorijas att\u012bst\u012bbas jaut\u0101jumus. Tom\u0113r nesen\u0101s politisk\u0101s norises liecina, ka \u0161ie procesi v\u0113l ir pilnveidojami, lai pilnv\u0113rt\u012bgi atspogu\u013cotu sabiedr\u012bbas intereses un v\u0113lmes.<\/p>\n<p>Pikets, kas pl\u0101nots 20. novembr\u012b, k\u013c\u016bst par b\u016btisku notikumu, kas var\u0113tu gan izgaismot pa\u0161reiz\u0113j\u0101s domstarp\u012bbas Siguldas novada dom\u0113, gan ar\u012b veicin\u0101t pla\u0161\u0101ku diskusiju par pa\u0161vald\u012bbas p\u0101rvald\u012bbas kvalit\u0101ti un iedz\u012bvot\u0101ju lomu t\u0101s darb\u012bb\u0101. \u0160\u012b akcija ir ne tikai protests, bet ar\u012b aicin\u0101jums uz dialogu un atbild\u012bgu r\u012bc\u012bbu no pa\u0161vald\u012bbas vad\u012bbas puses.<\/p>\n","protected":false},"excerpt":{"rendered":"Siguld\u0101, ceturtdien, 20. novembr\u012b, ir pl\u0101nots iedz\u012bvot\u0101ju pikets, kas v\u0113rsts pret noris\u0113m viet\u0113j\u0101 dom\u0113. Pas\u0101kuma organizatori pau\u017e neapmierin\u0101t\u012bbu&hellip;\n","protected":false},"author":2,"featured_media":52357,"comment_status":"","ping_status":"","sticky":false,"template":"","format":"standard","meta":{"footnotes":""},"categories":[5],"tags":[23,28,29,32,33,22,13121,30,31,35,39,38,36,37,34,40,20,14360,10295,26,27,14361,13280,24,25,21],"class_list":{"0":"post-52356","1":"post","2":"type-post","3":"status-publish","4":"format-standard","5":"has-post-thumbnail","7":"category-aktualitates","8":"tag-aktualitates","9":"tag-breaking-news","10":"tag-breakingnews","11":"tag-featured-news","12":"tag-featurednews","13":"tag-headlines","14":"tag-janis-vimba","15":"tag-latest-news","16":"tag-latestnews","17":"tag-latvia","18":"tag-latvian","19":"tag-latviesu","20":"tag-latviesu-valoda","21":"tag-latviesuvaloda","22":"tag-latvija","23":"tag-lv","24":"tag-news","25":"tag-pasvaldibas-vadiba","26":"tag-pikets","27":"tag-popularakas-zinas","28":"tag-popularakaszinas","29":"tag-sabiedribas-lidzdaliba","30":"tag-siguldas-novada-dome","31":"tag-top-stories","32":"tag-topstories","33":"tag-zinas"},"share_on_mastodon":{"url":"https:\/\/pubeurope.com\/@lv\/115569198695619693","error":""},"_links":{"self":[{"href":"https:\/\/www.europesays.com\/lv\/wp-json\/wp\/v2\/posts\/52356","targetHints":{"allow":["GET"]}}],"collection":[{"href":"https:\/\/www.europesays.com\/lv\/wp-json\/wp\/v2\/posts"}],"about":[{"href":"https:\/\/www.europesays.com\/lv\/wp-json\/wp\/v2\/types\/post"}],"author":[{"embeddable":true,"href":"https:\/\/www.europesays.com\/lv\/wp-json\/wp\/v2\/users\/2"}],"replies":[{"embeddable":true,"href":"https:\/\/www.europesays.com\/lv\/wp-json\/wp\/v2\/comments?post=52356"}],"version-history":[{"count":0,"href":"https:\/\/www.europesays.com\/lv\/wp-json\/wp\/v2\/posts\/52356\/revisions"}],"wp:featuredmedia":[{"embeddable":true,"href":"https:\/\/www.europesays.com\/lv\/wp-json\/wp\/v2\/media\/52357"}],"wp:attachment":[{"href":"https:\/\/www.europesays.com\/lv\/wp-json\/wp\/v2\/media?parent=52356"}],"wp:term":[{"taxonomy":"category","embeddable":true,"href":"https:\/\/www.europesays.com\/lv\/wp-json\/wp\/v2\/categories?post=52356"},{"taxonomy":"post_tag","embeddable":true,"href":"https:\/\/www.europesays.com\/lv\/wp-json\/wp\/v2\/tags?post=52356"}],"curies":[{"name":"wp","href":"https:\/\/api.w.org\/{rel}","templated":true}]}}