{"id":52377,"date":"2025-11-18T06:39:43","date_gmt":"2025-11-18T06:39:43","guid":{"rendered":"https:\/\/www.europesays.com\/lv\/52377\/"},"modified":"2025-11-18T06:39:43","modified_gmt":"2025-11-18T06:39:43","slug":"aivars-mackevics-7-atzinas-un-padomi-par-preses-relizem-latvija","status":"publish","type":"post","link":"https:\/\/www.europesays.com\/lv\/52377\/","title":{"rendered":"Aivars Mackevi\u010ds: 7 atzi\u0146as un padomi par preses rel\u012bz\u0113m | Latvija"},"content":{"rendered":"<td height=\"100%\" valign=\"top\">\n<p>]]]]]]]]>]]]]]]>]]]]>]]><br \/>\n<a name=\"top\"\/><\/p>\n<p>\t\t\t\t\t\t<a href=\"https:\/\/travelnews.lv\/?m_id=18572&amp;i_id=5&amp;pub_id=142145\" rel=\"nofollow noopener\" target=\"_blank\"><img decoding=\"async\" width=\"100%\" border=\"0\" alt=\"Travelnews.lv sveic sv\u0113tkos las\u012bt\u0101jus, sadarb\u012bbas partnerus un Lieldraugus: Daudz laimes, Latvija!\" src=\"https:\/\/www.europesays.com\/lv\/wp-content\/uploads\/2025\/11\/20231118-Karogs.jpg\"\/><\/a><\/p>\n<p>            Latvija\u00a0<br \/>\n            <a href=\"https:\/\/travelnews.lv\/?m_id=18572&amp;i_id=5&amp;pub_id=142145\" rel=\"nofollow noopener\" target=\"_blank\">Travelnews.lv sveic sv\u0113tkos las\u012bt\u0101jus, sadarb\u012bbas partnerus un Lieldraugus: Daudz laimes, Latvija!<\/a>         \t<\/p>\n<p>\t\t\t\t\t\t<a href=\"https:\/\/travelnews.lv\/?m_id=18612&amp;i_id=5&amp;pub_id=152416\" rel=\"nofollow noopener\" target=\"_blank\"><img decoding=\"async\" width=\"100%\" border=\"0\" alt=\"Atjaunotajam Jelgavas Sv. Tr\u012bsvien\u012bbas bazn\u012bcas tornim un Jelgavas re\u0123ion\u0101lajam t\u016brisma centram \u2013 15!\" src=\"https:\/\/www.europesays.com\/lv\/wp-content\/uploads\/2025\/11\/20251110-Jelgava.jpg\"\/><\/a><\/p>\n<p>            Latvija\u00a0<br \/>\n            <a href=\"https:\/\/travelnews.lv\/?m_id=18612&amp;i_id=5&amp;pub_id=152416\" rel=\"nofollow noopener\" target=\"_blank\">Atjaunotajam Jelgavas Sv. Tr\u012bsvien\u012bbas bazn\u012bcas tornim un Jelgavas re\u0123ion\u0101lajam t\u016brisma centram \u2013 15!<\/a>         \t<\/p>\n<p>\t\t\t\t\t\t<a href=\"https:\/\/travelnews.lv\/?m_id=18253&amp;i_id=5&amp;pub_id=152508\" rel=\"nofollow noopener\" target=\"_blank\"><img decoding=\"async\" width=\"100%\" border=\"0\" alt=\"18. novembr\u012b sabiedriskais transports bez maksas, satiksm\u0113 b\u016bs ierobe\u017eojumi un izmai\u0146as\" src=\"https:\/\/www.europesays.com\/lv\/wp-content\/uploads\/2025\/11\/20251117-Satiksme.jpg\"\/><\/a><\/p>\n<p>            Latvija\u00a0<br \/>\n            <a href=\"https:\/\/travelnews.lv\/?m_id=18253&amp;i_id=5&amp;pub_id=152508\" rel=\"nofollow noopener\" target=\"_blank\">18. novembr\u012b sabiedriskais transports bez maksas, satiksm\u0113 b\u016bs ierobe\u017eojumi un izmai\u0146as<\/a>    <\/p>\n<p>\t\t\t\t\t\t<a href=\"https:\/\/travelnews.lv\/?m_id=18526&amp;i_id=5&amp;pub_id=152519\" rel=\"nofollow noopener\" target=\"_blank\"><img decoding=\"async\" width=\"100%\" border=\"0\" alt=\"18. novembris v\u0113stur\u0113: Latvija svin valsts dzim\u0161anas dienu\" src=\"https:\/\/www.europesays.com\/lv\/wp-content\/uploads\/2025\/11\/20251118-Latvija.jpg\"\/><\/a><\/p>\n<p>            Latvija\u00a0<br \/>\n            <a href=\"https:\/\/travelnews.lv\/?m_id=18526&amp;i_id=5&amp;pub_id=152519\" rel=\"nofollow noopener\" target=\"_blank\">18. novembris v\u0113stur\u0113: Latvija svin valsts dzim\u0161anas dienu<\/a>    <\/p>\n<p>\t\t\t\t\t\t<a href=\"https:\/\/travelnews.lv\/?m_id=18572&amp;i_id=5&amp;pub_id=152520\" rel=\"nofollow noopener\" target=\"_blank\"><img decoding=\"async\" width=\"100%\" border=\"0\" alt=\"\u00abairBaltic\u00bb flot\u0113 tr\u012bs lidma\u0161\u012bnas Latvijas karoga kr\u0101s\u0101s \u2013 nacion\u0101l\u0101 lepnuma v\u0113stne\u0161i debes\u012bs\" src=\"https:\/\/www.europesays.com\/lv\/wp-content\/uploads\/2025\/11\/20251118-airbaltic.jpg\"\/><\/a><\/p>\n<p>            Latvija\u00a0<br \/>\n            <a href=\"https:\/\/travelnews.lv\/?m_id=18572&amp;i_id=5&amp;pub_id=152520\" rel=\"nofollow noopener\" target=\"_blank\">\u00abairBaltic\u00bb flot\u0113 tr\u012bs lidma\u0161\u012bnas Latvijas karoga kr\u0101s\u0101s \u2013 nacion\u0101l\u0101 lepnuma v\u0113stne\u0161i debes\u012bs<\/a>    <\/p>\n<p>\t\t\tPARTNERU PIED\u0100V\u0100JUMI\t\t<\/p>\n<p>    \t<a rel=\"nofollow noopener\" href=\"http:\/\/www.trakai-visit.lt\/lv\/naujienos\/publikacija-traku-regiona-garsu-krasas\/\" target=\"_blank\" style=\"text-decoration:none\" onclick=\"ga(&#039;send&#039;, &#039;event&#039;, &#039;Pied\u0101v\u0101jumi&#039;, &#039;ClickTN&#039;, &#039;Trakai TIC&#039;);\" wp_automatic_readability=\"2\"><img decoding=\"async\" width=\"100%\" src=\"https:\/\/www.europesays.com\/lv\/wp-content\/uploads\/2025\/11\/l_97775Be pavadinimo1 as Smart Object-1.jpg\" alt=\"Publik\u0101cija \u201cTRA\u0136U RE\u0122IONA GAR\u0160U KR\u0100SAS\u201d\" border=\"0\" onload=\"ga('send', 'event', 'Pied\u0101v\u0101jumi', 'Show', 'Trakai TIC');\"\/><\/p>\n<p title=\"www.trakai-visit.lt\/lv\/naujienos\/publikacija-traku-regiona-garsu-krasas\/\">Trakai TIC: Publik\u0101cija \u201cTRA\u0136U RE\u0122IONA GAR\u0160U KR\u0100SAS\u201d<\/p>\n<p><\/a><\/p>\n<p>    \t<a rel=\"nofollow noopener\" href=\"http:\/\/www.visitventspils.com\/pasakums\/valsts-svetku-koncerts-ventspili-baltas-balsis-latvijai-2\/\" target=\"_blank\" style=\"text-decoration:none\" onclick=\"ga(&#039;send&#039;, &#039;event&#039;, &#039;Pied\u0101v\u0101jumi&#039;, &#039;ClickTN&#039;, &#039;Ventspils TIC&#039;);\" wp_automatic_readability=\"2\"><img decoding=\"async\" width=\"100%\" src=\"https:\/\/www.europesays.com\/lv\/wp-content\/uploads\/2025\/11\/l_104234vhrs_-035_1124-25_web-3.jpg\" alt=\"Sveicam valsts sv\u0113tkos! \" border=\"0\" onload=\"ga('send', 'event', 'Pied\u0101v\u0101jumi', 'Show', 'Ventspils TIC');\"\/><\/p>\n<p title=\"www.visitventspils.com\/pasakums\/valsts-svetku-koncerts-ventspili-baltas-balsis-latvijai-2\/\">Ventspils TIC: Sveicam valsts sv\u0113tkos! <\/p>\n<p><\/a><\/p>\n<p>    \t<a rel=\"nofollow noopener\" href=\"http:\/\/visit.rezekne.lv\/objekti\/radoso-pakalpojumu-centrs-zeimuls\/\" target=\"_blank\" style=\"text-decoration:none\" onclick=\"ga(&#039;send&#039;, &#039;event&#039;, &#039;Pied\u0101v\u0101jumi&#039;, &#039;ClickTN&#039;, &#039;R\u0113zeknes pils\u0113tas TIC&#039;);\" wp_automatic_readability=\"2\"><img decoding=\"async\" width=\"100%\" src=\"https:\/\/www.europesays.com\/lv\/wp-content\/uploads\/2025\/11\/l_104259210928_012.jpg\" alt=\"\u201cZeimu\u013cs\u201d \u2013 arhitekt\u016bras br\u012bnums R\u0113zekn\u0113!\" border=\"0\" onload=\"ga('send', 'event', 'Pied\u0101v\u0101jumi', 'Show', 'R\u0113zeknes pils\u0113tas TIC');\"\/><\/p>\n<p title=\"visit.rezekne.lv\/objekti\/radoso-pakalpojumu-centrs-zeimuls\/\">R\u0113zeknes pils\u0113tas TIC: \u201cZeimu\u013cs\u201d \u2013 arhitekt\u016bras br\u012bnums R\u0113zekn\u0113!<\/p>\n<p><\/a><\/p>\n<p>\t\t\t\t\t\t<a href=\"https:\/\/travelnews.lv\/?m_id=18572&amp;i_id=5&amp;pub_id=152521\" rel=\"nofollow noopener\" target=\"_blank\"><img decoding=\"async\" width=\"100%\" border=\"0\" alt=\"Latvij\u0101 augst\u0101kais karoga masts atrodas R\u012bg\u0101\" src=\"https:\/\/www.europesays.com\/lv\/wp-content\/uploads\/2025\/11\/20251118-Karogs.jpg\"\/><\/a><\/p>\n<p>            Latvija\u00a0<br \/>\n            <a href=\"https:\/\/travelnews.lv\/?m_id=18572&amp;i_id=5&amp;pub_id=152521\" rel=\"nofollow noopener\" target=\"_blank\">Latvij\u0101 augst\u0101kais karoga masts atrodas R\u012bg\u0101<\/a>         \t<\/p>\n<p>\t\t\t\t\t\t<a href=\"https:\/\/travelnews.lv\/?m_id=18254&amp;i_id=5&amp;pub_id=152480\" rel=\"nofollow noopener\" target=\"_blank\"><img decoding=\"async\" width=\"100%\" border=\"0\" alt=\"Gaismas, dziesmas un j\u016bra \u2013 J\u016brmala svin Latviju grandioz\u0101 programm\u0101 pie j\u016bras\" src=\"https:\/\/www.europesays.com\/lv\/wp-content\/uploads\/2025\/11\/20251114-Bbh.jpg\"\/><\/a><\/p>\n<p>            Latvija\u00a0<br \/>\n            <a href=\"https:\/\/travelnews.lv\/?m_id=18254&amp;i_id=5&amp;pub_id=152480\" rel=\"nofollow noopener\" target=\"_blank\">Gaismas, dziesmas un j\u016bra \u2013 J\u016brmala svin Latviju grandioz\u0101 programm\u0101 pie j\u016bras<\/a>         \t<\/p>\n<p>\t\t\t\t\t\t<a href=\"https:\/\/travelnews.lv\/?m_id=18607&amp;i_id=5&amp;pub_id=152504\" rel=\"nofollow noopener\" target=\"_blank\"><img decoding=\"async\" width=\"100%\" border=\"0\" alt=\"2025.gada 18.novembr\u012b, k\u0101 katru gadu, aicin\u0101m valsts sv\u0113tkus sagaid\u012bt Likte\u0146d\u0101rz\u0101\" src=\"https:\/\/www.europesays.com\/lv\/wp-content\/uploads\/2025\/11\/20251117-Liktendarzs.jpg\"\/><\/a><\/p>\n<p>            Latvija\u00a0<br \/>\n            <a href=\"https:\/\/travelnews.lv\/?m_id=18607&amp;i_id=5&amp;pub_id=152504\" rel=\"nofollow noopener\" target=\"_blank\">2025.gada 18.novembr\u012b, k\u0101 katru gadu, aicin\u0101m valsts sv\u0113tkus sagaid\u012bt Likte\u0146d\u0101rz\u0101<\/a>    <\/p>\n<p>\t\t\t\t\t\t<a href=\"https:\/\/travelnews.lv\/?m_id=18505&amp;i_id=5&amp;pub_id=152352\" rel=\"nofollow noopener\" target=\"_blank\"><img decoding=\"async\" width=\"100%\" border=\"0\" alt=\"Svin\u0113sim Latvijas valsts sv\u0113tkus Valmieras novad\u0101!\" src=\"https:\/\/www.europesays.com\/lv\/wp-content\/uploads\/2025\/11\/20251105-Valmiera.jpg\"\/><\/a><\/p>\n<p>            Latvija\u00a0<br \/>\n            <a href=\"https:\/\/travelnews.lv\/?m_id=18505&amp;i_id=5&amp;pub_id=152352\" rel=\"nofollow noopener\" target=\"_blank\">Svin\u0113sim Latvijas valsts sv\u0113tkus Valmieras novad\u0101!<\/a>    <\/p>\n<p>\t\t\t\t\t\t<a href=\"https:\/\/travelnews.lv\/?m_id=18254&amp;i_id=5&amp;pub_id=152437\" rel=\"nofollow noopener\" target=\"_blank\"><img decoding=\"async\" width=\"100%\" border=\"0\" alt=\"Valsts sv\u0113tkos J\u016brmal\u0101 \u2013 \u00abGaismas ce\u013c\u0161\u00bb un sv\u0113tku koncerts\" src=\"https:\/\/www.europesays.com\/lv\/wp-content\/uploads\/2025\/11\/20251111-Gaismascels.jpg\"\/><\/a><\/p>\n<p>            \u00a0<br \/>\n            <a href=\"https:\/\/travelnews.lv\/?m_id=18254&amp;i_id=5&amp;pub_id=152437\" rel=\"nofollow noopener\" target=\"_blank\">Valsts sv\u0113tkos J\u016brmal\u0101 \u2013 \u00abGaismas ce\u013c\u0161\u00bb un sv\u0113tku koncerts<\/a>    <\/p>\n<p>\t\t\tPARTNERU PIED\u0100V\u0100JUMI\t\t<\/p>\n<p>    \t<a rel=\"nofollow noopener\" href=\"http:\/\/visit.bauska.lv\/en\/inspiration\/meeting-venues-in-bauska\/\" target=\"_blank\" style=\"text-decoration:none\" onclick=\"ga(&#039;send&#039;, &#039;event&#039;, &#039;Pied\u0101v\u0101jumi&#039;, &#039;ClickTN&#039;, &#039;Bauskas TIC&#039;);\" wp_automatic_readability=\"2\"><img decoding=\"async\" width=\"100%\" src=\"https:\/\/travelnews.lv\/images\/lastminute\/l_1042801_Koncertu-konferec\u030cu-za\u0304le.jpg\" alt=\"Seminar and Conference Venues in Bauska\" border=\"0\" onload=\"ga('send', 'event', 'Pied\u0101v\u0101jumi', 'Show', 'Bauskas TIC');\"\/><\/p>\n<p title=\"visit.bauska.lv\/en\/inspiration\/meeting-venues-in-bauska\/\">Bauskas TIC: Seminar and Conference Venues in Bauska<\/p>\n<p><\/a><\/p>\n<p>    \t<a rel=\"nofollow noopener\" href=\"http:\/\/liepaja.travel\/22-novembri-liepajas-olimpiskaja-centra-norisinasies-starptautiskas-speka-atruma-un-izturibas-sacensibas-liepaja-throwdown\/\" target=\"_blank\" style=\"text-decoration:none\" onclick=\"ga(&#039;send&#039;, &#039;event&#039;, &#039;Pied\u0101v\u0101jumi&#039;, &#039;ClickTN&#039;, &#039;Liep\u0101jas re\u0123iona TIB&#039;);\" wp_automatic_readability=\"2\"><img decoding=\"async\" width=\"100%\" src=\"https:\/\/www.europesays.com\/lv\/wp-content\/uploads\/2025\/11\/l_104290440-dsc07539_karlisvolkovskisfoto-800x450.jpg\" alt=\"Iztur\u012bbas sacens\u012bbas \" liep=\"\" throwdown=\"\" border=\"0\" onload=\"ga('send', 'event', 'Pied\u0101v\u0101jumi', 'Show', 'Liep\u0101jas re\u0123iona TIB');\"\/><\/p>\n<p title=\"liepaja.travel\/22-novembri-liepajas-olimpiskaja-centra-norisinasies-starptautiskas-speka-atruma-un-izturibas-sacensibas-liepaja-throwdown\/\">Liep\u0101jas re\u0123iona TIB: Iztur\u012bbas sacens\u012bbas &#8220;Liep\u0101ja Throwdown&#8221;<\/p>\n<p><\/a><\/p>\n<p>    \t<a rel=\"nofollow noopener\" href=\"http:\/\/www.visitdaugavpils.lv\/turisma-objekts\/osvalds-skromans\/\" target=\"_blank\" style=\"text-decoration:none\" onclick=\"ga(&#039;send&#039;, &#039;event&#039;, &#039;Pied\u0101v\u0101jumi&#039;, &#039;ClickTN&#039;, &#039;Aug\u0161daugavas novada T\u016brisma noda\u013ca&#039;);\" wp_automatic_readability=\"2\"><img decoding=\"async\" width=\"100%\" src=\"https:\/\/www.europesays.com\/lv\/wp-content\/uploads\/2025\/11\/l_104309grozi-2-1024x684-3.jpg\" alt=\"Osvalds Skrom\u0101ns\" border=\"0\" onload=\"ga('send', 'event', 'Pied\u0101v\u0101jumi', 'Show', 'Aug\u0161daugavas novada T\u016brisma noda\u013ca');\"\/><\/p>\n<p title=\"www.visitdaugavpils.lv\/turisma-objekts\/osvalds-skromans\/\">Aug\u0161daugavas novada T\u016brisma noda\u013ca: Osvalds Skrom\u0101ns<\/p>\n<p><\/a><\/p>\n<p>\t\t\t\t\t\t<a href=\"https:\/\/travelnews.lv\/?m_id=18255&amp;i_id=5&amp;pub_id=152461\" rel=\"nofollow noopener\" target=\"_blank\"><img decoding=\"async\" width=\"100%\" border=\"0\" alt=\"Valsts sv\u0113tku pas\u0101kumi Ventspil\u012b \u2013 ar\u012b ugu\u0146o\u0161ana 18. novembr\u012b \" src=\"https:\/\/www.europesays.com\/lv\/wp-content\/uploads\/2025\/11\/20251113-Ventspils.jpg\"\/><\/a><\/p>\n<p>            \u00a0<br \/>\n            <a href=\"https:\/\/travelnews.lv\/?m_id=18255&amp;i_id=5&amp;pub_id=152461\" rel=\"nofollow noopener\" target=\"_blank\">Valsts sv\u0113tku pas\u0101kumi Ventspil\u012b \u2013 ar\u012b ugu\u0146o\u0161ana 18. novembr\u012b <\/a>         \t<\/p>\n<p>\t\t\t\t\t\t<a href=\"https:\/\/travelnews.lv\/?m_id=18255&amp;i_id=5&amp;pub_id=152494\" rel=\"nofollow noopener\" target=\"_blank\"><img decoding=\"async\" width=\"100%\" border=\"0\" alt=\"Valsts sv\u0113tku koncerts Ventspil\u012b \u00abBaltas balsis Latvijai\u00bb\" src=\"https:\/\/www.europesays.com\/lv\/wp-content\/uploads\/2025\/11\/20251117-Ventspils.jpg\"\/><\/a><\/p>\n<p>            Latvija\u00a0<br \/>\n            <a href=\"https:\/\/travelnews.lv\/?m_id=18255&amp;i_id=5&amp;pub_id=152494\" rel=\"nofollow noopener\" target=\"_blank\">Valsts sv\u0113tku koncerts Ventspil\u012b \u00abBaltas balsis Latvijai\u00bb<\/a>         \t<\/p>\n<p>\t\t\t\t\t\t<a href=\"https:\/\/travelnews.lv\/?m_id=18526&amp;i_id=5&amp;pub_id=152518\" rel=\"nofollow noopener\" target=\"_blank\"><img decoding=\"async\" width=\"100%\" border=\"0\" alt=\"18. novembris v\u0113stur\u0113: Apvienotaj\u0101 Karalist\u0113 aizliedz britu tradicion\u0101lo lapsu med\u012bbu veidu ar su\u0146iem\" src=\"https:\/\/www.europesays.com\/lv\/wp-content\/uploads\/2025\/11\/20251118-Lapsas.jpg\"\/><\/a><\/p>\n<p>            Lielbrit\u0101nija\u00a0<br \/>\n            <a href=\"https:\/\/travelnews.lv\/?m_id=18526&amp;i_id=5&amp;pub_id=152518\" rel=\"nofollow noopener\" target=\"_blank\">18. novembris v\u0113stur\u0113: Apvienotaj\u0101 Karalist\u0113 aizliedz britu tradicion\u0101lo lapsu med\u012bbu veidu ar su\u0146iem<\/a>    <\/p>\n<p>\t\t\t\t\t\t<a href=\"https:\/\/travelnews.lv\/?m_id=18253&amp;i_id=5&amp;pub_id=152527\" rel=\"nofollow noopener\" target=\"_blank\"><img decoding=\"async\" width=\"100%\" border=\"0\" alt=\"R\u012bga atz\u012bta par l\u0113t\u0101ko Ziemassv\u0113tku tirdzi\u0146u galam\u0113r\u0137i Eirop\u0101 \" src=\"https:\/\/www.europesays.com\/lv\/wp-content\/uploads\/2025\/11\/20251119-Riga.jpg\"\/><\/a><\/p>\n<p>            \u00a0<br \/>\n            <a href=\"https:\/\/travelnews.lv\/?m_id=18253&amp;i_id=5&amp;pub_id=152527\" rel=\"nofollow noopener\" target=\"_blank\">R\u012bga atz\u012bta par l\u0113t\u0101ko Ziemassv\u0113tku tirdzi\u0146u galam\u0113r\u0137i Eirop\u0101 <\/a>    <\/p>\n<p>\t\t\t\t\t\t<a href=\"https:\/\/travelnews.lv\/?m_id=18312&amp;i_id=5&amp;pub_id=152526\" rel=\"nofollow noopener\" target=\"_blank\"><img decoding=\"async\" width=\"100%\" border=\"0\" alt=\"Lietuv\u0101 notikusi pla\u0161a oper\u0101cija pret gaisa balonu kontrabandistiem\" src=\"https:\/\/www.europesays.com\/lv\/wp-content\/uploads\/2025\/11\/20251119-Rokudzelzi.jpg\"\/><\/a><\/p>\n<p>            Lietuva\u00a0<br \/>\n            <a href=\"https:\/\/travelnews.lv\/?m_id=18312&amp;i_id=5&amp;pub_id=152526\" rel=\"nofollow noopener\" target=\"_blank\">Lietuv\u0101 notikusi pla\u0161a oper\u0101cija pret gaisa balonu kontrabandistiem<\/a>    <\/p>\n<p>\t\t\tPARTNERU PIED\u0100V\u0100JUMI\t\t<\/p>\n<p>    \t<a rel=\"nofollow noopener\" href=\"http:\/\/www.trakai-visit.lt\/lv\/naujienos\/10-interesanti-objekti-ko-verts-apskatit-trakos\/\" target=\"_blank\" style=\"text-decoration:none\" onclick=\"ga(&#039;send&#039;, &#039;event&#039;, &#039;Pied\u0101v\u0101jumi&#039;, &#039;ClickTN&#039;, &#039;Trakai TIC&#039;);\" wp_automatic_readability=\"3\"><img decoding=\"async\" width=\"100%\" src=\"https:\/\/www.europesays.com\/lv\/wp-content\/uploads\/2025\/11\/l_103547sumazinta.jpg\" alt=\"10 interesanti objekti, ko v\u0113rts apskat\u012bt \" border=\"0\" onload=\"ga('send', 'event', 'Pied\u0101v\u0101jumi', 'Show', 'Trakai TIC');\"\/><\/p>\n<p title=\"www.trakai-visit.lt\/lv\/naujienos\/10-interesanti-objekti-ko-verts-apskatit-trakos\/\">Trakai TIC: 10 interesanti objekti, ko v\u0113rts apskat\u012bt <\/p>\n<p><\/a><\/p>\n<p>    \t<a rel=\"nofollow noopener\" href=\"http:\/\/www.itaka.lv\/atputas-celojumi\/maroka\/agadira\/anezi-tower,AMTSMA0IKK.html\" target=\"_blank\" style=\"text-decoration:none\" onclick=\"ga(&#039;send&#039;, &#039;event&#039;, &#039;Pied\u0101v\u0101jumi&#039;, &#039;ClickTN&#039;, &#039;Itaka Latvia&#039;);\" wp_automatic_readability=\"2\"><img decoding=\"async\" width=\"100%\" src=\"https:\/\/www.europesays.com\/lv\/wp-content\/uploads\/2025\/11\/l_104124morocco.jpg\" alt=\"Maroka! Cena s\u0101kot no 359 eur!\" border=\"0\" onload=\"ga('send', 'event', 'Pied\u0101v\u0101jumi', 'Show', 'Itaka Latvia');\"\/><\/p>\n<p title=\"www.itaka.lv\/atputas-celojumi\/maroka\/agadira\/anezi-tower,AMTSMA0IKK.html\">Itaka Latvia: Maroka! Cena s\u0101kot no 359 eur!<\/p>\n<p><\/a><\/p>\n<p>    \t<a rel=\"nofollow noopener\" href=\"http:\/\/visit.valmiera.lv\/pasakumi\/omuliba-kopa-ar-arti-simpermani\/\" target=\"_blank\" style=\"text-decoration:none\" onclick=\"ga(&#039;send&#039;, &#039;event&#039;, &#039;Pied\u0101v\u0101jumi&#039;, &#039;ClickTN&#039;, &#039;Valmieras novada T\u016brisma p\u0101rvalde&#039;);\" wp_automatic_readability=\"2\"><img decoding=\"async\" width=\"100%\" src=\"https:\/\/www.europesays.com\/lv\/wp-content\/uploads\/2025\/11\/l_104180Rujiena Rigas iela 8 (3).jpg\" alt=\"\u201cOmul\u012bba\u201d kop\u0101 ar Arti \u0160impermani\" border=\"0\" onload=\"ga('send', 'event', 'Pied\u0101v\u0101jumi', 'Show', 'Valmieras novada T\u016brisma p\u0101rvalde');\"\/><\/p>\n<p title=\"visit.valmiera.lv\/pasakumi\/omuliba-kopa-ar-arti-simpermani\/\">Valmieras novada T\u016brisma p\u0101rvalde: \u201cOmul\u012bba\u201d kop\u0101 ar Arti \u0160impermani<\/p>\n<p><\/a><\/p>\n<p>\t\t\t\t\t\t<a href=\"https:\/\/travelnews.lv\/?m_id=18529&amp;i_id=5&amp;pub_id=152493\" rel=\"nofollow noopener\" target=\"_blank\"><img decoding=\"async\" width=\"100%\" border=\"0\" alt=\"Latvijai dzim\u0161anas dien\u0101 \u2013 sakopts di\u017eozols Piloru audz\u0113\" src=\"https:\/\/www.europesays.com\/lv\/wp-content\/uploads\/2025\/11\/20251117-Dizozols.jpg\"\/><\/a><\/p>\n<p>            Latvija\u00a0<br \/>\n            <a href=\"https:\/\/travelnews.lv\/?m_id=18529&amp;i_id=5&amp;pub_id=152493\" rel=\"nofollow noopener\" target=\"_blank\">Latvijai dzim\u0161anas dien\u0101 \u2013 sakopts di\u017eozols Piloru audz\u0113<\/a>         \t<\/p>\n<p>\t\t\t\t\t\t<a href=\"https:\/\/travelnews.lv\/?m_id=18505&amp;i_id=5&amp;pub_id=152479\" rel=\"nofollow noopener\" target=\"_blank\"><img decoding=\"async\" width=\"100%\" border=\"0\" alt=\"Andrejdienas p\u0101rg\u0101jiens Nauk\u0161\u0113nu pus\u0113 \u2013 piedz\u012bvojums v\u0113stur\u0113, dab\u0101 un gar\u0161\u0101s\" src=\"https:\/\/www.europesays.com\/lv\/wp-content\/uploads\/2025\/11\/20251114-Andrejdiena.jpg\"\/><\/a><\/p>\n<p>            Latvija\u00a0<br \/>\n            <a href=\"https:\/\/travelnews.lv\/?m_id=18505&amp;i_id=5&amp;pub_id=152479\" rel=\"nofollow noopener\" target=\"_blank\">Andrejdienas p\u0101rg\u0101jiens Nauk\u0161\u0113nu pus\u0113 \u2013 piedz\u012bvojums v\u0113stur\u0113, dab\u0101 un gar\u0161\u0101s<\/a>         \t<\/p>\n<p>\t\t <a title=\"Gaismas festiv\u0101ls \u00abStaro R\u012bga 2025\u00bb uzrun\u0101 pils\u0113tas viesus un r\u012bdziniekus - Foto\" href=\"http:\/\/travelnews.lv\/foto\/?gid=12818\" target=\"_blank\" rel=\"nofollow noopener\"><img decoding=\"async\" width=\"100%\" border=\"0\" src=\"https:\/\/www.europesays.com\/lv\/wp-content\/uploads\/2025\/11\/1-1595486539.jpg\" alt=\"\"\/><\/a>\t       \t<\/p>\n<p>            Latvija\u00a0<br \/>\n            <a title=\"Gaismas festiv\u0101ls \u00abStaro R\u012bga 2025\u00bb uzrun\u0101 pils\u0113tas viesus un r\u012bdziniekus - Foto\" href=\"http:\/\/travelnews.lv\/foto\/?gid=12818\" target=\"_blank\" rel=\"nofollow noopener\">Gaismas festiv\u0101ls \u00abStaro R\u012bga 2025\u00bb uzrun\u0101 pils\u0113tas viesus un r\u012bdziniekus &#8211; Foto<\/a>    <\/p>\n<p>\t\t\t\t\t\t<a href=\"https:\/\/travelnews.lv\/?m_id=18257&amp;i_id=5&amp;pub_id=152505\" rel=\"nofollow noopener\" target=\"_blank\"><img decoding=\"async\" width=\"100%\" border=\"0\" alt=\"Aicina uz Valsts sv\u0113tku deju koncertu \u00abManai zemei Latvijai\u00bb\" src=\"https:\/\/www.europesays.com\/lv\/wp-content\/uploads\/2025\/11\/20251117-Liepaja.jpg\"\/><\/a><\/p>\n<p>            Latvija\u00a0<br \/>\n            <a href=\"https:\/\/travelnews.lv\/?m_id=18257&amp;i_id=5&amp;pub_id=152505\" rel=\"nofollow noopener\" target=\"_blank\">Aicina uz Valsts sv\u0113tku deju koncertu \u00abManai zemei Latvijai\u00bb<\/a>    <\/p>\n<p>\t\t\t\t\t\t<a href=\"https:\/\/travelnews.lv\/?m_id=18276&amp;i_id=5&amp;pub_id=152498\" rel=\"nofollow noopener\" target=\"_blank\"><img decoding=\"async\" width=\"100%\" border=\"0\" alt=\"\u00abairBaltic\u00bb lidma\u0161\u012bna piedal\u012bsies Latvijas valsts sv\u0113tku par\u0101d\u0113\" src=\"https:\/\/www.europesays.com\/lv\/wp-content\/uploads\/2025\/11\/20251117-Baltiks.jpg\"\/><\/a><\/p>\n<p>            Latvija\u00a0<br \/>\n            <a href=\"https:\/\/travelnews.lv\/?m_id=18276&amp;i_id=5&amp;pub_id=152498\" rel=\"nofollow noopener\" target=\"_blank\">\u00abairBaltic\u00bb lidma\u0161\u012bna piedal\u012bsies Latvijas valsts sv\u0113tku par\u0101d\u0113<\/a>    <\/p>\n<p>\t\t\tPARTNERU PIED\u0100V\u0100JUMI\t\t<\/p>\n<p>    \t<a rel=\"nofollow noopener\" href=\"http:\/\/www.balticbeach.lv\/ipasie-piedavajumi-luksusa-davanas\/izklaides-pasakumi\/jauna-gada-pre-party-disco-vakars-27-12-567\" target=\"_blank\" style=\"text-decoration:none\" onclick=\"ga(&#039;send&#039;, &#039;event&#039;, &#039;Pied\u0101v\u0101jumi&#039;, &#039;ClickTN&#039;, &#039;Baltic Beach Hotel &amp; SPA&#039;);\" wp_automatic_readability=\"2\"><img decoding=\"async\" width=\"100%\" src=\"https:\/\/www.europesays.com\/lv\/wp-content\/uploads\/2025\/11\/l_104231Disco ziemassvetki hor.jpg\" alt=\"New year pre-party ball\u012bte J\u016brmala \" border=\"0\" onload=\"ga('send', 'event', 'Pied\u0101v\u0101jumi', 'Show', 'Baltic Beach Hotel &amp; SPA');\"\/><\/p>\n<p title=\"www.balticbeach.lv\/ipasie-piedavajumi-luksusa-davanas\/izklaides-pasakumi\/jauna-gada-pre-party-disco-vakars-27-12-567\">Baltic Beach Hotel &amp; SPA: New year pre-party ball\u012bte J\u016brmala <\/p>\n<p><\/a><\/p>\n<p>    \t<a rel=\"nofollow noopener\" href=\"http:\/\/www.visitventspils.com\/pasakums\/svetku-mazbanitis\/\" target=\"_blank\" style=\"text-decoration:none\" onclick=\"ga(&#039;send&#039;, &#039;event&#039;, &#039;Pied\u0101v\u0101jumi&#039;, &#039;ClickTN&#039;, &#039;Ventspils TIC&#039;);\" wp_automatic_readability=\"2\"><img decoding=\"async\" width=\"100%\" src=\"https:\/\/www.europesays.com\/lv\/wp-content\/uploads\/2025\/11\/l_104233vhrs_2024_-banitis-7-1-scaled-1-1080x720.jpg\" alt=\"Sv\u0113tku Mazb\u0101n\u012btis\" border=\"0\" onload=\"ga('send', 'event', 'Pied\u0101v\u0101jumi', 'Show', 'Ventspils TIC');\"\/><\/p>\n<p title=\"www.visitventspils.com\/pasakums\/svetku-mazbanitis\/\">Ventspils TIC: Sv\u0113tku Mazb\u0101n\u012btis<\/p>\n<p><\/a><\/p>\n<p>    \t<a rel=\"nofollow noopener\" href=\"http:\/\/visit.rezekne.lv\/objekti\/dizaina-veikals-kabata\/\" target=\"_blank\" style=\"text-decoration:none\" onclick=\"ga(&#039;send&#039;, &#039;event&#039;, &#039;Pied\u0101v\u0101jumi&#039;, &#039;ClickTN&#039;, &#039;R\u0113zeknes pils\u0113tas TIC&#039;);\" wp_automatic_readability=\"3\"><img decoding=\"async\" width=\"100%\" src=\"https:\/\/www.europesays.com\/lv\/wp-content\/uploads\/2025\/11\/l_104258468464413_17849867253345834_6587819495405699904_n.jpg\" alt=\"\" kabata:=\"\" viet=\"\" dizains=\"\" kas=\"\" iedvesmo=\"\" border=\"0\" onload=\"ga('send', 'event', 'Pied\u0101v\u0101jumi', 'Show', 'R\u0113zeknes pils\u0113tas TIC');\"\/><\/p>\n<p title=\"visit.rezekne.lv\/objekti\/dizaina-veikals-kabata\/\">R\u0113zeknes pils\u0113tas TIC: &#8220;KABATA: Viet\u0113jais dizains, kas iedvesmo&#8221;<\/p>\n<p><\/a><\/p>\n<p>\t\t <a title=\"\u00abMyFitness S\u0101ga\u00bb pied\u0101v\u0101s Baltij\u0101 pirmos tr\u012bs \u00abPadel by MyFitness\u00bb kortus - Foto\" href=\"http:\/\/travelnews.lv\/foto\/?gid=12815\" target=\"_blank\" rel=\"nofollow noopener\"><img decoding=\"async\" src=\"https:\/\/www.europesays.com\/lv\/wp-content\/uploads\/2025\/11\/1763447978_764_2-1258046189.jpg\" alt=\"\" title=\"\u00abMyFitness S\u0101ga\u00bb pied\u0101v\u0101s Baltij\u0101 pirmos tr\u012bs \u00abPadel by MyFitness\u00bb kortus - Foto\" width=\"100%\" border=\"0\"\/><\/a>\t<\/p>\n<p>            Latvija\u00a0<br \/>\n            <a title=\"\u00abMyFitness S\u0101ga\u00bb pied\u0101v\u0101s Baltij\u0101 pirmos tr\u012bs \u00abPadel by MyFitness\u00bb kortus - Foto\" href=\"http:\/\/travelnews.lv\/foto\/?gid=12815\" target=\"_blank\" rel=\"nofollow noopener\">\u00abMyFitness S\u0101ga\u00bb pied\u0101v\u0101s Baltij\u0101 pirmos tr\u012bs \u00abPadel by MyFitness\u00bb kortus &#8211; Foto<\/a>         \t<\/p>\n<p>\t\t <a title=\"Sv\u0113tku ned\u0113\u013cas vakaros Ventspils iemirdzas patriotisk\u0101s kr\u0101s\u0101s - Foto\" href=\"http:\/\/travelnews.lv\/foto\/?gid=12817\" target=\"_blank\" rel=\"nofollow noopener\"><img decoding=\"async\" src=\"https:\/\/www.europesays.com\/lv\/wp-content\/uploads\/2025\/11\/1-737632958.jpg\" alt=\"\" title=\"Sv\u0113tku ned\u0113\u013cas vakaros Ventspils iemirdzas patriotisk\u0101s kr\u0101s\u0101s - Foto\" width=\"100%\" border=\"0\"\/><\/a>\t<\/p>\n<p>            Latvija\u00a0<br \/>\n            <a title=\"Sv\u0113tku ned\u0113\u013cas vakaros Ventspils iemirdzas patriotisk\u0101s kr\u0101s\u0101s - Foto\" href=\"http:\/\/travelnews.lv\/foto\/?gid=12817\" target=\"_blank\" rel=\"nofollow noopener\">Sv\u0113tku ned\u0113\u013cas vakaros Ventspils iemirdzas patriotisk\u0101s kr\u0101s\u0101s &#8211; Foto<\/a>         \t<\/p>\n<p>\t\t <a title=\"Kato\u013cu kardin\u0101ls J\u0101nis Pujats kop\u0101 ar kristie\u0161iem svin savu 95. dzim\u0161anas dienu - Foto\" href=\"http:\/\/travelnews.lv\/foto\/?gid=12816\" target=\"_blank\" rel=\"nofollow noopener\"><img decoding=\"async\" width=\"100%\" border=\"0\" src=\"https:\/\/www.europesays.com\/lv\/wp-content\/uploads\/2025\/11\/1-359823881.jpg\" alt=\"\"\/><\/a>\t       \t<\/p>\n<p>            Latvija\u00a0<br \/>\n            <a title=\"Kato\u013cu kardin\u0101ls J\u0101nis Pujats kop\u0101 ar kristie\u0161iem svin savu 95. dzim\u0161anas dienu - Foto\" href=\"http:\/\/travelnews.lv\/foto\/?gid=12816\" target=\"_blank\" rel=\"nofollow noopener\">Kato\u013cu kardin\u0101ls J\u0101nis Pujats kop\u0101 ar kristie\u0161iem svin savu 95. dzim\u0161anas dienu &#8211; Foto<\/a>    <\/p>\n<p>\t\t\t\t\t\t<a href=\"https:\/\/travelnews.lv\/?m_id=18526&amp;i_id=5&amp;pub_id=152513\" rel=\"nofollow noopener\" target=\"_blank\"><img decoding=\"async\" width=\"100%\" border=\"0\" alt=\"17. novembris v\u0113stur\u0113: Igaunijas M\u0101kslas muzejs svin dzim\u0161anas dienu\" src=\"https:\/\/www.europesays.com\/lv\/wp-content\/uploads\/2025\/11\/20251117-Kardiorg.jpg\"\/><\/a><\/p>\n<p>            Igaunija\u00a0<br \/>\n            <a href=\"https:\/\/travelnews.lv\/?m_id=18526&amp;i_id=5&amp;pub_id=152513\" rel=\"nofollow noopener\" target=\"_blank\">17. novembris v\u0113stur\u0113: Igaunijas M\u0101kslas muzejs svin dzim\u0161anas dienu<\/a>    <\/p>\n<p>\t\t\t\t\t\t<a href=\"https:\/\/travelnews.lv\/?m_id=18620&amp;i_id=5&amp;pub_id=152509\" rel=\"nofollow noopener\" target=\"_blank\"><img decoding=\"async\" width=\"100%\" border=\"0\" alt=\"UNESCO aizsarg\u0101t\u0101 Marake\u0161as med\u012bna\" src=\"https:\/\/www.europesays.com\/lv\/wp-content\/uploads\/2025\/11\/20251117-Marakesha.jpg\"\/><\/a><\/p>\n<p>            Maroka\u00a0<br \/>\n            <a href=\"https:\/\/travelnews.lv\/?m_id=18620&amp;i_id=5&amp;pub_id=152509\" rel=\"nofollow noopener\" target=\"_blank\">UNESCO aizsarg\u0101t\u0101 Marake\u0161as med\u012bna<\/a>    <\/p>\n<p>\t\t\tPARTNERU PIED\u0100V\u0100JUMI\t\t<\/p>\n<p>    \t<a rel=\"nofollow noopener\" href=\"http:\/\/visit.bauska.lv\/lv\/iedvesmai\/konferencu-un-korporativo-pasakumu-vietas-bauskas-novada\/\" target=\"_blank\" style=\"text-decoration:none\" onclick=\"ga(&#039;send&#039;, &#039;event&#039;, &#039;Pied\u0101v\u0101jumi&#039;, &#039;ClickTN&#039;, &#039;Bauskas TIC&#039;);\" wp_automatic_readability=\"2\"><img decoding=\"async\" width=\"100%\" src=\"https:\/\/travelnews.lv\/images\/lastminute\/l_1042791_Koncertu-konferec\u030cu-za\u0304le.jpg\" alt=\"Semin\u0101ru un konferen\u010du vietas Bausk\u0101\" border=\"0\" onload=\"ga('send', 'event', 'Pied\u0101v\u0101jumi', 'Show', 'Bauskas TIC');\"\/><\/p>\n<p title=\"visit.bauska.lv\/lv\/iedvesmai\/konferencu-un-korporativo-pasakumu-vietas-bauskas-novada\/\">Bauskas TIC: Semin\u0101ru un konferen\u010du vietas Bausk\u0101<\/p>\n<p><\/a><\/p>\n<p>    \t<a rel=\"nofollow noopener\" href=\"http:\/\/liepaja.travel\/21-un-22-novembri-liepaja-notiks-pasaules-meroga-ziemas-peldesanas-posms\/\" target=\"_blank\" style=\"text-decoration:none\" onclick=\"ga(&#039;send&#039;, &#039;event&#039;, &#039;Pied\u0101v\u0101jumi&#039;, &#039;ClickTN&#039;, &#039;Liep\u0101jas re\u0123iona TIB&#039;);\" wp_automatic_readability=\"2\"><img decoding=\"async\" width=\"100%\" src=\"https:\/\/www.europesays.com\/lv\/wp-content\/uploads\/2025\/11\/l_104289edgarsfoto_web_1093-800x450.jpg\" alt=\"Ziemas peld\u0113\u0161ana Liep\u0101j\u0101\" border=\"0\" onload=\"ga('send', 'event', 'Pied\u0101v\u0101jumi', 'Show', 'Liep\u0101jas re\u0123iona TIB');\"\/><\/p>\n<p title=\"liepaja.travel\/21-un-22-novembri-liepaja-notiks-pasaules-meroga-ziemas-peldesanas-posms\/\">Liep\u0101jas re\u0123iona TIB: Ziemas peld\u0113\u0161ana Liep\u0101j\u0101<\/p>\n<p><\/a><\/p>\n<p>    \t<a rel=\"nofollow noopener\" href=\"http:\/\/www.visitdaugavpils.lv\/turisma-objekts\/kokgriesanas-meistara-vara-vilcana-darbnica\/\" target=\"_blank\" style=\"text-decoration:none\" onclick=\"ga(&#039;send&#039;, &#039;event&#039;, &#039;Pied\u0101v\u0101jumi&#039;, &#039;ClickTN&#039;, &#039;Aug\u0161daugavas novada T\u016brisma noda\u013ca&#039;);\" wp_automatic_readability=\"2\"><img decoding=\"async\" width=\"100%\" src=\"https:\/\/www.europesays.com\/lv\/wp-content\/uploads\/2025\/11\/l_104307varisvilcans3.jpg\" alt=\"Kokgrie\u0161anas meistara Vilc\u0101na darbn\u012bca\" border=\"0\" onload=\"ga('send', 'event', 'Pied\u0101v\u0101jumi', 'Show', 'Aug\u0161daugavas novada T\u016brisma noda\u013ca');\"\/><\/p>\n<p title=\"www.visitdaugavpils.lv\/turisma-objekts\/kokgriesanas-meistara-vara-vilcana-darbnica\/\">Aug\u0161daugavas novada T\u016brisma noda\u013ca: Kokgrie\u0161anas meistara Vilc\u0101na darbn\u012bca<\/p>\n<p><\/a><\/p>\n<p>\t<a class=\"float_left\" href=\"http:\/\/bit.ly\/TN_lv\" title=\"BalticTravelnews: Facebook\" target=\"_blank\" rel=\"nofollow noopener\"><\/a><br \/>\n    <a class=\"float_left\" href=\"https:\/\/www.instagram.com\/travelnews_lv\" title=\"BalticTravelnews: Instagram\" target=\"_blank\" rel=\"nofollow noopener\"><\/a><\/p>\n<p>    <a class=\"float_left\" href=\"https:\/\/travelnews.lv\/feed_lv.rss\" title=\"BatlicTrawelnews: RSS\" target=\"_blank\" rel=\"nofollow noopener\"><\/a><br \/>\n\t<a class=\"float_left\" href=\"https:\/\/www.youtube.com\/channel\/UCyAOkas_ZlqChLWYURdv-Fw\" title=\"BatlicTrawelnews: YouTube\" target=\"_blank\" rel=\"nofollow noopener\"><\/a><\/p>\n<p>    <a class=\"ml-onclick-form float_left\" href=\"https:\/\/travelnews.lv\/javascript:void(0)\" onclick=\"ml(&#039;show&#039;, &#039;NUMZgC&#039;, true)\" rel=\"nofollow noopener\" target=\"_blank\"><\/a><\/p>\n<p class=\"top_titles\">\nAleksandrs, Doloresa <\/p>\n<p>    <img loading=\"lazy\" decoding=\"async\" src=\"https:\/\/www.europesays.com\/lv\/wp-content\/uploads\/2025\/09\/bullets_title.gif\" alt=\"\" width=\"10\" height=\"10\"\/> REKL\u0100MA<\/p>\n<\/td>\n<p><script async src=\"\/\/www.instagram.com\/embed.js\"><\/script><\/p>\n","protected":false},"excerpt":{"rendered":"]]]]]]]]&gt;]]]]]]&gt;]]]]&gt;]]&gt; Latvija\u00a0 Travelnews.lv sveic sv\u0113tkos las\u012bt\u0101jus, sadarb\u012bbas partnerus un Lieldraugus: Daudz laimes, Latvija! Latvija\u00a0 Atjaunotajam Jelgavas Sv. Tr\u012bsvien\u012bbas&hellip;\n","protected":false},"author":2,"featured_media":52378,"comment_status":"","ping_status":"","sticky":false,"template":"","format":"standard","meta":{"footnotes":""},"categories":[14],"tags":[23,57,1991,1997,1999,1979,2001,28,29,1992,1978,32,33,1993,1996,22,1981,1982,1985,1990,90,2002,1989,1988,30,31,35,39,38,36,37,34,1984,40,20,1998,26,27,2000,24,25,1986,1995,1987,1994,1980,1983,54,55,56,21,58],"class_list":{"0":"post-52377","1":"post","2":"type-post","3":"status-publish","4":"format-standard","5":"has-post-thumbnail","7":"category-zinas-no-arvalstim","8":"tag-aktualitates","9":"tag-arvalstim","10":"tag-atlaides","11":"tag-atputa","12":"tag-augstskolas","13":"tag-autonomas","14":"tag-bari","15":"tag-breaking-news","16":"tag-breakingnews","17":"tag-celojumi","18":"tag-celojumu-agenturas","19":"tag-featured-news","20":"tag-featurednews","21":"tag-fotogalerijas","22":"tag-galamerki","23":"tag-headlines","24":"tag-hotels-in-latvia","25":"tag-hotels-in-riga","26":"tag-informacijas-centri","27":"tag-ipasie-piedavajumi","28":"tag-izklaide","29":"tag-kafejnicas","30":"tag-karstie-piedavajumi","31":"tag-katalogs","32":"tag-latest-news","33":"tag-latestnews","34":"tag-latvia","35":"tag-latvian","36":"tag-latviesu","37":"tag-latviesu-valoda","38":"tag-latviesuvaloda","39":"tag-latvija","40":"tag-lidsabiedribas","41":"tag-lv","42":"tag-news","43":"tag-on-line-rezervacijas","44":"tag-popularakas-zinas","45":"tag-popularakaszinas","46":"tag-restorani","47":"tag-top-stories","48":"tag-topstories","49":"tag-turisma-biroji","50":"tag-turisma-objekti","51":"tag-turisma-zinas","52":"tag-video","53":"tag-viesnicas-riga","54":"tag-viesu-nami","55":"tag-world","56":"tag-world-news","57":"tag-worldnews","58":"tag-zinas","59":"tag-zinas-no-arvalstim"},"share_on_mastodon":{"url":"","error":"Validation failed: Text character limit of 500 exceeded"},"_links":{"self":[{"href":"https:\/\/www.europesays.com\/lv\/wp-json\/wp\/v2\/posts\/52377","targetHints":{"allow":["GET"]}}],"collection":[{"href":"https:\/\/www.europesays.com\/lv\/wp-json\/wp\/v2\/posts"}],"about":[{"href":"https:\/\/www.europesays.com\/lv\/wp-json\/wp\/v2\/types\/post"}],"author":[{"embeddable":true,"href":"https:\/\/www.europesays.com\/lv\/wp-json\/wp\/v2\/users\/2"}],"replies":[{"embeddable":true,"href":"https:\/\/www.europesays.com\/lv\/wp-json\/wp\/v2\/comments?post=52377"}],"version-history":[{"count":0,"href":"https:\/\/www.europesays.com\/lv\/wp-json\/wp\/v2\/posts\/52377\/revisions"}],"wp:featuredmedia":[{"embeddable":true,"href":"https:\/\/www.europesays.com\/lv\/wp-json\/wp\/v2\/media\/52378"}],"wp:attachment":[{"href":"https:\/\/www.europesays.com\/lv\/wp-json\/wp\/v2\/media?parent=52377"}],"wp:term":[{"taxonomy":"category","embeddable":true,"href":"https:\/\/www.europesays.com\/lv\/wp-json\/wp\/v2\/categories?post=52377"},{"taxonomy":"post_tag","embeddable":true,"href":"https:\/\/www.europesays.com\/lv\/wp-json\/wp\/v2\/tags?post=52377"}],"curies":[{"name":"wp","href":"https:\/\/api.w.org\/{rel}","templated":true}]}}