{"id":52384,"date":"2025-11-18T06:47:08","date_gmt":"2025-11-18T06:47:08","guid":{"rendered":"https:\/\/www.europesays.com\/lv\/52384\/"},"modified":"2025-11-18T06:47:08","modified_gmt":"2025-11-18T06:47:08","slug":"latvija-dzimsanas-diena-vietam-uzspides-kads-saules-stars","status":"publish","type":"post","link":"https:\/\/www.europesays.com\/lv\/52384\/","title":{"rendered":"Latvija dzim\u0161anas dien\u0101 viet\u0101m uzsp\u012bd\u0113s k\u0101ds saules stars"},"content":{"rendered":"<p>Tom\u0113r br\u012b\u017eiem debesis ar\u012b skaidrosies, prognoz\u0113 sinopti\u0137i.<\/p>\n<p>P\u016bt\u012bs l\u0113ns l\u012bdz m\u0113rens rietumu, dienvidrietumu v\u0113j\u0161, dienas pirmaj\u0101 pus\u0113 piekrast\u0113 br\u0101zm\u0101s v\u0113l sasniedzot 14 metrus sekund\u0113.<\/p>\n<p>R\u012bg\u0101 br\u012b\u017eiem starp m\u0101ko\u0146iem uzsp\u012bd\u0113s saule. Pa laikam gaid\u0101ms lietus un slapj\u0161 sniegs. P\u016bt\u012bs l\u0113ns l\u012bdz m\u0113rens rietumu v\u0113j\u0161, bet maksim\u0101l\u0101 gaisa temperat\u016bra b\u016bs l\u012bdz +3&#8230;+4 gr\u0101di.<\/p>\n<p>K\u0101 inform\u0113 sinopti\u0137i, Latvijas Republikas Proklam\u0113\u0161anas dien\u0101 1918. gada 18. novembr\u012b R\u012bg\u0101 vald\u012bja v\u0113lam rudenim rakstur\u012bgi laika apst\u0101k\u013ci. Diennakts vid\u0113j\u0101 gaisa temperat\u016bra bija +2,2 gr\u0101di, dien\u0101 gaisam iesilstot l\u012bdz +5 gr\u0101diem, bet nakt\u012b gaisa temperat\u016brai nepazeminoties zem +0,9 gr\u0101diem. Nokri\u0161\u0146u \u0161aj\u0101 dien\u0101 nebija.<\/p>\n<p>Sinopti\u0137i nor\u0101da, ka v\u0113sturiski ir pieredz\u0113ti gan ruden\u012bgi silti, gan ziem\u012bgi auksti un sniegoti sv\u0113tki. Vissilt\u0101kais 18. novembris bija 2020. gad\u0101, kad valst\u012b vid\u0113j\u0101 diennakts gaisa temperat\u016bra bija +9 gr\u0101di. Todien teju vis\u0101s nov\u0113rojumu stacij\u0101s tika uzst\u0101d\u012bti jauni diennakts maksim\u0101l\u0101s gaisa temperat\u016bras rekordi, bet Bausk\u0101 uzst\u0101d\u012bts Latvijas 18. novembra rekords +12,2 gr\u0101di.<\/p>\n<p>Savuk\u0101rt aukst\u0101kais 18. novembris piedz\u012bvots 1998. gad\u0101, kad Latvijas vid\u0113j\u0101 diennakts gaisa temperat\u016bra bija -10,6 gr\u0101di, savuk\u0101rt dienas minim\u0101l\u0101s gaisa temperat\u016bras rekords pieder 1965. gadam, kad M\u0113rsrag\u0101 tika nov\u0113rots -18,1 gr\u0101ds.<\/p>\n","protected":false},"excerpt":{"rendered":"Tom\u0113r br\u012b\u017eiem debesis ar\u012b skaidrosies, prognoz\u0113 sinopti\u0137i. P\u016bt\u012bs l\u0113ns l\u012bdz m\u0113rens rietumu, dienvidrietumu v\u0113j\u0161, dienas pirmaj\u0101 pus\u0113 piekrast\u0113&hellip;\n","protected":false},"author":2,"featured_media":52385,"comment_status":"","ping_status":"","sticky":false,"template":"","format":"standard","meta":{"footnotes":""},"categories":[5],"tags":[23,28,29,32,33,22,396,397,30,31,35,39,38,36,37,34,40,20,26,27,24,25,21],"class_list":{"0":"post-52384","1":"post","2":"type-post","3":"status-publish","4":"format-standard","5":"has-post-thumbnail","7":"category-aktualitates","8":"tag-aktualitates","9":"tag-breaking-news","10":"tag-breakingnews","11":"tag-featured-news","12":"tag-featurednews","13":"tag-headlines","14":"tag-laika-zinas","15":"tag-laikapstakli","16":"tag-latest-news","17":"tag-latestnews","18":"tag-latvia","19":"tag-latvian","20":"tag-latviesu","21":"tag-latviesu-valoda","22":"tag-latviesuvaloda","23":"tag-latvija","24":"tag-lv","25":"tag-news","26":"tag-popularakas-zinas","27":"tag-popularakaszinas","28":"tag-top-stories","29":"tag-topstories","30":"tag-zinas"},"share_on_mastodon":{"url":"https:\/\/pubeurope.com\/@lv\/115569363832004454","error":""},"_links":{"self":[{"href":"https:\/\/www.europesays.com\/lv\/wp-json\/wp\/v2\/posts\/52384","targetHints":{"allow":["GET"]}}],"collection":[{"href":"https:\/\/www.europesays.com\/lv\/wp-json\/wp\/v2\/posts"}],"about":[{"href":"https:\/\/www.europesays.com\/lv\/wp-json\/wp\/v2\/types\/post"}],"author":[{"embeddable":true,"href":"https:\/\/www.europesays.com\/lv\/wp-json\/wp\/v2\/users\/2"}],"replies":[{"embeddable":true,"href":"https:\/\/www.europesays.com\/lv\/wp-json\/wp\/v2\/comments?post=52384"}],"version-history":[{"count":0,"href":"https:\/\/www.europesays.com\/lv\/wp-json\/wp\/v2\/posts\/52384\/revisions"}],"wp:featuredmedia":[{"embeddable":true,"href":"https:\/\/www.europesays.com\/lv\/wp-json\/wp\/v2\/media\/52385"}],"wp:attachment":[{"href":"https:\/\/www.europesays.com\/lv\/wp-json\/wp\/v2\/media?parent=52384"}],"wp:term":[{"taxonomy":"category","embeddable":true,"href":"https:\/\/www.europesays.com\/lv\/wp-json\/wp\/v2\/categories?post=52384"},{"taxonomy":"post_tag","embeddable":true,"href":"https:\/\/www.europesays.com\/lv\/wp-json\/wp\/v2\/tags?post=52384"}],"curies":[{"name":"wp","href":"https:\/\/api.w.org\/{rel}","templated":true}]}}