{"id":52392,"date":"2025-11-18T07:04:08","date_gmt":"2025-11-18T07:04:08","guid":{"rendered":"https:\/\/www.europesays.com\/lv\/52392\/"},"modified":"2025-11-18T07:04:08","modified_gmt":"2025-11-18T07:04:08","slug":"musu-atbildiba-ir-nepalikt-pagatne-bet-drosmigi-un-stingri-skatities-nakotne-ar-latvisko-pasapzinu","status":"publish","type":"post","link":"https:\/\/www.europesays.com\/lv\/52392\/","title":{"rendered":"M\u016bsu atbild\u012bba ir nepalikt pag\u0101tn\u0113, bet drosm\u012bgi un stingri skat\u012bties n\u0101kotn\u0113 ar latvisko pa\u0161apzi\u0146u"},"content":{"rendered":"<p>&#8220;\u0160odien m\u0113s pa\u0161i varam lemt savu likteni, un par to m\u0113s varam b\u016bt pateic\u012bgi m\u016bsu sen\u010diem &#8211; ka varam run\u0101t latvie\u0161u valod\u0101, kopt m\u016bsu kult\u016bru un trad\u012bcijas, ar lepnumu un atbild\u012bbu sarg\u0101t savu valsti. Latvijas st\u0101sts ir par iztur\u012bbu un tic\u012bbu. M\u0113s esam tauta, kas nepadev\u0101s, nepazaud\u0113ja sevi ne okup\u0101cij\u0101, ne klusuma gados, bet tic\u0113ja savai valstij,&#8221; pau\u017e premjere.<\/p>\n<p>Vi\u0146a uzsver, ka tagad mums t\u0101da valsts ir, un t\u0101 ir sv\u0113t\u012bba un atbild\u012bba katram no mums.<\/p>\n<p>Vald\u012bbas vad\u012bt\u0101ja pau\u017e, ka m\u016bsu valsts sp\u0113ks ir cilv\u0113kos &#8211; uz\u0146\u0113m\u0113jos, kas sap\u0146o un virza Latviju uz priek\u0161u, \u0123imen\u0113s &#8211; t\u0113tos un mamm\u0101s -, kas ved savus b\u0113rnus uz pirmo skolas dienu un iedro\u0161ina lieliem m\u0113r\u0137iem, k\u0101 ar\u012b skolot\u0101jos, kuri raisa b\u0113rnos zin\u0101tk\u0101ri, \u0101rstu rok\u0101s, karav\u012bru drosm\u0113 un zemnieku uz\u0146\u0113m\u012bb\u0101.<\/p>\n<p>&#8220;M\u0113s esam tauta, kas nekad nav g\u0101jusi vieglu ce\u013cu &#8211; m\u0113s esam savu valsti b\u016bv\u0113ju\u0161i pa\u0161i &#8211; soli pa solim. M\u016bsu trad\u012bcijas, valoda, latvisk\u0101s v\u0113rt\u012bbas ir m\u016bsu mugurkauls. Jo valsts esam ikviens no mums ar to, cik patriotiski dz\u012bvojam un k\u0101 uz\u0146emamies atbild\u012bbu par m\u016bsu Latviju &#8211; k\u0101 da\u013cu no Eiropas, no demokr\u0101tisk\u0101s pasaules,&#8221; nor\u0101da Sili\u0146a.<\/p>\n<p>Uzrun\u0101 vald\u012bbas vad\u012bt\u0101ja vaic\u0101, vai m\u0113s pa \u012bstam lepojamies ar to, kas esam un k\u0101di esam, un vai \u0161odien sp\u0113jam saskat\u012bt to, kas b\u016bs noz\u012bm\u012bgs r\u012bt.<\/p>\n<p>&#8220;M\u016bsu atbild\u012bba ir nepalikt pag\u0101tn\u0113, bet drosm\u012bgi un stingri skat\u012bties n\u0101kotn\u0113 ar latvisko pa\u0161apzi\u0146u, lai m\u016bsu b\u0113rni lepotos,&#8221; aicina vald\u012bbas vad\u012bt\u0101ja.<\/p>\n<p>K\u0101 pau\u017e premjere, vi\u0146ai ir tic\u012bba, ka Latvija ir un b\u016bs izdevusies valsts. &#8220;M\u016bsu uzdevums ir l\u012bdzi laikam b\u016bt soli priek\u0161\u0101, b\u016bt konkur\u0113tsp\u0113j\u012bgiem un elast\u012bgiem, vienlaikus nezaud\u0113jot savas saknes,&#8221; nor\u0101da Sili\u0146a.<\/p>\n<p>Vi\u0146a v\u0113l, lai ikkatram pietiek drosmes, emp\u0101tijas un sp\u0113ka, lai ik dienu stiprin\u0101tu Latviju.<\/p>\n","protected":false},"excerpt":{"rendered":"&#8220;\u0160odien m\u0113s pa\u0161i varam lemt savu likteni, un par to m\u0113s varam b\u016bt pateic\u012bgi m\u016bsu sen\u010diem &#8211; ka&hellip;\n","protected":false},"author":2,"featured_media":39673,"comment_status":"","ping_status":"","sticky":false,"template":"","format":"standard","meta":{"footnotes":""},"categories":[12],"tags":[12296,23,28,29,1249,32,33,22,30,31,35,39,38,36,37,34,40,20,26,27,24,25,21],"class_list":{"0":"post-52392","1":"post","2":"type-post","3":"status-publish","4":"format-standard","5":"has-post-thumbnail","7":"category-latvija","8":"tag-18-novembris","9":"tag-aktualitates","10":"tag-breaking-news","11":"tag-breakingnews","12":"tag-evika-silina","13":"tag-featured-news","14":"tag-featurednews","15":"tag-headlines","16":"tag-latest-news","17":"tag-latestnews","18":"tag-latvia","19":"tag-latvian","20":"tag-latviesu","21":"tag-latviesu-valoda","22":"tag-latviesuvaloda","23":"tag-latvija","24":"tag-lv","25":"tag-news","26":"tag-popularakas-zinas","27":"tag-popularakaszinas","28":"tag-top-stories","29":"tag-topstories","30":"tag-zinas"},"share_on_mastodon":{"url":"https:\/\/pubeurope.com\/@lv\/115569430630750316","error":""},"_links":{"self":[{"href":"https:\/\/www.europesays.com\/lv\/wp-json\/wp\/v2\/posts\/52392","targetHints":{"allow":["GET"]}}],"collection":[{"href":"https:\/\/www.europesays.com\/lv\/wp-json\/wp\/v2\/posts"}],"about":[{"href":"https:\/\/www.europesays.com\/lv\/wp-json\/wp\/v2\/types\/post"}],"author":[{"embeddable":true,"href":"https:\/\/www.europesays.com\/lv\/wp-json\/wp\/v2\/users\/2"}],"replies":[{"embeddable":true,"href":"https:\/\/www.europesays.com\/lv\/wp-json\/wp\/v2\/comments?post=52392"}],"version-history":[{"count":0,"href":"https:\/\/www.europesays.com\/lv\/wp-json\/wp\/v2\/posts\/52392\/revisions"}],"wp:featuredmedia":[{"embeddable":true,"href":"https:\/\/www.europesays.com\/lv\/wp-json\/wp\/v2\/media\/39673"}],"wp:attachment":[{"href":"https:\/\/www.europesays.com\/lv\/wp-json\/wp\/v2\/media?parent=52392"}],"wp:term":[{"taxonomy":"category","embeddable":true,"href":"https:\/\/www.europesays.com\/lv\/wp-json\/wp\/v2\/categories?post=52392"},{"taxonomy":"post_tag","embeddable":true,"href":"https:\/\/www.europesays.com\/lv\/wp-json\/wp\/v2\/tags?post=52392"}],"curies":[{"name":"wp","href":"https:\/\/api.w.org\/{rel}","templated":true}]}}