{"id":52395,"date":"2025-11-18T07:06:07","date_gmt":"2025-11-18T07:06:07","guid":{"rendered":"https:\/\/www.europesays.com\/lv\/52395\/"},"modified":"2025-11-18T07:06:07","modified_gmt":"2025-11-18T07:06:07","slug":"folkloras-kopa-vilkaci-nosvin-25-gadus-ar-koncertu-sirojums-celojums-senatne-lente-lv","status":"publish","type":"post","link":"https:\/\/www.europesays.com\/lv\/52395\/","title":{"rendered":"Folkloras kopa \u00abVilka\u010di\u00bb nosvin 25 gadus ar koncertu \u00abSirojums\u00bb: Ce\u013cojums senatn\u0113\u00a0\u2014\u00a0Lente.lv"},"content":{"rendered":"<p>Folkloras un seno c\u012b\u0146u kopas \u00abVilka\u010di\u00bb 25 gadu jubileja: Ce\u013cojums senatn\u0113 ar \u00abSirojumu\u00bb<\/p>\n<p>Folkloras un seno c\u012b\u0146u kopa \u00abVilka\u010di\u00bb nesen atz\u012bm\u0113ja savu 25. gadadienu ar iespaid\u012bgu koncertu \u00abSirojums\u00bb, kas norisin\u0101j\u0101s Tallinas ielas kvart\u0101la koncertz\u0101l\u0113 \u00abAng\u0101rs\u00bb R\u012bg\u0101. \u0160is pas\u0101kums, kas notika sestdien, 27. septembr\u012b, nebija tikai muzik\u0101ls notikums, bet gan dzi\u013c\u0161 un aizraujo\u0161s ce\u013cojums laik\u0101, godinot m\u016bsu sen\u010du dz\u012bveszi\u0146u un Latvijas bag\u0101to kult\u016brv\u0113sturisko mantojumu. Koncert\u0101 ieeja bija bez maksas, un tas pulc\u0113ja lielu kl\u0101teso\u0161o pulku, apliecinot kopas ilggad\u0113jo noz\u012bmi Latvijas kult\u016bras ainav\u0101.<\/p>\n<p>\u00abVilka\u010du\u00bb misija: Senatnes atspulgs m\u016bsdien\u0101s<\/p>\n<p>Kopa \u00abVilka\u010di\u00bb, kas tika dibin\u0101ta 2000. gada 22. septembr\u012b, jau ceturtda\u013cgadsimtu velta savu darb\u012bbu sen\u0101 Latvijas iedz\u012bvot\u0101ja t\u0113la rekonstrukcijai v\u0113l\u0101 dzelzs laikmeta period\u0101, kas aptver 9. l\u012bdz 13. gadsimtu. \u0160is bija v\u0113sturisks laikmets, kad Latvijas teritorij\u0101 plauka drosm\u012bgas un varenas ciltis \u2013 kur\u0161i, l\u012bvi, zemga\u013ci, latga\u013ci un s\u0113\u013ci. Vi\u0146u sp\u0113c\u012bg\u0101 dz\u012bveszi\u0146a, drosme un m\u012blest\u012bba pret dzimteni ir iedvesmas avots kopas dev\u012bzei: \u00abAr Sauli zoben\u0101 un P\u0113rkonu sird\u012b!\u00bb \u0160ie v\u0101rdi iedvesmo m\u016bsdienu latvie\u0161us, it \u012bpa\u0161i jaunatni, lai vi\u0146i sajustu savas saknes un nov\u0113rt\u0113tu savu unik\u0101lo identit\u0101ti arvien globaliz\u0113t\u0101k\u0101 un multikultur\u0101l\u0101k\u0101 pasaul\u0113.<\/p>\n<p>\u00abVilka\u010di\u00bb ir R\u012bgas valstspils\u0113tas pa\u0161vald\u012bbas kult\u016bras un tautas m\u0101kslas centra \u00abRitums\u00bb kolekt\u012bvs, kas jau 25 gadus nodarbojas ar nacion\u0101lpatriotisko audzin\u0101\u0161anu, trad\u012bciju un folkloras p\u0113tniec\u012bbu, k\u0101 ar\u012b sen\u0101 karav\u012bra dz\u012bvesveida un amatnieku prasmju apg\u016b\u0161anu un populariz\u0113\u0161anu. Pa\u0161laik kop\u0101 darbojas vair\u0101k nek\u0101 20 dal\u012bbnieku \u2013 dzied\u0101t\u0101ji, c\u012bn\u012bt\u0101ji un amatnieki, kuri kop\u012bgi atdz\u012bvina sen\u010du dz\u012bvesveidu un prasmes, nodarbojoties ar senu c\u012b\u0146u rekonstrukciju, amatniec\u012bbu un muzic\u0113\u0161anu. Tiek rekonstru\u0113ts v\u0113l\u0101 dzelzs laikmeta dz\u012bvesveids, kas bija rakstur\u012bgs ar\u012b kur\u0161iem \u2013 slaveniem j\u016bras brauc\u0113jiem, kuru viena no pamata nodarb\u0113m bija do\u0161an\u0101s sirojumos uz aizj\u016bras valst\u012bm. Toreiz tas bija tikpat ierasta nodarbe k\u0101 med\u012bbas vai kal\u0113ja amats.<\/p>\n<p>\u00abSirojums\u00bb: Dziesmas no sirds un kopienas loka<\/p>\n<p>Koncerta \u00abSirojums\u00bb idejas autors un kopas vad\u012bt\u0101js Edgars Zilberts atkl\u0101j, ka jubilejas pas\u0101kum\u0101 skan\u0113ja dziesmas, kuras nav ierastas koncertu programm\u0101s. T\u0101s ir r\u016bp\u012bgi \u00abaizg\u016btas, noklaus\u012btas un pat \u201enoz\u012bm\u0113tas\u201d\u00bb no cit\u0101m folkloras kop\u0101m, piem\u0113ram, \u00abGrodiem\u00bb, \u00abSkandiniekiem\u00bb, \u00abVilkiem\u00bb, \u00abTrejasmens\u00bb, \u00abAuriem\u00bb un cit\u0101m. Tas klaus\u012bt\u0101jiem sniedz unik\u0101lu iesp\u0113ju dzird\u0113t dziesmas, kas parasti skan dal\u012bbnieku savies\u012bg\u0101 lok\u0101, pie ugunskura, nevis uz skatuves. Vair\u0101kas dziesmu aran\u017eijas tika speci\u0101li rad\u012btas \u0161im pas\u0101kumam, sme\u013coties iedvesmu no festiv\u0101la \u00abBaltica 2025\u00bb. Katrai dziesmai tika pievienots ar\u012b st\u0101sts par to, kad un k\u0101p\u0113c t\u0101 iek\u013cuvusi \u00abVilka\u010du\u00bb repertu\u0101r\u0101, padarot pas\u0101kumu v\u0113l dzi\u013c\u0101ku un personisk\u0101ku.<\/p>\n<p>Folkloras kopa \u00abVilka\u010di\u00bb pag\u0101ju\u0161aj\u0101 gad\u0101 izdeva savu ceturto studijas albumu \u00ab\u0136ezbier\u0113s\u00bb. Nosaukums \u00ab\u0136ezbier\u0113s\u00bb tiek saist\u012bts ar Dienvidkurzemes \u0137ir\u0161u og\u0101m un senatn\u0113 \u2013 ar skaist\u0101m meiten\u0113m.<\/p>\n<p>\u00abVilka\u010di\u00bb aicina visus uz \u0161\u0101diem un l\u012bdz\u012bgiem pas\u0101kumiem, lai kop\u0101 piedz\u012bvotu neaizmirstamu muzik\u0101lu un v\u0113sturisku ce\u013cojumu, stiprinot saikni ar sav\u0101m sakn\u0113m un tautas mantojumu.<\/p>\n","protected":false},"excerpt":{"rendered":"Folkloras un seno c\u012b\u0146u kopas \u00abVilka\u010di\u00bb 25 gadu jubileja: Ce\u013cojums senatn\u0113 ar \u00abSirojumu\u00bb Folkloras un seno c\u012b\u0146u kopa&hellip;\n","protected":false},"author":2,"featured_media":52396,"comment_status":"","ping_status":"","sticky":false,"template":"","format":"standard","meta":{"footnotes":""},"categories":[19],"tags":[89,329,90,2916,35,39,38,36,37,34,40,10002,327,326],"class_list":{"0":"post-52395","1":"post","2":"type-post","3":"status-publish","4":"format-standard","5":"has-post-thumbnail","7":"category-izklaide","8":"tag-entertainment","9":"tag-folklora","10":"tag-izklaide","11":"tag-jubileja","12":"tag-latvia","13":"tag-latvian","14":"tag-latviesu","15":"tag-latviesu-valoda","16":"tag-latviesuvaloda","17":"tag-latvija","18":"tag-lv","19":"tag-seno-cinu-kopa","20":"tag-sirojums","21":"tag-vilkaci"},"share_on_mastodon":{"url":"https:\/\/pubeurope.com\/@lv\/115569438465894576","error":""},"_links":{"self":[{"href":"https:\/\/www.europesays.com\/lv\/wp-json\/wp\/v2\/posts\/52395","targetHints":{"allow":["GET"]}}],"collection":[{"href":"https:\/\/www.europesays.com\/lv\/wp-json\/wp\/v2\/posts"}],"about":[{"href":"https:\/\/www.europesays.com\/lv\/wp-json\/wp\/v2\/types\/post"}],"author":[{"embeddable":true,"href":"https:\/\/www.europesays.com\/lv\/wp-json\/wp\/v2\/users\/2"}],"replies":[{"embeddable":true,"href":"https:\/\/www.europesays.com\/lv\/wp-json\/wp\/v2\/comments?post=52395"}],"version-history":[{"count":0,"href":"https:\/\/www.europesays.com\/lv\/wp-json\/wp\/v2\/posts\/52395\/revisions"}],"wp:featuredmedia":[{"embeddable":true,"href":"https:\/\/www.europesays.com\/lv\/wp-json\/wp\/v2\/media\/52396"}],"wp:attachment":[{"href":"https:\/\/www.europesays.com\/lv\/wp-json\/wp\/v2\/media?parent=52395"}],"wp:term":[{"taxonomy":"category","embeddable":true,"href":"https:\/\/www.europesays.com\/lv\/wp-json\/wp\/v2\/categories?post=52395"},{"taxonomy":"post_tag","embeddable":true,"href":"https:\/\/www.europesays.com\/lv\/wp-json\/wp\/v2\/tags?post=52395"}],"curies":[{"name":"wp","href":"https:\/\/api.w.org\/{rel}","templated":true}]}}