{"id":52403,"date":"2025-11-18T07:11:13","date_gmt":"2025-11-18T07:11:13","guid":{"rendered":"https:\/\/www.europesays.com\/lv\/52403\/"},"modified":"2025-11-18T07:11:13","modified_gmt":"2025-11-18T07:11:13","slug":"sigulda-planots-pikets-pret-politiskajam-intrigam-un-varas-cinam-dome","status":"publish","type":"post","link":"https:\/\/www.europesays.com\/lv\/52403\/","title":{"rendered":"Siguld\u0101 pl\u0101nots pikets pret politiskaj\u0101m intrig\u0101m un varas c\u012b\u0146\u0101m dom\u0113"},"content":{"rendered":"<p>Siguld\u0101 gaid\u0101ms iedz\u012bvot\u0101ju pikets, kas v\u0113rsts pret nesenaj\u0101m noris\u0113m pa\u0161vald\u012bb\u0101 un domes vad\u012bbas mai\u0146u. Protesta akcija notiks tre\u0161dien, 20. novembr\u012b, Siguldas pagasta Kult\u016bras nama priek\u0161\u0101 laik\u0101, kad domes deput\u0101ti gatavojas lemt par jauna priek\u0161s\u0113d\u0113t\u0101ja iev\u0113l\u0113\u0161anu.<\/p>\n<p>Piketu pieteicis akt\u012bvu iedz\u012bvot\u0101ju kopums, un organiz\u0113\u0161anas proces\u0101 iesaist\u0101s ar\u012b Agnese Petrovska, kura \u0161ogad kandid\u0113ja pa\u0161vald\u012bbas v\u0113l\u0113\u0161an\u0101s no &#8220;Siguldas novada partijas&#8221; \u2013 t\u0101 p\u0101rst\u0101v l\u012bdz\u0161in\u0113jo m\u0113ru J\u0101ni Vimbu, kur\u0161 \u0161oned\u0113\u013c atcelts no amata.<\/p>\n<p>Protest\u0113t\u0101ji nor\u0101da, ka akcijas m\u0113r\u0137is ir piev\u0113rst uzman\u012bbu &#8220;varask\u0101rei un politiskaj\u0101m intrig\u0101m&#8221;, kas, vi\u0146upr\u0101t, domin\u0113 domes darb\u0101 un ietekm\u0113 l\u0113mumu pie\u0146em\u0161anas caurskat\u0101m\u012bbu.<\/p>\n<blockquote><p> Pikets notiks no plkst. 14 l\u012bdz 17, savuk\u0101rt domes s\u0113de paredz\u0113ta plkst. 15.<\/p><\/blockquote>\n<p>M\u0113ra J\u0101\u0146a Vimbas atcel\u0161ana no amata izrais\u012bjusi asas politiskas diskusijas. Neuztic\u012bbas piepras\u012bjumu parakst\u012bja 12 deput\u0101ti no vair\u0101k\u0101m politiskaj\u0101m apvien\u012bb\u0101m, p\u0101rmetot Vimbam kav\u0113\u0161anos ar ielu remontiem, nesadarbo\u0161anos un komunik\u0101cijas tr\u016bkumu ar kol\u0113\u0123iem.<\/p>\n<blockquote><p> Vimba savuk\u0101rt uzsver, ka str\u0101d\u0101jis atkl\u0101ti, sadarbojies ar iedz\u012bvot\u0101jiem un \u012bstenojis noz\u012bm\u012bgus att\u012bst\u012bbas projektus, bet savu atbr\u012bvo\u0161anu sauc par nepamatotu.<\/p><\/blockquote>\n<p>Kam\u0113r deput\u0101ti gatavojas jaun\u0101 priek\u0161s\u0113d\u0113t\u0101ja iev\u0113l\u0113\u0161anai, iedz\u012bvot\u0101ji sola b\u016bt kl\u0101t un paust savu nost\u0101ju.<\/p>\n<p>Lasi ar\u012b!<\/p>\n<p>&#13;<br \/>\n&#13;<br \/>\n<a target=\"_blank\" href=\"https:\/\/www.1188.lv\/zinas\/siguldas-novada-iedzivotaji-manabalss-lv-vac-parakstus-par-vimbas-atgriesanu-mera-amata\/57727\" rel=\"nofollow noopener\">Siguldas novada iedz\u012bvot\u0101ji manabalss.lv v\u0101c parakstus par Vimbas atgrie\u0161anu m\u0113ra amat\u0101<\/a>&#13;<br \/>\n&#13;<br \/>\n<\/p>\n<p>&#13;<br \/>\n&#13;<br \/>\n<a target=\"_blank\" href=\"https:\/\/www.1188.lv\/zinas\/no-amata-gaz-siguldas-novada-meru-vimbu\/57640\" rel=\"nofollow noopener\">No amata g\u0101\u017e Siguldas novada m\u0113ru Vimbu<\/a>&#13;<br \/>\n&#13;<br \/>\n<\/p>\n<p>&#13;<br \/>\n&#13;<br \/>\n<a target=\"_blank\" href=\"https:\/\/www.1188.lv\/zinas\/no-amata-grasas-gazt-siguldas-novada-meru-vimbu\/57591\" rel=\"nofollow noopener\">No amata gras\u0101s g\u0101zt Siguldas novada m\u0113ru Vimbu<\/a>&#13;<br \/>\n&#13;<br \/><\/p>\n","protected":false},"excerpt":{"rendered":"Siguld\u0101 gaid\u0101ms iedz\u012bvot\u0101ju pikets, kas v\u0113rsts pret nesenaj\u0101m noris\u0113m pa\u0161vald\u012bb\u0101 un domes vad\u012bbas mai\u0146u. Protesta akcija notiks tre\u0161dien,&hellip;\n","protected":false},"author":2,"featured_media":52404,"comment_status":"","ping_status":"","sticky":false,"template":"","format":"standard","meta":{"footnotes":""},"categories":[5],"tags":[129,14371,14374,14368,23,28,29,32,33,22,30,31,35,39,38,36,37,34,40,20,26,27,14375,14372,14369,14376,14373,14370,24,25,21],"class_list":{"0":"post-52403","1":"post","2":"type-post","3":"status-publish","4":"format-standard","5":"has-post-thumbnail","7":"category-aktualitates","8":"tag-__typenameadvicekeyword","9":"tag-id1084","10":"tag-id1944","11":"tag-id797","12":"tag-aktualitates","13":"tag-breaking-news","14":"tag-breakingnews","15":"tag-featured-news","16":"tag-featurednews","17":"tag-headlines","18":"tag-latest-news","19":"tag-latestnews","20":"tag-latvia","21":"tag-latvian","22":"tag-latviesu","23":"tag-latviesu-valoda","24":"tag-latviesuvaloda","25":"tag-latvija","26":"tag-lv","27":"tag-news","28":"tag-popularakas-zinas","29":"tag-popularakaszinas","30":"tag-slugjanis-vimba","31":"tag-slugpikets","32":"tag-slugsigulda","33":"tag-titlejanis-vimba","34":"tag-titlepikets","35":"tag-titlesigulda","36":"tag-top-stories","37":"tag-topstories","38":"tag-zinas"},"share_on_mastodon":{"url":"https:\/\/pubeurope.com\/@lv\/115569458104687738","error":""},"_links":{"self":[{"href":"https:\/\/www.europesays.com\/lv\/wp-json\/wp\/v2\/posts\/52403","targetHints":{"allow":["GET"]}}],"collection":[{"href":"https:\/\/www.europesays.com\/lv\/wp-json\/wp\/v2\/posts"}],"about":[{"href":"https:\/\/www.europesays.com\/lv\/wp-json\/wp\/v2\/types\/post"}],"author":[{"embeddable":true,"href":"https:\/\/www.europesays.com\/lv\/wp-json\/wp\/v2\/users\/2"}],"replies":[{"embeddable":true,"href":"https:\/\/www.europesays.com\/lv\/wp-json\/wp\/v2\/comments?post=52403"}],"version-history":[{"count":0,"href":"https:\/\/www.europesays.com\/lv\/wp-json\/wp\/v2\/posts\/52403\/revisions"}],"wp:featuredmedia":[{"embeddable":true,"href":"https:\/\/www.europesays.com\/lv\/wp-json\/wp\/v2\/media\/52404"}],"wp:attachment":[{"href":"https:\/\/www.europesays.com\/lv\/wp-json\/wp\/v2\/media?parent=52403"}],"wp:term":[{"taxonomy":"category","embeddable":true,"href":"https:\/\/www.europesays.com\/lv\/wp-json\/wp\/v2\/categories?post=52403"},{"taxonomy":"post_tag","embeddable":true,"href":"https:\/\/www.europesays.com\/lv\/wp-json\/wp\/v2\/tags?post=52403"}],"curies":[{"name":"wp","href":"https:\/\/api.w.org\/{rel}","templated":true}]}}