{"id":52441,"date":"2025-11-18T08:15:08","date_gmt":"2025-11-18T08:15:08","guid":{"rendered":"https:\/\/www.europesays.com\/lv\/52441\/"},"modified":"2025-11-18T08:15:08","modified_gmt":"2025-11-18T08:15:08","slug":"pasaules-cempionata-skeitborda-linijslaloma-gailitim-un-ozolinai-zelts-kuzminam-sudrabs-citi-sporta-veidi-sportacentrs-com","status":"publish","type":"post","link":"https:\/\/www.europesays.com\/lv\/52441\/","title":{"rendered":"Pasaules \u010dempion\u0101t\u0101 skeitbord\u0101 l\u012bnijslalom\u0101 Gail\u012btim un Ozoli\u0146ai zelts, Kuzminam sudrabs \u2013 Citi sporta veidi \u2013 Sportacentrs.com"},"content":{"rendered":"<p>Iepriek\u0161 inform\u0113j\u0101m, ka pirmaj\u0101 sacens\u012bbu dien\u0101 milzu slalom\u0101 <a href=\"https:\/\/sportacentrs.com\/citi\/18112025-pasaules_cempionats_skeitborda_slaloma_sa\" target=\"_self\" rel=\"nofollow noopener\">v\u012bru konkurenc\u0113 Gustavs Gail\u012btis izc\u012bn\u012bja bronzas meda\u013cu. <\/a>Otraj\u0101 sacens\u012bbu dien\u0101 tika noskaidroti \u010dempioni l\u012bnijslalom\u0101, un \u0161\u012b diena izv\u0113rt\u0101s visveiksm\u012bg\u0101k\u0101 latvie\u0161iem nopelnot divas zelta un vienu sudraba meda\u013cu.<\/p>\n<p>Par pasaules \u010dempionu \u0161aj\u0101 discipl\u012bn\u0101 k\u013cuva r\u012bdzinieks Gustavs Gail\u012btis, kuram \u0161oreiz izdev\u0101s pirmo reizi pasaules \u010dempion\u0101tu gait\u0101 tiekoties savstarp\u0113ji, p\u0101rsp\u0113t titul\u0113to olainieti J\u0101ni Kuzminu. Tre\u0161aj\u0101 viet\u0101 ierindoj\u0101s amerik\u0101nis Orions L\u0113rmans, savuk\u0101rt ceturt\u0101 vieta Art\u016bram Liskovam. Liep\u0101jnieki Toms Dreiblats un M\u0101rti\u0146\u0161 Bardulis attiec\u012bgi 12. un 16.viet\u0101.<\/p>\n<p>D\u0101m\u0101m par pasaules \u010dempioni l\u012bnijslalom\u0101 k\u013cuva Gustava Gail\u012b\u0161a m\u0101sa, r\u012bdziniece Dominika Adri\u0101na Ozoli\u0146a, fin\u0101l\u0101 p\u0101rsp\u0113jot titul\u0113to amerik\u0101nieti L\u012bnu Kr\u0101meri, Endijai L\u012bgai R\u016bjai piekt\u0101 vieta.<\/p>\n<p>Inform\u0101ciju sagatavoja<br \/>J\u0101nis Kuzmins<\/p>\n","protected":false},"excerpt":{"rendered":"Iepriek\u0161 inform\u0113j\u0101m, ka pirmaj\u0101 sacens\u012bbu dien\u0101 milzu slalom\u0101 v\u012bru konkurenc\u0113 Gustavs Gail\u012btis izc\u012bn\u012bja bronzas meda\u013cu. Otraj\u0101 sacens\u012bbu dien\u0101&hellip;\n","protected":false},"author":2,"featured_media":52442,"comment_status":"","ping_status":"","sticky":false,"template":"","format":"standard","meta":{"footnotes":""},"categories":[17],"tags":[1303,35,39,38,36,37,34,40,67],"class_list":{"0":"post-52441","1":"post","2":"type-post","3":"status-publish","4":"format-standard","5":"has-post-thumbnail","7":"category-sports","8":"tag-citi-sporta-veidi","9":"tag-latvia","10":"tag-latvian","11":"tag-latviesu","12":"tag-latviesu-valoda","13":"tag-latviesuvaloda","14":"tag-latvija","15":"tag-lv","16":"tag-sports"},"share_on_mastodon":{"url":"https:\/\/pubeurope.com\/@lv\/115569709836977544","error":""},"_links":{"self":[{"href":"https:\/\/www.europesays.com\/lv\/wp-json\/wp\/v2\/posts\/52441","targetHints":{"allow":["GET"]}}],"collection":[{"href":"https:\/\/www.europesays.com\/lv\/wp-json\/wp\/v2\/posts"}],"about":[{"href":"https:\/\/www.europesays.com\/lv\/wp-json\/wp\/v2\/types\/post"}],"author":[{"embeddable":true,"href":"https:\/\/www.europesays.com\/lv\/wp-json\/wp\/v2\/users\/2"}],"replies":[{"embeddable":true,"href":"https:\/\/www.europesays.com\/lv\/wp-json\/wp\/v2\/comments?post=52441"}],"version-history":[{"count":0,"href":"https:\/\/www.europesays.com\/lv\/wp-json\/wp\/v2\/posts\/52441\/revisions"}],"wp:featuredmedia":[{"embeddable":true,"href":"https:\/\/www.europesays.com\/lv\/wp-json\/wp\/v2\/media\/52442"}],"wp:attachment":[{"href":"https:\/\/www.europesays.com\/lv\/wp-json\/wp\/v2\/media?parent=52441"}],"wp:term":[{"taxonomy":"category","embeddable":true,"href":"https:\/\/www.europesays.com\/lv\/wp-json\/wp\/v2\/categories?post=52441"},{"taxonomy":"post_tag","embeddable":true,"href":"https:\/\/www.europesays.com\/lv\/wp-json\/wp\/v2\/tags?post=52441"}],"curies":[{"name":"wp","href":"https:\/\/api.w.org\/{rel}","templated":true}]}}