{"id":52447,"date":"2025-11-18T08:18:08","date_gmt":"2025-11-18T08:18:08","guid":{"rendered":"https:\/\/www.europesays.com\/lv\/52447\/"},"modified":"2025-11-18T08:18:08","modified_gmt":"2025-11-18T08:18:08","slug":"jauniesi-aktivi-iesaistas-velesanas-un-iniciativas-retak","status":"publish","type":"post","link":"https:\/\/www.europesays.com\/lv\/52447\/","title":{"rendered":"Jaunie\u0161i akt\u012bvi iesaist\u0101s v\u0113l\u0113\u0161an\u0101s un iniciat\u012bv\u0101s, ret\u0101k"},"content":{"rendered":"<p>Vienlaikus p\u0113t\u012bjums r\u0101da, ka da\u013ca jaunie\u0161u nej\u016btas pietiekami zino\u0161i, lai iesaist\u012btos partij\u0101s vai risin\u0101tu jaut\u0101jumus ar valsts un pa\u0161vald\u012bbu instit\u016bcij\u0101m. Ar\u012b dal\u012bba piketos un protesta akcij\u0101s ir ret\u0101ka, lai gan da\u017ei jaunie\u0161i atz\u012bst, ka iesaist\u012btos, ja vi\u0146iem b\u016btu svar\u012bga t\u0113ma.<\/p>\n<p>Jaunie\u0161i ierobe\u017eoto iesaisti politisk\u0101s partij\u0101s Latvij\u0101 skaidro ar negat\u012bvu priek\u0161statu par politiku, sabiedr\u012bbas attieksmi un ba\u017e\u0101m par reput\u0101cijas risku. Da\u013ca p\u0113t\u012bjuma dal\u012bbnieku uzskata, ka dal\u012bba partij\u0101 var rad\u012bt negat\u012bvu uztveri sabiedr\u012bb\u0101 vai izrais\u012bt kritiku soci\u0101lajos medijos. Citi nor\u0101da, ka vi\u0146iem tr\u016bkst politisko zin\u0101\u0161anu vai valodas prasmju, lai p\u0101rst\u0101v\u0113tu liel\u0101ku cilv\u0113ku skaitu, k\u0101 ar\u012b nev\u0113l\u0101s uz\u0146emties lielu atbild\u012bbu.<\/p>\n<p>Liel\u0101k\u0101 da\u013ca jaunie\u0161u neiesaist\u0101s politisko viedok\u013cu pau\u0161an\u0101 soci\u0101lajos medijos. Da\u017ei apsprie\u017e politiku draugu lok\u0101, bet \u0161\u0101da aktivit\u0101te nav pla\u0161i izplat\u012bta.<\/p>\n<p>Skolot\u0101ji nov\u0113roju\u0161i, ka daudzi l\u012bdzdal\u012bbas pas\u0101kumi jaunie\u0161iem \u0161\u0137iet simboliski, it \u012bpa\u0161i maz\u0101kumtaut\u012bbu skol\u0101s. K\u0101 pozit\u012bvs piem\u0113rs akt\u012bvai l\u012bdzdal\u012bbai min\u0113ta Daugavpils, kur pa\u0161vald\u012bba nodro\u0161ina iesp\u0113jas jaunie\u0161iem praktiski iesaist\u012bties l\u0113mumu pie\u0146em\u0161an\u0101.<\/p>\n<p>P\u0113t\u012bjums par patriotismu un nacion\u0101lismu pilsoniskaj\u0101 izgl\u012bt\u012bb\u0101 Latvij\u0101 veikts Latvijas Zin\u0101tnes padomes projekt\u0101 &#8220;Patriotisms un nacion\u0101lisms: dom\u0101\u0161ana, attieksmes un to ietekme uz demokr\u0101tiskas pilsoniskas sabiedr\u012bbas att\u012bst\u012bbu&#8221;.<\/p>\n<p>T\u0101 m\u0113r\u0137is bija izp\u0113t\u012bt, k\u0101 \u0161\u012bs nacion\u0101l\u0101s piesaistes formas ietekm\u0113 demokr\u0101tiskas sabiedr\u012bbas att\u012bst\u012bbu. P\u0113t\u012bjums veikts Krievijas-Ukrainas kara kontekst\u0101, kas aktualiz\u0113ja jaut\u0101jumus par nacion\u0101lo identit\u0101ti, sabiedr\u012bbas gatav\u012bbu kr\u012bz\u0113m un demokr\u0101tisko v\u0113rt\u012bbu noz\u012bmi.<\/p>\n","protected":false},"excerpt":{"rendered":"Vienlaikus p\u0113t\u012bjums r\u0101da, ka da\u013ca jaunie\u0161u nej\u016btas pietiekami zino\u0161i, lai iesaist\u012btos partij\u0101s vai risin\u0101tu jaut\u0101jumus ar valsts un&hellip;\n","protected":false},"author":2,"featured_media":52448,"comment_status":"","ping_status":"","sticky":false,"template":"","format":"standard","meta":{"footnotes":""},"categories":[12],"tags":[23,28,29,32,33,22,705,30,31,35,39,38,36,37,34,40,20,1113,26,27,24,25,21],"class_list":{"0":"post-52447","1":"post","2":"type-post","3":"status-publish","4":"format-standard","5":"has-post-thumbnail","7":"category-latvija","8":"tag-aktualitates","9":"tag-breaking-news","10":"tag-breakingnews","11":"tag-featured-news","12":"tag-featurednews","13":"tag-headlines","14":"tag-jauniesi","15":"tag-latest-news","16":"tag-latestnews","17":"tag-latvia","18":"tag-latvian","19":"tag-latviesu","20":"tag-latviesu-valoda","21":"tag-latviesuvaloda","22":"tag-latvija","23":"tag-lv","24":"tag-news","25":"tag-petijums","26":"tag-popularakas-zinas","27":"tag-popularakaszinas","28":"tag-top-stories","29":"tag-topstories","30":"tag-zinas"},"share_on_mastodon":{"url":"https:\/\/pubeurope.com\/@lv\/115569721569290659","error":""},"_links":{"self":[{"href":"https:\/\/www.europesays.com\/lv\/wp-json\/wp\/v2\/posts\/52447","targetHints":{"allow":["GET"]}}],"collection":[{"href":"https:\/\/www.europesays.com\/lv\/wp-json\/wp\/v2\/posts"}],"about":[{"href":"https:\/\/www.europesays.com\/lv\/wp-json\/wp\/v2\/types\/post"}],"author":[{"embeddable":true,"href":"https:\/\/www.europesays.com\/lv\/wp-json\/wp\/v2\/users\/2"}],"replies":[{"embeddable":true,"href":"https:\/\/www.europesays.com\/lv\/wp-json\/wp\/v2\/comments?post=52447"}],"version-history":[{"count":0,"href":"https:\/\/www.europesays.com\/lv\/wp-json\/wp\/v2\/posts\/52447\/revisions"}],"wp:featuredmedia":[{"embeddable":true,"href":"https:\/\/www.europesays.com\/lv\/wp-json\/wp\/v2\/media\/52448"}],"wp:attachment":[{"href":"https:\/\/www.europesays.com\/lv\/wp-json\/wp\/v2\/media?parent=52447"}],"wp:term":[{"taxonomy":"category","embeddable":true,"href":"https:\/\/www.europesays.com\/lv\/wp-json\/wp\/v2\/categories?post=52447"},{"taxonomy":"post_tag","embeddable":true,"href":"https:\/\/www.europesays.com\/lv\/wp-json\/wp\/v2\/tags?post=52447"}],"curies":[{"name":"wp","href":"https:\/\/api.w.org\/{rel}","templated":true}]}}