{"id":52472,"date":"2025-11-18T08:37:36","date_gmt":"2025-11-18T08:37:36","guid":{"rendered":"https:\/\/www.europesays.com\/lv\/52472\/"},"modified":"2025-11-18T08:37:36","modified_gmt":"2025-11-18T08:37:36","slug":"valsts-svetku-diena-paies-ar-makoniem-un-slapju-sniegu","status":"publish","type":"post","link":"https:\/\/www.europesays.com\/lv\/52472\/","title":{"rendered":"Valsts sv\u0113tku diena paies ar m\u0101ko\u0146iem un slapju sniegu"},"content":{"rendered":"<p>Latvijas Republikas proklam\u0113\u0161anas 107. gadadiena \u0161ogad b\u016bs tipiski ruden\u012bga \u2013 daudzviet gaid\u0101mi lietus un slapja sniega nokri\u0161\u0146i, bet valsts austrumos br\u012b\u017eiem ar\u012b snigs, liecina Latvijas Vides, \u0123eolo\u0123ijas un meteorolo\u0123ijas centra inform\u0101cija. Debesis liel\u0101koties b\u016bs m\u0101ko\u0146ainas, tom\u0113r viet\u0101m uzsp\u012bd\u0113s ar\u012b saule.<\/p>\n<p>Dien\u0101 p\u016bt\u012bs l\u0113ns l\u012bdz m\u0113rens rietumu un dienvidrietumu v\u0113j\u0161, piekrast\u0113 br\u0101zm\u0101s l\u012bdz 14 m\/s. Gaisa temperat\u016bra saglab\u0101sies 0\u2026+5 gr\u0101du robe\u017e\u0101s.<\/p>\n<blockquote><p>R\u012bg\u0101 sv\u0113tku dienas laik\u0101 gaid\u0101mi l\u012bdz\u012bgi laikapst\u0101k\u013ci \u2013 br\u012b\u017eiem uzsp\u012bd\u0113s saule, bet pa laikam iesp\u0113jams lietus un slapj\u0161 sniegs. Maksim\u0101l\u0101 temperat\u016bra b\u016bs +3\u2026+4 gr\u0101di.<\/p><\/blockquote>\n<p>Nakt\u012b debesis p\u0101rsvar\u0101 b\u016bs apm\u0101ku\u0161\u0101s, daudzviet gaid\u0101mi nokri\u0161\u0146i. Ce\u013ci viet\u0101m apledos. Dienvidu v\u0113j\u0161 pak\u0101peniski iegriez\u012bsies no zieme\u013crietumiem un pastiprin\u0101sies l\u012bdz 15\u201320 m\/s piekrast\u0113. Temperat\u016bra -1\u2026+4 gr\u0101di, R\u012bg\u0101 +1\u2026+2.<\/p>\n<p>Sinopti\u0137i atg\u0101dina, ka laika apst\u0101k\u013ci 18. novembr\u012b v\u0113sturiski m\u0113dz b\u016bt \u013coti da\u017e\u0101di. Silt\u0101kais valsts sv\u0113tku datums re\u0123istr\u0113ts 2020. gad\u0101, kad Bausk\u0101 termometra stabi\u0146\u0161 pak\u0101p\u0101s l\u012bdz +12,2 gr\u0101diem. <\/p>\n<blockquote><p>Savuk\u0101rt aukst\u0101kais bijis 1998. gad\u0101 ar vid\u0113jo diennakts temperat\u016bru -10,6 gr\u0101di.<\/p><\/blockquote>\n<p> Visbiez\u0101k\u0101 sniega sega \u2013 27 centimetri \u2013 fiks\u0113ta 1992. gad\u0101 R\u0113zekn\u0113, bet sp\u0113c\u012bg\u0101k\u0101s v\u0113ja br\u0101zmas, 28 m\/s, nov\u0113rotas Prieku\u013cos 1978. gad\u0101.<br \/>\u0160ogad sv\u0113tku diena sol\u0101s b\u016bt ruden\u012bgi v\u0113sa, main\u012bga un br\u012b\u017eiem nokri\u0161\u0146aina \u2013 \u012bsti Latvijas novembrim rakstur\u012bga.<\/p>\n<p>Lasi ar\u012b!<\/p>\n<p>&#13;<br \/>\n&#13;<br \/>\n<a target=\"_blank\" href=\"https:\/\/www.1188.lv\/zinas\/kadi-laikapstakli-gaidami-valsts-svetkos-toms-bricis-bridina-ka-jagatavojas-istam-laika-apstaklu-kokteilim\/57777\" rel=\"nofollow noopener\">K\u0101di laikapst\u0101k\u013ci gaid\u0101mi Valsts sv\u0113tkos? Toms Bricis br\u012bdina, ka j\u0101gatavojas \u012bstam &#8220;laika apst\u0101k\u013cu kokteilim&#8221;<\/a>&#13;<br \/>\n&#13;<br \/>\n<\/p>\n<p><img decoding=\"async\" src=\"https:\/\/www.europesays.com\/lv\/wp-content\/uploads\/2025\/11\/abfcd20482e26ff05f1de5f4c84d1e2b.jpg\" title=\"Foto: Paula \u010curkste\/LETA\" alt=\"Foto: Paula \u010curkste\/LETA\"\/><\/p>\n<p class=\"article-img-desc\">Foto: Paula \u010curkste\/LETA<\/p>\n","protected":false},"excerpt":{"rendered":"Latvijas Republikas proklam\u0113\u0161anas 107. gadadiena \u0161ogad b\u016bs tipiski ruden\u012bga \u2013 daudzviet gaid\u0101mi lietus un slapja sniega nokri\u0161\u0146i, bet&hellip;\n","protected":false},"author":2,"featured_media":52473,"comment_status":"","ping_status":"","sticky":false,"template":"","format":"standard","meta":{"footnotes":""},"categories":[5],"tags":[129,3333,23,28,29,32,33,22,30,31,35,39,38,36,37,34,40,20,26,27,3334,3335,24,25,21],"class_list":{"0":"post-52472","1":"post","2":"type-post","3":"status-publish","4":"format-standard","5":"has-post-thumbnail","7":"category-aktualitates","8":"tag-__typenameadvicekeyword","9":"tag-id563","10":"tag-aktualitates","11":"tag-breaking-news","12":"tag-breakingnews","13":"tag-featured-news","14":"tag-featurednews","15":"tag-headlines","16":"tag-latest-news","17":"tag-latestnews","18":"tag-latvia","19":"tag-latvian","20":"tag-latviesu","21":"tag-latviesu-valoda","22":"tag-latviesuvaloda","23":"tag-latvija","24":"tag-lv","25":"tag-news","26":"tag-popularakas-zinas","27":"tag-popularakaszinas","28":"tag-sluglaika-zina","29":"tag-titlelaika-zina","30":"tag-top-stories","31":"tag-topstories","32":"tag-zinas"},"share_on_mastodon":{"url":"https:\/\/pubeurope.com\/@lv\/115569796365540435","error":""},"_links":{"self":[{"href":"https:\/\/www.europesays.com\/lv\/wp-json\/wp\/v2\/posts\/52472","targetHints":{"allow":["GET"]}}],"collection":[{"href":"https:\/\/www.europesays.com\/lv\/wp-json\/wp\/v2\/posts"}],"about":[{"href":"https:\/\/www.europesays.com\/lv\/wp-json\/wp\/v2\/types\/post"}],"author":[{"embeddable":true,"href":"https:\/\/www.europesays.com\/lv\/wp-json\/wp\/v2\/users\/2"}],"replies":[{"embeddable":true,"href":"https:\/\/www.europesays.com\/lv\/wp-json\/wp\/v2\/comments?post=52472"}],"version-history":[{"count":0,"href":"https:\/\/www.europesays.com\/lv\/wp-json\/wp\/v2\/posts\/52472\/revisions"}],"wp:featuredmedia":[{"embeddable":true,"href":"https:\/\/www.europesays.com\/lv\/wp-json\/wp\/v2\/media\/52473"}],"wp:attachment":[{"href":"https:\/\/www.europesays.com\/lv\/wp-json\/wp\/v2\/media?parent=52472"}],"wp:term":[{"taxonomy":"category","embeddable":true,"href":"https:\/\/www.europesays.com\/lv\/wp-json\/wp\/v2\/categories?post=52472"},{"taxonomy":"post_tag","embeddable":true,"href":"https:\/\/www.europesays.com\/lv\/wp-json\/wp\/v2\/tags?post=52472"}],"curies":[{"name":"wp","href":"https:\/\/api.w.org\/{rel}","templated":true}]}}