{"id":52474,"date":"2025-11-18T08:38:38","date_gmt":"2025-11-18T08:38:38","guid":{"rendered":"https:\/\/www.europesays.com\/lv\/52474\/"},"modified":"2025-11-18T08:38:38","modified_gmt":"2025-11-18T08:38:38","slug":"heilija-bibere-gq-balvu-pasniegsanas-ceremonija-zilbina-caurspidiga-kleita-atsaucoties-uz-90-gadu-estetiku-lente-lv-2","status":"publish","type":"post","link":"https:\/\/www.europesays.com\/lv\/52474\/","title":{"rendered":"Heilija B\u012bbere &#8220;GQ&#8221; balvu pasnieg\u0161anas ceremonij\u0101 \u017eilbina caursp\u012bd\u012bg\u0101 kleit\u0101, atsaucoties uz 90. gadu est\u0113tiku\u00a0\u2014\u00a0Lente.lv"},"content":{"rendered":"<p>Heilija B\u012bbere modes pasaul\u0113 atkal izce\u013cas ar drosm\u012bgu t\u0113lu<\/p>\n<p>Modele Heilija B\u012bbere, jau dev\u012bto reizi apliecinot savu drosm\u012bgo gaumi, atkal piesaist\u012bja uzman\u012bbu, apmekl\u0113jot \u017eurn\u0101la &#8220;GQ&#8221; balvu pasnieg\u0161anas ceremoniju &#8220;Men of the Year 2025&#8221;. Vi\u0146as izv\u0113l\u0113tais t\u0113rps \u2013 \u012bpa\u0161i darin\u0101ta melna &#8220;Gucci&#8221; kleita \u2013 k\u013cuva par vakara centr\u0101lo notikumu, piln\u012bb\u0101 atbilsto\u0161i pa\u0161laik aktu\u0101lajai caursp\u012bd\u012bgo audumu tendencei.<\/p>\n<p>90. gadu est\u0113tika jaun\u0101 izpild\u012bjum\u0101<\/p>\n<p>\u0160\u012b smalk\u0101, ta\u010du provokat\u012bv\u0101 kleita ar dzi\u013cu dekolt\u0113 un atkl\u0101tu muguru, ko papildin\u0101ja redzami stringi ar &#8220;Gucci&#8221; logo, nep\u0101rprotami atg\u0101din\u0101ja par 90. gadu drosm\u012bgo modi, vienlaikus pie\u0161\u0137irot tai m\u016bsdien\u012bgu un v\u0113l izaicino\u0161\u0101ku noska\u0146u. \u0160is t\u0113ls raisa asoci\u0101cijas ar t\u0101 laika ikon\u0101m, kuras nebaid\u012bj\u0101s eksperiment\u0113t un pasv\u012btrot savu individualit\u0101ti caur ekscentriskiem t\u0113rpiem.<\/p>\n<p>Starptautiskas modes tendences un B\u012bberes stils<\/p>\n<p>Heilijas B\u012bberes izv\u0113le atspogu\u013co glob\u0101l\u0101s modes tendences, kur caursp\u012bd\u012bgi un atkailino\u0161i t\u0113rpi arvien bie\u017e\u0101k par\u0101d\u0101s uz sarkan\u0101 pakl\u0101ja. Modele, kura pati ir &#8220;Rhode&#8221; skaistumkop\u0161anas z\u012bmola dibin\u0101t\u0101ja, demonstr\u0113 p\u0101rliec\u012bbu un stilu, kas atbilst m\u016bsdienu modes dikt\u0113tajiem standartiem, vienlaikus saglab\u0101jot savu unik\u0101lo stilu, kas bie\u017ei vien ietver atsauces uz 90. gadu est\u0113tiku. \u0160is vakars v\u0113lreiz apliecin\u0101ja, ka B\u012bbere ir ne tikai modes ikona, bet ar\u012b drosm\u012bga stila eksperiment\u0113t\u0101ja.<\/p>\n","protected":false},"excerpt":{"rendered":"Heilija B\u012bbere modes pasaul\u0113 atkal izce\u013cas ar drosm\u012bgu t\u0113lu Modele Heilija B\u012bbere, jau dev\u012bto reizi apliecinot savu drosm\u012bgo&hellip;\n","protected":false},"author":2,"featured_media":52475,"comment_status":"","ping_status":"","sticky":false,"template":"","format":"standard","meta":{"footnotes":""},"categories":[19],"tags":[6543,5298,89,14384,7808,14383,90,35,39,38,36,37,34,40],"class_list":{"0":"post-52474","1":"post","2":"type-post","3":"status-publish","4":"format-standard","5":"has-post-thumbnail","7":"category-izklaide","8":"tag-90-gadu-mode","9":"tag-caurspidiga-kleita","10":"tag-entertainment","11":"tag-gq-men-of-the-year-2025","12":"tag-gucci","13":"tag-heilija-bibere","14":"tag-izklaide","15":"tag-latvia","16":"tag-latvian","17":"tag-latviesu","18":"tag-latviesu-valoda","19":"tag-latviesuvaloda","20":"tag-latvija","21":"tag-lv"},"share_on_mastodon":{"url":"https:\/\/pubeurope.com\/@lv\/115569800203967450","error":""},"_links":{"self":[{"href":"https:\/\/www.europesays.com\/lv\/wp-json\/wp\/v2\/posts\/52474","targetHints":{"allow":["GET"]}}],"collection":[{"href":"https:\/\/www.europesays.com\/lv\/wp-json\/wp\/v2\/posts"}],"about":[{"href":"https:\/\/www.europesays.com\/lv\/wp-json\/wp\/v2\/types\/post"}],"author":[{"embeddable":true,"href":"https:\/\/www.europesays.com\/lv\/wp-json\/wp\/v2\/users\/2"}],"replies":[{"embeddable":true,"href":"https:\/\/www.europesays.com\/lv\/wp-json\/wp\/v2\/comments?post=52474"}],"version-history":[{"count":0,"href":"https:\/\/www.europesays.com\/lv\/wp-json\/wp\/v2\/posts\/52474\/revisions"}],"wp:featuredmedia":[{"embeddable":true,"href":"https:\/\/www.europesays.com\/lv\/wp-json\/wp\/v2\/media\/52475"}],"wp:attachment":[{"href":"https:\/\/www.europesays.com\/lv\/wp-json\/wp\/v2\/media?parent=52474"}],"wp:term":[{"taxonomy":"category","embeddable":true,"href":"https:\/\/www.europesays.com\/lv\/wp-json\/wp\/v2\/categories?post=52474"},{"taxonomy":"post_tag","embeddable":true,"href":"https:\/\/www.europesays.com\/lv\/wp-json\/wp\/v2\/tags?post=52474"}],"curies":[{"name":"wp","href":"https:\/\/api.w.org\/{rel}","templated":true}]}}