{"id":52499,"date":"2025-11-18T09:08:07","date_gmt":"2025-11-18T09:08:07","guid":{"rendered":"https:\/\/www.europesays.com\/lv\/52499\/"},"modified":"2025-11-18T09:08:07","modified_gmt":"2025-11-18T09:08:07","slug":"toms-kruzs-sanem-savu-pirmo-goda-oskaru-par-muza-ieguldijumu-kino-lente-lv","status":"publish","type":"post","link":"https:\/\/www.europesays.com\/lv\/52499\/","title":{"rendered":"Toms Kr\u016bzs sa\u0146em savu pirmo goda &#8220;Oskaru&#8221; par m\u016b\u017ea ieguld\u012bjumu kino\u00a0\u2014\u00a0Lente.lv"},"content":{"rendered":"<p>Toms Kr\u016bzs sa\u0146em savu pirmo goda &#8220;Oskaru&#8221; par m\u016b\u017ea ieguld\u012bjumu kino<\/p>\n<p>Holivudas ikona Toms Kr\u016bzs beidzot ir sa\u0146\u0113mis savu pirmo Amerikas Kinoakad\u0113mijas goda &#8220;Oskara&#8221; statueti. 63 gadus vecais aktieris tika apbalvots 16. novembr\u012b Losand\u017eelos\u0101 notiku\u0161aj\u0101 &#8220;Governors Awards&#8221; ceremonij\u0101, kas tiek r\u012bkota, lai godin\u0101tu izcilus sasniegumus kino industrij\u0101 un m\u016b\u017ea ieguld\u012bjumu m\u0101ksl\u0101. Kr\u016bzs, kur\u0161 iepriek\u0161 \u010detras reizes bija nomin\u0113ts &#8220;Oskaram&#8221; gan k\u0101 aktieris, gan k\u0101 producents, sa\u0146\u0113ma goda balvu par savu noz\u012bm\u012bgo un ilgsto\u0161o darb\u012bbu filmu pasaul\u0113.<\/p>\n<p>Aktieris sa\u0146\u0113ma balvu no meksik\u0101\u0146u re\u017eisora Alehandro G. Injaritu, ar kuru Kr\u016bzs sadarbojas gaid\u0101maj\u0101, v\u0113l nenosaukta nosaukuma film\u0101, kas pl\u0101nota 2026. gad\u0101. Injaritu uz skatuves atzina, ka Kr\u016bzs ne tikai veido filmas, bet vi\u0146\u0161 pats ir filmas, prognoz\u0113jot, ka \u0161is &#8220;Oskars&#8221; neb\u016bs p\u0113d\u0113jais.<\/p>\n<p>Emocion\u0101ls br\u012bdis un pateic\u012bba kino sp\u0113kam<\/p>\n<p>Sa\u0146emot goda &#8220;Oskaru&#8221;, Toms Kr\u016bzs teica emocion\u0101lu uzrunu, atz\u012bstot filmas milz\u012bgo ietekmi uz savu dz\u012bvi un pasaules izpratni. Vi\u0146\u0161 uzsv\u0113ra kino vienojo\u0161o sp\u0113ku, sakot: &#8220;Kino mani aizved uz pasauli. Tas pal\u012bdz man nov\u0113rt\u0113t un cien\u012bt at\u0161\u0137ir\u012bbas. Tas man ar\u012b par\u0101da m\u016bsu kop\u012bgo cilv\u0113ciskumu, cik m\u0113s l\u012bdz\u012bgi esam tik daudzos veidos.&#8221; Aktieris piebilda, ka tas, k\u0101 cilv\u0113ki kop\u0101 smejas, j\u016bt un cer kinote\u0101tr\u012b, ir m\u0101kslas formas sp\u0113ks, un t\u0101p\u0113c tas vi\u0146am ir tik svar\u012bgs. Vi\u0146\u0161 atzina: &#8220;Filmu veido\u0161ana nav tas, ko es daru, t\u0101 ir tas, kas esmu.&#8221;<\/p>\n<p>Kr\u016bzs ar\u012b dal\u012bj\u0101s atmi\u0146\u0101s par savu pirmo m\u012blest\u012bbu pret kino, kas aizs\u0101k\u0101s jau b\u0113rn\u012bb\u0101, kad vi\u0146\u0161 k\u0101 mazs z\u0113ns s\u0113d\u0113ja tum\u0161\u0101 kinoz\u0101l\u0113 un bija ap\u017eilbin\u0101ts no ekr\u0101na starojo\u0161\u0101s gaismas. \u0160\u012b pieredze atv\u0113ra vi\u0146a izt\u0113li un rad\u012bja v\u0113lmi iepaz\u012bt pasauli, doties piedz\u012bvojumos un saprast cilv\u0113ci.<\/p>\n<p>Godin\u0101ti ar\u012b citi kino industrijas profesion\u0101\u013ci<\/p>\n<p>Kr\u016bzs nebija vien\u012bgais, kas tika godin\u0101ts \u0161aj\u0101 ceremonij\u0101. Kop\u0101 ar vi\u0146u goda &#8220;Oskarus&#8221; sa\u0146\u0113ma ar\u012b horeogr\u0101fe, aktrise un producente Debija Alena, k\u0101 ar\u012b filmu m\u0101kslinieks Vins Tomass. Savuk\u0101rt dzied\u0101t\u0101ja un filantrope Dollija P\u0101rtone sa\u0146\u0113ma \u017dana Her\u0161olta hum\u0101n\u0101s pal\u012bdz\u012bbas balvu par savu ilggad\u0113jo labdar\u012bbas darbu, lai gan vi\u0146a nevar\u0113ja ierasties ceremonij\u0101 person\u012bgi vesel\u012bbas apsv\u0113rumu d\u0113\u013c.<\/p>\n<p>&#8220;Governors Awards&#8221; ceremonija, ko r\u012bko Kino m\u0101kslas un zin\u0101tnes akad\u0113mija, ir noz\u012bm\u012bgs notikums, kas atz\u012bm\u0113 kino industrijas zvaig\u017e\u0146u un talantu m\u016b\u017ea ieguld\u012bjumu, stiprinot kino k\u0101 m\u0101kslas un kopienas veidojo\u0161u sp\u0113ku.<\/p>\n","protected":false},"excerpt":{"rendered":"Toms Kr\u016bzs sa\u0146em savu pirmo goda &#8220;Oskaru&#8221; par m\u016b\u017ea ieguld\u012bjumu kino Holivudas ikona Toms Kr\u016bzs beidzot ir sa\u0146\u0113mis&hellip;\n","protected":false},"author":2,"featured_media":52500,"comment_status":"","ping_status":"","sticky":false,"template":"","format":"standard","meta":{"footnotes":""},"categories":[19],"tags":[89,14393,90,14394,35,39,38,36,37,34,40,14395,4193,7066],"class_list":{"0":"post-52499","1":"post","2":"type-post","3":"status-publish","4":"format-standard","5":"has-post-thumbnail","7":"category-izklaide","8":"tag-entertainment","9":"tag-governors-awards","10":"tag-izklaide","11":"tag-kino-balvas","12":"tag-latvia","13":"tag-latvian","14":"tag-latviesu","15":"tag-latviesu-valoda","16":"tag-latviesuvaloda","17":"tag-latvija","18":"tag-lv","19":"tag-muza-ieguldijums","20":"tag-oskars","21":"tag-toms-kruzs"},"share_on_mastodon":{"url":"https:\/\/pubeurope.com\/@lv\/115569918178469657","error":""},"_links":{"self":[{"href":"https:\/\/www.europesays.com\/lv\/wp-json\/wp\/v2\/posts\/52499","targetHints":{"allow":["GET"]}}],"collection":[{"href":"https:\/\/www.europesays.com\/lv\/wp-json\/wp\/v2\/posts"}],"about":[{"href":"https:\/\/www.europesays.com\/lv\/wp-json\/wp\/v2\/types\/post"}],"author":[{"embeddable":true,"href":"https:\/\/www.europesays.com\/lv\/wp-json\/wp\/v2\/users\/2"}],"replies":[{"embeddable":true,"href":"https:\/\/www.europesays.com\/lv\/wp-json\/wp\/v2\/comments?post=52499"}],"version-history":[{"count":0,"href":"https:\/\/www.europesays.com\/lv\/wp-json\/wp\/v2\/posts\/52499\/revisions"}],"wp:featuredmedia":[{"embeddable":true,"href":"https:\/\/www.europesays.com\/lv\/wp-json\/wp\/v2\/media\/52500"}],"wp:attachment":[{"href":"https:\/\/www.europesays.com\/lv\/wp-json\/wp\/v2\/media?parent=52499"}],"wp:term":[{"taxonomy":"category","embeddable":true,"href":"https:\/\/www.europesays.com\/lv\/wp-json\/wp\/v2\/categories?post=52499"},{"taxonomy":"post_tag","embeddable":true,"href":"https:\/\/www.europesays.com\/lv\/wp-json\/wp\/v2\/tags?post=52499"}],"curies":[{"name":"wp","href":"https:\/\/api.w.org\/{rel}","templated":true}]}}