{"id":52511,"date":"2025-11-18T09:32:10","date_gmt":"2025-11-18T09:32:10","guid":{"rendered":"https:\/\/www.europesays.com\/lv\/52511\/"},"modified":"2025-11-18T09:32:10","modified_gmt":"2025-11-18T09:32:10","slug":"arhibiskaps-situaciju-latvijas-sabiedriba-salidzina-ar-filmu-straume","status":"publish","type":"post","link":"https:\/\/www.europesays.com\/lv\/52511\/","title":{"rendered":"Arhib\u012bskaps situ\u0101ciju Latvijas sabiedr\u012bb\u0101 sal\u012bdzina ar filmu &#8220;Straume&#8221;"},"content":{"rendered":"<p>&#8220;Ar t\u0101du attieksmi un retoriku m\u0113s nevis cen\u0161amies b\u016bt vien\u0101 laiv\u0101, bet dr\u012bz\u0101k to izt\u012br\u012bt no visa cit\u0101d\u0101. T\u0101 darot, laiva k\u013c\u016bs aizvien tuk\u0161\u0101ka &#8211; tik ekstravagantu iz\u0161\u0137\u0113rd\u012bbu m\u0113s at\u013cauties nevaram,&#8221; min\u0113ja Grants.<\/p>\n<p>Arhib\u012bskaps sav\u0101 uzrun\u0101 sac\u012bja, ka J\u0113zus k\u0101 visp\u0101rzin\u0101mu paties\u012bbu konstat\u0113, ka sev\u012b sa\u0161\u0137elts cilv\u0113ks, sa\u0161\u0137eltas \u0123imenes un sa\u0161\u0137elta valsts nevar past\u0101v\u0113t. Vi\u0146\u0161 uzsv\u0113ra, ka t\u0101 k\u013c\u016bstam uz\u0146\u0113m\u012bg\u0101ki pret dezinform\u0101ciju, viegl\u0101k pak\u013caujamies panikai un nesp\u0113jam pa\u0161organiz\u0113ties \u0101rk\u0101rtas situ\u0101cij\u0101s.<\/p>\n<p>&#8220;\u0160\u0137el\u0161an\u0101s nekad nav nevain\u012bga vai neitr\u0101la. Par to priec\u0101jas tikai ienaidnieks,&#8221; vi\u0146\u0161 piebilda.<\/p>\n<p>Grants sprieda, ka m\u0113s topam p\u0101rbaud\u012bti m\u016bsu sp\u0113j\u0101 b\u016bt kop\u0101 vien\u0101 laiv\u0101, ko saucam par m\u016bsu Latviju. &#8220;Lai ar\u012b mums ir g\u0101jis un iet vis\u0101di, m\u0113s \u0161aj\u0101 p\u0101rbaud\u012bjum\u0101 v\u0113l neesam izkritu\u0161i. M\u0113s varam m\u0101c\u012bties un turpin\u0101t cit\u0101di,&#8221; atz\u012bm\u0113ja Grants.<\/p>\n<p>Arhib\u012bskaps akcent\u0113ja, lai \u0161odien atbild\u0113tu uz jaut\u0101jumu &#8220;Kur\u0161 ir mans tuv\u0101kais?&#8221;, katram sev ir j\u0101vaic\u0101: &#8220;Ko es izv\u0113los redz\u0113t? Cilv\u0113ku vai ideolo\u0123iju?&#8221;<\/p>\n<p>Ne maz\u0101k svar\u012bgi ir jaut\u0101t: &#8220;Vai esmu gatavs pietuvoties tam, kam s\u0101p, un sajust l\u012bdzj\u016bt\u012bbu?&#8221; nor\u0101d\u012bja Grants.<\/p>\n<p>Vi\u0146\u0161 sac\u012bja, ka tuv\u0101kais nav tas, kur\u0161 ir l\u012bdz\u012bgs vai pat\u012bk, bet tas, kam vajadz\u012bga pal\u012bdz\u012bba. Tas nav par asinsradniec\u012bbu, soci\u0101lo sl\u0101ni vai kop\u012bg\u0101m dom\u0101m &#8211; tuv\u0101kais ir attieksme, ko nav nepiecie\u0161ams defin\u0113t, bet ir nepiecie\u0161ams atrast, vi\u0146\u0161 skaidroja.<\/p>\n<p>&#8220;Tas var b\u016bt sve\u0161s b\u0113rns, kur\u0161 piedz\u012bvojis vardarb\u012bbu \u0123imen\u0113 vai skol\u0101, jaunietis, kas soci\u0101lo mediju pasaul\u0113 c\u012bn\u0101s ar identit\u0101tes un pieder\u012bbas jaut\u0101jumiem, pieaugu\u0161ais, kas non\u0101cis atkar\u012bb\u0101s, zaud\u0113jis darbu, bankrot\u0113jis biznes\u0101 vai kapitul\u0113jis \u0123imenes dz\u012bv\u0113, vai vientu\u013c\u0161, slim\u012bbu nomoc\u012bts seniors,&#8221; piemin\u0113ja arhib\u012bskaps.<\/p>\n","protected":false},"excerpt":{"rendered":"&#8220;Ar t\u0101du attieksmi un retoriku m\u0113s nevis cen\u0161amies b\u016bt vien\u0101 laiv\u0101, bet dr\u012bz\u0101k to izt\u012br\u012bt no visa cit\u0101d\u0101.&hellip;\n","protected":false},"author":2,"featured_media":52512,"comment_status":"","ping_status":"","sticky":false,"template":"","format":"standard","meta":{"footnotes":""},"categories":[5],"tags":[12296,23,28,29,32,33,22,30,31,35,39,38,36,37,34,14396,40,20,26,27,24,25,21],"class_list":{"0":"post-52511","1":"post","2":"type-post","3":"status-publish","4":"format-standard","5":"has-post-thumbnail","7":"category-aktualitates","8":"tag-18-novembris","9":"tag-aktualitates","10":"tag-breaking-news","11":"tag-breakingnews","12":"tag-featured-news","13":"tag-featurednews","14":"tag-headlines","15":"tag-latest-news","16":"tag-latestnews","17":"tag-latvia","18":"tag-latvian","19":"tag-latviesu","20":"tag-latviesu-valoda","21":"tag-latviesuvaloda","22":"tag-latvija","23":"tag-latvijas-evangeliski-luteriska-baznica","24":"tag-lv","25":"tag-news","26":"tag-popularakas-zinas","27":"tag-popularakaszinas","28":"tag-top-stories","29":"tag-topstories","30":"tag-zinas"},"share_on_mastodon":{"url":"https:\/\/pubeurope.com\/@lv\/115570012542167127","error":""},"_links":{"self":[{"href":"https:\/\/www.europesays.com\/lv\/wp-json\/wp\/v2\/posts\/52511","targetHints":{"allow":["GET"]}}],"collection":[{"href":"https:\/\/www.europesays.com\/lv\/wp-json\/wp\/v2\/posts"}],"about":[{"href":"https:\/\/www.europesays.com\/lv\/wp-json\/wp\/v2\/types\/post"}],"author":[{"embeddable":true,"href":"https:\/\/www.europesays.com\/lv\/wp-json\/wp\/v2\/users\/2"}],"replies":[{"embeddable":true,"href":"https:\/\/www.europesays.com\/lv\/wp-json\/wp\/v2\/comments?post=52511"}],"version-history":[{"count":0,"href":"https:\/\/www.europesays.com\/lv\/wp-json\/wp\/v2\/posts\/52511\/revisions"}],"wp:featuredmedia":[{"embeddable":true,"href":"https:\/\/www.europesays.com\/lv\/wp-json\/wp\/v2\/media\/52512"}],"wp:attachment":[{"href":"https:\/\/www.europesays.com\/lv\/wp-json\/wp\/v2\/media?parent=52511"}],"wp:term":[{"taxonomy":"category","embeddable":true,"href":"https:\/\/www.europesays.com\/lv\/wp-json\/wp\/v2\/categories?post=52511"},{"taxonomy":"post_tag","embeddable":true,"href":"https:\/\/www.europesays.com\/lv\/wp-json\/wp\/v2\/tags?post=52511"}],"curies":[{"name":"wp","href":"https:\/\/api.w.org\/{rel}","templated":true}]}}