{"id":52515,"date":"2025-11-18T09:43:16","date_gmt":"2025-11-18T09:43:16","guid":{"rendered":"https:\/\/www.europesays.com\/lv\/52515\/"},"modified":"2025-11-18T09:43:16","modified_gmt":"2025-11-18T09:43:16","slug":"ka-pirms-90-gadiem-tapa-brivibas-piemineklis","status":"publish","type":"post","link":"https:\/\/www.europesays.com\/lv\/52515\/","title":{"rendered":"K\u0101 pirms 90 gadiem tapa Br\u012bv\u012bbas piemineklis"},"content":{"rendered":"<p>Pirms 90 gadiem \u2013 1935. gada 18. novembr\u012b \u2013 R\u012bg\u0101 tika svin\u012bgi atkl\u0101ts <a rel=\"noopener nofollow\" target=\"_blank\" href=\"https:\/\/www.delfi.lv\/temas\/37212867\/brivibas-piemineklis\" tag-id=\"37212867\">Br\u012bv\u012bbas piemineklis<\/a>. &#8220;Delfi&#8221; sadarb\u012bb\u0101 ar Latvijas Nacion\u0101lo arh\u012bvu aicina apl\u016bkot v\u0113sturiskus foto no pieminek\u013ca tap\u0161anas un atkl\u0101\u0161anas.<\/p>\n<p>K\u0101 v\u0113st\u012bts Latvijas Nacion\u0101laj\u0101 enciklop\u0113dij\u0101, Br\u012bv\u012bbas pieminek\u013ca idejas aizs\u0101kums mekl\u0113jams 1921. gad\u0101, kad dzima doma par Uzvaras vai Latvijas neatkar\u012bbas kar\u0101 kritu\u0161o kareivju pieminek\u013ca cel\u0161anu. Laik\u0101 l\u012bdz pat 1930. gadam tika izsludin\u0101ti \u010detri konkursi, kuros ar sav\u0101m idej\u0101m piedal\u012bj\u0101s da\u017e\u0101di slaveni latvie\u0161u t\u0113lnieki un arhitekti, tai skait\u0101 Marta Liepi\u0146a-Skulme, Ei\u017eens Laube, Teodors Za\u013ckalns, K\u0101rlis Zemdega un citi.<\/p>\n<p>Nosl\u0113dzo\u0161aj\u0101 v\u0113rt\u0113\u0161an\u0101 no 32 metiem par lab\u0101ko atzina t\u0113lnieka K\u0101r\u013ca Z\u0101les projektu &#8220;Mirdzi k\u0101 zvaigzne&#8221;. Diskusijas par pieminek\u013ca atra\u0161an\u0101s vietu risin\u0101j\u0101s asto\u0146us gadus l\u012bdz 1931. gad\u0101 nol\u0113ma, ka piemineklis b\u016bs Br\u012bv\u012bbas bulv\u0101r\u012b viet\u0101, kur tolaik atrad\u0101s P\u0113tera I pieminek\u013ca postaments.<\/p>\n<p>Pieminek\u013ca celtniec\u012bbu atbalst\u012bja Latvijas valsts un pla\u0161as iedz\u012bvot\u0101ju aprindas ar ziedojumiem, kopsumm\u0101 trim miljoniem latu.<\/p>\n<p>Br\u012bv\u012bbas pieminek\u013ca pamatakmens piemineklim tika likts 1931. gada 18. novembr\u012b. T\u0101 atkl\u0101\u0161ana notika 1935. gada 18. novembr\u012b, bet 1937. gad\u0101 izveidoja loka ce\u013cus abpus piemineklim aiz jau eso\u0161\u0101m liepu rind\u0101m un novietoja tur solus. Piln\u012bb\u0101 pieminek\u013ca celtniec\u012bbu pabeidza 1938. gada 17. novembr\u012b.<\/p>\n<p><img decoding=\"async\" itemprop=\"image\" src=\"https:\/\/www.europesays.com\/lv\/wp-content\/uploads\/2025\/11\/e7470b9f-a84f-461d-ba9f-1c967145127a.jpg\" title=\"Arh\u012bva foto: K\u0101 pirms 90 gadiem tapa Br\u012bv\u012bbas piemineklis\" alt=\"Arh\u012bva foto: K\u0101 pirms 90 gadiem tapa Br\u012bv\u012bbas piemineklis\" class=\"img-fluid w-100\" data-v-a1a92103=\"\"\/>Foto: Latvijas Nacion\u0101lais arh\u012bvs. Br\u012bv\u012bbas pieminek\u013ca atkl\u0101\u0161anas ceremonija R\u012bg\u0101. R\u012bga, 1935. gada 18. novembris<\/p>\n<p>Pieminekl\u012b ir izmantots Somijas gran\u012bts: pel\u0113kais un s\u0101rtais no Mirskiles, travert\u012bns no It\u0101lijas, Tivoli. Br\u012bv\u012bbas fig\u016bra \u2013 vara kalums ar zelt\u012bjumu. Pamata konstrukcija ir veidota no betona.<\/p>\n<p>Br\u012bv\u012bbas pieminek\u013ca autori l\u012bdz\u0101s K\u0101rlim Z\u0101lem ir: arhitekts Ernests \u0160t\u0101lbergs, m\u0101kslas met\u0101lkal\u0113ji Ragn\u0101rs Mirsm\u0113dens, Arnolds Naika un J\u0101nis Zibens, t\u0113lnieki M\u0101rti\u0146\u0161 \u0160malcs, Nikolajs Rambaks, akme\u0146ka\u013ci Viktors Ko\u013ces\u0146ikovs, Alfr\u0113ds Rullis, Eduards J\u0101kobsons u. c.<\/p>\n<p>K\u0101 Nacion\u0101laj\u0101 enciklop\u0113dij\u0101 raksta m\u0101kslas v\u0113stures profesore Laila Brem\u0161a, Br\u012bv\u012bbas piemineklis ir t\u0113lnieka un arhitekta sadarb\u012bbas rezult\u0101t\u0101 tapis telpiski plastisks <a rel=\"noopener nofollow\" target=\"_blank\" href=\"https:\/\/enciklopedija.lv\/skirklis\/159482\" data-rel-date-range=\"[]\">m\u0101kslas<\/a> darbs, kas ar vertik\u0101lo kopformu un figur\u0101l\u0101m skulpt\u016br\u0101m iem\u016b\u017eina latvie\u0161u n\u0101cijas atbr\u012bvo\u0161an\u0101s laikmetu un t\u0101 v\u0113rt\u012bbas, apvienojot alegorisko, mitolo\u0123isko un v\u0113sturisko st\u0101st\u012bjumu.<\/p>\n<p>Par Br\u012bv\u012bbas pieminek\u013ca tap\u0161anu un K\u0101r\u013ca Z\u0101les person\u012bbu ir uz\u0146emta filma &#8220;Ievainotais j\u0101tnieks&#8221; (2017), ar aktieri Imantu Stradu t\u0113lnieka lom\u0101. <\/p>\n<p>T\u0101pat aicin\u0101m iel\u016bkoties jaunaj\u0101 Latvijas Valsts kinofotofonodokumentu arh\u012bva tematiskaj\u0101 kolekcij\u0101, kas izveidota Latvijas Nacion\u0101l\u0101 arh\u012bva digit\u0101laj\u0101 kr\u0101tuv\u0113 <a rel=\"noopener nofollow\" target=\"_blank\" href=\"https:\/\/www.redzidzirdilatviju.lv\/lv\/collections\/160437\/255\/\" data-rel-date-range=\"[]\">&#8220;Redzi, dzirdi Latviju!&#8221; \u0161eit.<\/a> <\/p>\n<p>Valsts sv\u0113tku br\u012bvdien\u0101s mudin\u0101m iel\u016bkoties pag\u0101tn\u0113 un noskat\u012bties kinodokumentus, kuros redzama gan Br\u012bv\u012bbas pieminek\u013ca veido\u0161ana, gan svin\u012bg\u0101 atkl\u0101\u0161anas ceremonija \u2013 re\u017eisora Eduarda Krauca dokument\u0101laj\u0101 film\u0101<a rel=\"noopener nofollow\" target=\"_blank\" href=\"https:\/\/www.redzidzirdilatviju.lv\/...\/255\/movie\/160925\" data-rel-date-range=\"[]\"> &#8220;Br\u012bv\u012bbas pieminek\u013ca atkl\u0101\u0161ana R\u012bg\u0101&#8221;. <\/a><\/p>\n<p class=\"m-0\">Seko &#8220;Delfi&#8221; ar\u012b  <a target=\"_blank\" href=\"https:\/\/www.instagram.com\/delfi.lv\/\" rel=\"nofollow noopener\">Instagram<\/a>  un <a target=\"_blank\" href=\"https:\/\/www.youtube.com\/channel\/UCw5foWtcJvAbUm64rv7jwUQ\" rel=\"nofollow noopener\">YouTube<\/a>  profil\u0101 \u2013 pievienojies, lai uzzin\u0101tu svar\u012bg\u0101ko un interesant\u0101ko pirmais!<\/p>\n<p>Publik\u0101cijas saturs vai t\u0101s jebk\u0101da apjoma da\u013ca ir aizsarg\u0101ts autorties\u012bbu objekts Autorties\u012bbu likuma izpratn\u0113, un t\u0101 izmanto\u0161ana bez izdev\u0113ja at\u013caujas ir aizliegta. Vair\u0101k lasi  <a target=\"_blank\" href=\"https:\/\/www.delfi.lv\/noteikumi#autortiesibas\" rel=\"nofollow noopener\">\u0161eit<\/a><script async src=\"\/\/www.instagram.com\/embed.js\"><\/script><\/p>\n","protected":false},"excerpt":{"rendered":"Pirms 90 gadiem \u2013 1935. gada 18. novembr\u012b \u2013 R\u012bg\u0101 tika svin\u012bgi atkl\u0101ts Br\u012bv\u012bbas piemineklis. &#8220;Delfi&#8221; sadarb\u012bb\u0101 ar&hellip;\n","protected":false},"author":2,"featured_media":52516,"comment_status":"","ping_status":"","sticky":false,"template":"","format":"standard","meta":{"footnotes":""},"categories":[12],"tags":[23,28,29,3287,32,33,22,14397,30,31,35,39,38,36,37,34,40,20,26,27,24,25,21],"class_list":{"0":"post-52515","1":"post","2":"type-post","3":"status-publish","4":"format-standard","5":"has-post-thumbnail","7":"category-latvija","8":"tag-aktualitates","9":"tag-breaking-news","10":"tag-breakingnews","11":"tag-brivibas-piemineklis","12":"tag-featured-news","13":"tag-featurednews","14":"tag-headlines","15":"tag-karlis-zale","16":"tag-latest-news","17":"tag-latestnews","18":"tag-latvia","19":"tag-latvian","20":"tag-latviesu","21":"tag-latviesu-valoda","22":"tag-latviesuvaloda","23":"tag-latvija","24":"tag-lv","25":"tag-news","26":"tag-popularakas-zinas","27":"tag-popularakaszinas","28":"tag-top-stories","29":"tag-topstories","30":"tag-zinas"},"share_on_mastodon":{"url":"https:\/\/pubeurope.com\/@lv\/115570055883989446","error":""},"_links":{"self":[{"href":"https:\/\/www.europesays.com\/lv\/wp-json\/wp\/v2\/posts\/52515","targetHints":{"allow":["GET"]}}],"collection":[{"href":"https:\/\/www.europesays.com\/lv\/wp-json\/wp\/v2\/posts"}],"about":[{"href":"https:\/\/www.europesays.com\/lv\/wp-json\/wp\/v2\/types\/post"}],"author":[{"embeddable":true,"href":"https:\/\/www.europesays.com\/lv\/wp-json\/wp\/v2\/users\/2"}],"replies":[{"embeddable":true,"href":"https:\/\/www.europesays.com\/lv\/wp-json\/wp\/v2\/comments?post=52515"}],"version-history":[{"count":0,"href":"https:\/\/www.europesays.com\/lv\/wp-json\/wp\/v2\/posts\/52515\/revisions"}],"wp:featuredmedia":[{"embeddable":true,"href":"https:\/\/www.europesays.com\/lv\/wp-json\/wp\/v2\/media\/52516"}],"wp:attachment":[{"href":"https:\/\/www.europesays.com\/lv\/wp-json\/wp\/v2\/media?parent=52515"}],"wp:term":[{"taxonomy":"category","embeddable":true,"href":"https:\/\/www.europesays.com\/lv\/wp-json\/wp\/v2\/categories?post=52515"},{"taxonomy":"post_tag","embeddable":true,"href":"https:\/\/www.europesays.com\/lv\/wp-json\/wp\/v2\/tags?post=52515"}],"curies":[{"name":"wp","href":"https:\/\/api.w.org\/{rel}","templated":true}]}}