{"id":52523,"date":"2025-11-18T10:06:08","date_gmt":"2025-11-18T10:06:08","guid":{"rendered":"https:\/\/www.europesays.com\/lv\/52523\/"},"modified":"2025-11-18T10:06:08","modified_gmt":"2025-11-18T10:06:08","slug":"krievi-uzbrukusi-ukraina-ar-cetram-raketem-un-114-droniem-apollo-lv","status":"publish","type":"post","link":"https:\/\/www.europesays.com\/lv\/52523\/","title":{"rendered":"Krievi uzbruku\u0161i Ukraina ar \u010detr\u0101m ra\u0137et\u0113m un 114 droniem &#8211; Apollo.lv"},"content":{"rendered":"<ol>\n<li><a href=\"https:\/\/news.google.com\/rss\/articles\/CBMikAFBVV95cUxQRWNTUU1iRmwxWGlxbXJ1YjJsT0JCaXA0X1Vnek5JZGttdEVfVFhwSXBVS1ZEdGt2MS1YdWtBZGIydVVodDNyc2Uxcm1uTHZtZENOYWphbnFTVkN0N0l2VV9JN0pDMXFScC1KQzNNWEVFVUdxcGNlQWwzamlfV3N4UUZ2TzlUTGh3dENDNE1kWE0?oc=5\" target=\"_blank\" rel=\"nofollow noopener\">Krievi uzbruku\u0161i Ukraina ar \u010detr\u0101m ra\u0137et\u0113m un 114 droniem<\/a>&nbsp;&nbsp;Apollo.lv<\/li>\n<li><a href=\"https:\/\/news.google.com\/rss\/articles\/CBMi7AFBVV95cUxOZXhKcWVZZ0JWSGpIQnV1Mmw5ZURLa0xQbUktb1hfbzllcXdyRHFFQ2Q4TERhSFMxenBrTllkTkFZeDdwbnFzYzkzYjhSOG15dDFKTlR6X3FDYlFqN1RtbGR2Tl9ZaHhzZTIyWGo3ekI4SGY4NC1zWlEtRTM1NW1Ca0J5MWJWdFk3V0NObUtIeDlsTFF0aDlRb0FxMVBFVDJzVVliSFlZT3lwU1g0dGVHU2ZqMmtvRXZQMnF5cW9NV2xCVGMzTVVPZ0w5VXFrNlRZbVFjQ0JhY3haT3ktLURQMENWT0hhalZ6aTBMbQ?oc=5\" target=\"_blank\" rel=\"nofollow noopener\">Ukrain\u0101 k\u0101rt\u0113jie str\u0101vas padeves p\u0101rtraukumi; Krievijas ra\u0137e\u0161u triecien\u0101 nogalin\u0101ti pieci cilv\u0113ki<\/a>&nbsp;&nbsp;LSM<\/li>\n<li><a href=\"https:\/\/news.google.com\/rss\/articles\/CBMimgFBVV95cUxNVElVUGI2eC05V0k4Ylp5bTFJNTcxeTRMT1V2TS03NUFUZm8zdnlpc2tIcUxsVWUwcjBHdVJySGw4ajYzZjhBNE51MzZqeGZvTnhwUUVGSldHRzg0RW5JUFNKZVFHWnpLLUpUTll2T3NfVEZNcGZFbjdGZ0lPLXdDbUwyVE5sWVlsalh1dWRVT2MxZjNvbG9RWmJR?oc=5\" target=\"_blank\" rel=\"nofollow noopener\">Krievija nakt\u012b uzbrukusi Ukrainai ar div\u0101m ra\u0137et\u0113m un 128 droniem<\/a>&nbsp;&nbsp;TVNET<\/li>\n<li><a href=\"https:\/\/news.google.com\/rss\/articles\/CBMirwFBVV95cUxNMGxteUE5dGhZQmdaTDAzd0lIYVJYYWdWVXJ0X3Q5RTZJR0JPbDFPOEZWV04wTGdHNHNXVU0wYXA0aUNBblpDQnZHQmdnQWFNbTl6YThTYS1rYUFydkwtSGQtUy1SOVhrMVlFMktXNW5aY29CckpWWmJnTkFOTlpEWDlkNmtKeFFfa19JZllTVGZrdGJGQ1d1TWpFaTRLd0hscUdENHhkZTY2ajltME84?oc=5\" target=\"_blank\" rel=\"nofollow noopener\">Krievijas ra\u0137e\u0161u triecien\u0101 Balak\u013cij\u0101 nogalin\u0101ti tr\u012bs un ievainoti desmit cilv\u0113ki<\/a>&nbsp;&nbsp;Apollo.lv<\/li>\n<li><a href=\"https:\/\/news.google.com\/rss\/articles\/CBMihgFBVV95cUxONVB3RzJxZm1JbHkxRW5PbzdhZ1R6UVEwUlA2N0JwVTZ0YVNuZVZlSEJqclU1bWpiYlc2Z0tUajZCN1BodHEyNGg4aHAtd3E0SVoxdVNhQWZKN0Z1clhITVM1OWhoVUx0ay1jbXlyY0VQUEVxVjdyTmNBa2JnUXZ1N05jSjRJZw?oc=5\" target=\"_blank\" rel=\"nofollow noopener\">Kijiva piektdienas r\u012bt\u0101 pieredz pla\u0161u krievu uzbrukumu<\/a>&nbsp;&nbsp;ReTV<\/li>\n<\/ol>\n","protected":false},"excerpt":{"rendered":"Krievi uzbruku\u0161i Ukraina ar \u010detr\u0101m ra\u0137et\u0113m un 114 droniem&nbsp;&nbsp;Apollo.lv Ukrain\u0101 k\u0101rt\u0113jie str\u0101vas padeves p\u0101rtraukumi; Krievijas ra\u0137e\u0161u triecien\u0101 nogalin\u0101ti&hellip;\n","protected":false},"author":2,"featured_media":6790,"comment_status":"","ping_status":"","sticky":false,"template":"","format":"standard","meta":{"footnotes":""},"categories":[14],"tags":[23,57,65,28,29,1900,1901,32,33,1898,22,760,1899,90,1897,30,31,35,39,38,36,37,34,40,20,26,27,1896,67,1895,24,25,54,55,56,285,21,58],"class_list":{"0":"post-52523","1":"post","2":"type-post","3":"status-publish","4":"format-standard","5":"has-post-thumbnail","7":"category-zinas-no-arvalstim","8":"tag-aktualitates","9":"tag-arvalstim","10":"tag-auto","11":"tag-breaking-news","12":"tag-breakingnews","13":"tag-brivbridis","14":"tag-daba-un-dzivnieki","15":"tag-featured-news","16":"tag-featurednews","17":"tag-galerijas","18":"tag-headlines","19":"tag-horoskopi","20":"tag-itech","21":"tag-izklaide","22":"tag-kriminalzinas","23":"tag-latest-news","24":"tag-latestnews","25":"tag-latvia","26":"tag-latvian","27":"tag-latviesu","28":"tag-latviesu-valoda","29":"tag-latviesuvaloda","30":"tag-latvija","31":"tag-lv","32":"tag-news","33":"tag-popularakas-zinas","34":"tag-popularakaszinas","35":"tag-sieviete","36":"tag-sports","37":"tag-tava-balss","38":"tag-top-stories","39":"tag-topstories","40":"tag-world","41":"tag-world-news","42":"tag-worldnews","43":"tag-zala-dzive","44":"tag-zinas","45":"tag-zinas-no-arvalstim"},"share_on_mastodon":{"url":"","error":"Validation failed: Text character limit of 500 exceeded"},"_links":{"self":[{"href":"https:\/\/www.europesays.com\/lv\/wp-json\/wp\/v2\/posts\/52523","targetHints":{"allow":["GET"]}}],"collection":[{"href":"https:\/\/www.europesays.com\/lv\/wp-json\/wp\/v2\/posts"}],"about":[{"href":"https:\/\/www.europesays.com\/lv\/wp-json\/wp\/v2\/types\/post"}],"author":[{"embeddable":true,"href":"https:\/\/www.europesays.com\/lv\/wp-json\/wp\/v2\/users\/2"}],"replies":[{"embeddable":true,"href":"https:\/\/www.europesays.com\/lv\/wp-json\/wp\/v2\/comments?post=52523"}],"version-history":[{"count":0,"href":"https:\/\/www.europesays.com\/lv\/wp-json\/wp\/v2\/posts\/52523\/revisions"}],"wp:featuredmedia":[{"embeddable":true,"href":"https:\/\/www.europesays.com\/lv\/wp-json\/wp\/v2\/media\/6790"}],"wp:attachment":[{"href":"https:\/\/www.europesays.com\/lv\/wp-json\/wp\/v2\/media?parent=52523"}],"wp:term":[{"taxonomy":"category","embeddable":true,"href":"https:\/\/www.europesays.com\/lv\/wp-json\/wp\/v2\/categories?post=52523"},{"taxonomy":"post_tag","embeddable":true,"href":"https:\/\/www.europesays.com\/lv\/wp-json\/wp\/v2\/tags?post=52523"}],"curies":[{"name":"wp","href":"https:\/\/api.w.org\/{rel}","templated":true}]}}