{"id":52530,"date":"2025-11-18T10:12:07","date_gmt":"2025-11-18T10:12:07","guid":{"rendered":"https:\/\/www.europesays.com\/lv\/52530\/"},"modified":"2025-11-18T10:12:07","modified_gmt":"2025-11-18T10:12:07","slug":"ar-jauniem-lg-akumulatoriem-nobraukums-pieaudzis-lidz-iespaidigiem-750-km-lente-lv","status":"publish","type":"post","link":"https:\/\/www.europesays.com\/lv\/52530\/","title":{"rendered":"ar jauniem LG akumulatoriem nobraukums pieaudzis l\u012bdz iespaid\u012bgiem 750 km\u00a0\u2014\u00a0Lente.lv"},"content":{"rendered":"<p>Tesla Model 3 Eirop\u0101 ar iespaid\u012bgi liel\u0101ku nobraukumu<\/p>\n<p>Automa\u0161\u012bnu ra\u017eot\u0101js Tesla ir veicis noz\u012bm\u012bgus uzlabojumus saviem popul\u0101rajiem elektriskajiem automobi\u013ciem Model 3 Eiropas tirg\u016b. P\u0113c jaun\u0101ko LG Energy akumulatoru elementu integr\u0101cijas, \u0161ie sp\u0113krati nu sp\u0113j veikt l\u012bdz pat 750 kilometriem ar vienu uzl\u0101di, kas ir iev\u0113rojams l\u0113ciens efektivit\u0101t\u0113.<\/p>\n<p>Tehnolo\u0123iskais l\u0113ciens un t\u0101 priek\u0161roc\u012bbas<\/p>\n<p>Elektrisko automobi\u013cu nep\u0101rtraukta att\u012bst\u012bba ir cie\u0161i saist\u012bta ar akumulatoru tehnolo\u0123iju progresu. Jaun\u0101k\u0101s paaudzes akumulatoru elementi, ko ra\u017eo LG, \u012bpa\u0161i tie, kas n\u0101k no r\u016bpn\u012bc\u0101m \u0136\u012bn\u0101, pied\u0101v\u0101 augst\u0101ku ener\u0123ijas bl\u012bvumu. Tas noz\u012bm\u0113, ka tie sp\u0113j uzglab\u0101t vair\u0101k ener\u0123ijas taj\u0101 pa\u0161\u0101 fiziskaj\u0101 tilpum\u0101. \u0160is jaunin\u0101jums ir \u012bpa\u0161i v\u0113rt\u012bgs, jo tas \u013cauj ra\u017eot\u0101jiem uzlabot automa\u0161\u012bnu veiktsp\u0113ju, bie\u017ei vien bez nepiecie\u0161am\u012bbas veikt radik\u0101las izmai\u0146as automa\u0161\u012bnas dizain\u0101 vai akumulatora pakotn\u0113. Tas ir l\u012bdz\u012bgi k\u0101 tad, ja varat vienk\u0101r\u0161i ieliet sav\u0101 t\u0113jkann\u0101 jaunu, efekt\u012bv\u0101ku sild\u012b\u0161anas elementu, lai tas \u0101tr\u0101k uzv\u0101r\u012btu \u016bdeni, nemainot pa\u0161as kannas formu.<\/p>\n<p>\u0136\u012bnas pieredze un Eiropas ieguvumi<\/p>\n<p>\u0160\u012b tehnolo\u0123isk\u0101 inov\u0101cija pirmo reizi tika ieviesta \u0136\u012bn\u0101 pag\u0101ju\u0161aj\u0101 m\u0113nes\u012b, kur atjaunin\u0101t\u0101 Model 3 ar maksim\u0101lo nobraukumu sasniedza pat 830 kilometrus, balstoties uz maz\u0101k pras\u012bgajiem CLTC standartiem. Lai gan \u0161is standarts ir maz\u0101k stingrs nek\u0101 Eiropas WLTP cikls, tas skaidri nor\u0101d\u012bja uz gaid\u0101majiem uzlabojumiem. T\u0101 k\u0101 Eiropas tirgum paredz\u0113tie Model 3 tiek ra\u017eoti ar\u012b Tesla r\u016bpn\u012bc\u0101 \u0136\u012bn\u0101, \u0161ie jaunie akumulatori tagad ir pieejami ar\u012b m\u016bsu kontinent\u0101 dz\u012bvojo\u0161ajiem pirc\u0113jiem. Tas ir lielisks piem\u0113rs tam, k\u0101 glob\u0101l\u0101 ra\u017eo\u0161ana var nodro\u0161in\u0101t \u0101tru jaunin\u0101jumu izplat\u012b\u0161anos.<\/p>\n<p>Konkr\u0113ti dati un citi uzlabojumi<\/p>\n<p>Ofici\u0101laj\u0101 Tesla m\u0101jaslap\u0101 jau ir public\u0113ti jaunie dati. Model 3 Long Range RWD versija tagad sp\u0113j veikt l\u012bdz pat 750 km p\u0113c WLTP cikla, kas ir iev\u0113rojams k\u0101pums no iepriek\u0161\u0113jiem 702 km. Savuk\u0101rt Model 3 Long Range AWD versijas nobraukums ir l\u012bdz 660 km, bet Model 3 Performance versija nodro\u0161ina l\u012bdz 571 km. \u0160ie skait\u013ci ir patie\u0161\u0101m iespaid\u012bgi un liek priec\u0101ties tiem, kuri ilgojas p\u0113c liel\u0101kas br\u012bv\u012bbas, neuztraucoties par bie\u017eu uzl\u0101di. Papildus akumulatoru uzlabojumiem, atjaunin\u0101t\u0101 Model 3 ir sa\u0146\u0113musi ar\u012b jaunu priek\u0161\u0113jo kameru, kas integr\u0113ta bamper\u012b, k\u0101 ar\u012b atgriezies pie paz\u012bstam\u0101 pagrieziena r\u0101d\u012bt\u0101ju sviras dizaina, kas tika main\u012bts 2024. gada mode\u013ca dizaina atsvaidzin\u0101\u0161an\u0101. Tas ir pat\u012bkams p\u0101rsteigums autovad\u012bt\u0101jiem.<\/p>\n","protected":false},"excerpt":{"rendered":"Tesla Model 3 Eirop\u0101 ar iespaid\u012bgi liel\u0101ku nobraukumu Automa\u0161\u012bnu ra\u017eot\u0101js Tesla ir veicis noz\u012bm\u012bgus uzlabojumus saviem popul\u0101rajiem elektriskajiem&hellip;\n","protected":false},"author":2,"featured_media":52531,"comment_status":"","ping_status":"","sticky":false,"template":"","format":"standard","meta":{"footnotes":""},"categories":[16],"tags":[4404,77,76,8286,35,39,38,36,37,34,13949,40,4403,4402],"class_list":{"0":"post-52530","1":"post","2":"type-post","3":"status-publish","4":"format-standard","5":"has-post-thumbnail","7":"category-bizness","8":"tag-akumulatoru-tehnologijas","9":"tag-bizness","10":"tag-business","11":"tag-elektriskie-auto","12":"tag-latvia","13":"tag-latvian","14":"tag-latviesu","15":"tag-latviesu-valoda","16":"tag-latviesuvaloda","17":"tag-latvija","18":"tag-lg-energy","19":"tag-lv","20":"tag-nobraukums","21":"tag-tesla-model-3"},"share_on_mastodon":{"url":"https:\/\/pubeurope.com\/@lv\/115570169836501083","error":""},"_links":{"self":[{"href":"https:\/\/www.europesays.com\/lv\/wp-json\/wp\/v2\/posts\/52530","targetHints":{"allow":["GET"]}}],"collection":[{"href":"https:\/\/www.europesays.com\/lv\/wp-json\/wp\/v2\/posts"}],"about":[{"href":"https:\/\/www.europesays.com\/lv\/wp-json\/wp\/v2\/types\/post"}],"author":[{"embeddable":true,"href":"https:\/\/www.europesays.com\/lv\/wp-json\/wp\/v2\/users\/2"}],"replies":[{"embeddable":true,"href":"https:\/\/www.europesays.com\/lv\/wp-json\/wp\/v2\/comments?post=52530"}],"version-history":[{"count":0,"href":"https:\/\/www.europesays.com\/lv\/wp-json\/wp\/v2\/posts\/52530\/revisions"}],"wp:featuredmedia":[{"embeddable":true,"href":"https:\/\/www.europesays.com\/lv\/wp-json\/wp\/v2\/media\/52531"}],"wp:attachment":[{"href":"https:\/\/www.europesays.com\/lv\/wp-json\/wp\/v2\/media?parent=52530"}],"wp:term":[{"taxonomy":"category","embeddable":true,"href":"https:\/\/www.europesays.com\/lv\/wp-json\/wp\/v2\/categories?post=52530"},{"taxonomy":"post_tag","embeddable":true,"href":"https:\/\/www.europesays.com\/lv\/wp-json\/wp\/v2\/tags?post=52530"}],"curies":[{"name":"wp","href":"https:\/\/api.w.org\/{rel}","templated":true}]}}