{"id":52546,"date":"2025-11-18T10:25:08","date_gmt":"2025-11-18T10:25:08","guid":{"rendered":"https:\/\/www.europesays.com\/lv\/52546\/"},"modified":"2025-11-18T10:25:08","modified_gmt":"2025-11-18T10:25:08","slug":"arhibiskaps-grants-tiek-parbaudita-latvijas-iedzivotaju-speja-but-viena-laiva","status":"publish","type":"post","link":"https:\/\/www.europesays.com\/lv\/52546\/","title":{"rendered":"Arhib\u012bskaps Grants: Tiek p\u0101rbaud\u012bta Latvijas iedz\u012bvot\u0101ju sp\u0113ja b\u016bt vien\u0101 laiv\u0101"},"content":{"rendered":"<p>Da\u017e\u0101di mediji veido inform\u0101cijas burbu\u013cus un pastiprina spriedzi starp kopien\u0101m, bie\u017ei veicinot agres\u012bvas debates.<\/p>\n<p>Gandr\u012bz jau k\u0101 ikdienas fons kl\u0101t n\u0101k zi\u0146as par Krievijas diktatora Vladimira Putina draud\u012bgiem nodomiem, kas Krievijas imp\u0113rijas sap\u0146a veidol\u0101 k\u0101 straume ir izg\u0101ju\u0161i no saviem krastiem. Nav zin\u0101ms, cik daudz apk\u0101rt\u0113jo tautu un m\u016bsu zemi t\u0101 cent\u012bsies appludin\u0101t,\u201d sprieda Grants.<\/p>\n<p>Vi\u0146\u0161 uzsv\u0113ra, ka uz \u0161\u012b fona ir svar\u012bgi apzin\u0101ties un tic\u0113t, ka uztic\u0113\u0161an\u0101s un sadarb\u012bba starp cilv\u0113kiem, p\u0101ri savas \u201c\u0161\u016bnas\u201d apvalkam, ir iesp\u0113jama.<\/p>\n<p>\u201c\u0160is noteikti nav laiks savt\u012bg\u0101m politisk\u0101m interes\u0113m vai melnbaltai retorikai, ko p\u0113d\u0113j\u0101s ned\u0113\u013c\u0101s esam piedz\u012bvoju\u0161i,\u201d nor\u0101d\u012bja Grants.<\/p>\n<p>Arhib\u012bskaps pauda, ka iedz\u012bvot\u0101ji viens otram izliek m\u0101ksl\u012bgus slazdus, kuros iekr\u012btot, vieni j\u016btas spiesti atteikties no svar\u012bg\u0101m, ar\u012b krist\u012bg\u0101m v\u0113rt\u012bb\u0101m, jo t\u0101s tiek pied\u0113v\u0113tas Kremlim, bet citi \u2013 norakst\u012bt Eiropu k\u0101 krist\u012bgas v\u0113rt\u012bbas zaud\u0113ju\u0161u.<\/p>\n<p>\u201cAr t\u0101du attieksmi un retoriku m\u0113s nevis cen\u0161amies b\u016bt vien\u0101 laiv\u0101, bet dr\u012bz\u0101k to izt\u012br\u012bt no visa cit\u0101d\u0101. T\u0101 darot, laiva k\u013c\u016bs aizvien tuk\u0161\u0101ka \u2013 tik ekstravagantu iz\u0161\u0137\u0113rd\u012bbu m\u0113s at\u013cauties nevaram,\u201d min\u0113ja Grants.<\/p>\n<p class=\"ad-desc ad-desc-main\">Saturs turpin\u0101s p\u0113c rekl\u0101mas<\/p>\n<p class=\"ad-desc ad-desc-sec\">Rekl\u0101ma<\/p>\n<p>Arhib\u012bskaps sav\u0101 uzrun\u0101 sac\u012bja, ka J\u0113zus k\u0101 visp\u0101rzin\u0101mu paties\u012bbu konstat\u0113, ka sev\u012b sa\u0161\u0137elts cilv\u0113ks, sa\u0161\u0137eltas \u0123imenes un sa\u0161\u0137elta valsts nevar past\u0101v\u0113t.<\/p>\n<p>Vi\u0146\u0161 uzsv\u0113ra, ka t\u0101 k\u013c\u016bstam uz\u0146\u0113m\u012bg\u0101ki pret dezinform\u0101ciju, viegl\u0101k pak\u013caujamies panikai un nesp\u0113jam pa\u0161organiz\u0113ties \u0101rk\u0101rtas situ\u0101cij\u0101s.<\/p>\n<p>\u201c\u0160\u0137el\u0161an\u0101s nekad nav nevain\u012bga vai neitr\u0101la. Par to priec\u0101jas tikai ienaidnieks,\u201d vi\u0146\u0161 piebilda.<\/p>\n<p>Grants sprieda, ka m\u0113s topam p\u0101rbaud\u012bti m\u016bsu sp\u0113j\u0101 b\u016bt kop\u0101 vien\u0101 laiv\u0101, ko saucam par m\u016bsu Latviju. \u201cLai ar\u012b mums ir g\u0101jis un iet vis\u0101di, m\u0113s \u0161aj\u0101 p\u0101rbaud\u012bjum\u0101 v\u0113l neesam izkritu\u0161i. M\u0113s varam m\u0101c\u012bties un turpin\u0101t cit\u0101di,\u201d atz\u012bm\u0113ja Grants.<\/p>\n<p>Arhib\u012bskaps akcent\u0113ja, lai \u0161odien atbild\u0113tu uz jaut\u0101jumu \u201cKur\u0161 ir mans tuv\u0101kais?\u201d, katram sev ir j\u0101vaic\u0101: \u201cKo es izv\u0113los redz\u0113t? Cilv\u0113ku vai ideolo\u0123iju?\u201d<\/p>\n<p>Ne maz\u0101k svar\u012bgi ir jaut\u0101t: \u201cVai esmu gatavs pietuvoties tam, kam s\u0101p, un sajust l\u012bdzj\u016bt\u012bbu?\u201d nor\u0101d\u012bja Grants.<\/p>\n<p>Vi\u0146\u0161 sac\u012bja, ka tuv\u0101kais nav tas, kur\u0161 ir l\u012bdz\u012bgs vai pat\u012bk, bet tas, kam vajadz\u012bga pal\u012bdz\u012bba. Tas nav par asinsradniec\u012bbu, soci\u0101lo sl\u0101ni vai kop\u012bg\u0101m dom\u0101m \u2013 tuv\u0101kais ir attieksme, ko nav nepiecie\u0161ams defin\u0113t, bet ir nepiecie\u0161ams atrast, vi\u0146\u0161 skaidroja.<\/p>\n","protected":false},"excerpt":{"rendered":"Da\u017e\u0101di mediji veido inform\u0101cijas burbu\u013cus un pastiprina spriedzi starp kopien\u0101m, bie\u017ei veicinot agres\u012bvas debates. Gandr\u012bz jau k\u0101 ikdienas&hellip;\n","protected":false},"author":2,"featured_media":52547,"comment_status":"","ping_status":"","sticky":false,"template":"","format":"standard","meta":{"footnotes":""},"categories":[14],"tags":[23,57,28,29,32,33,22,30,31,35,39,38,36,37,34,40,20,26,27,14402,24,25,54,55,56,21,58],"class_list":{"0":"post-52546","1":"post","2":"type-post","3":"status-publish","4":"format-standard","5":"has-post-thumbnail","7":"category-zinas-no-arvalstim","8":"tag-aktualitates","9":"tag-arvalstim","10":"tag-breaking-news","11":"tag-breakingnews","12":"tag-featured-news","13":"tag-featurednews","14":"tag-headlines","15":"tag-latest-news","16":"tag-latestnews","17":"tag-latvia","18":"tag-latvian","19":"tag-latviesu","20":"tag-latviesu-valoda","21":"tag-latviesuvaloda","22":"tag-latvija","23":"tag-lv","24":"tag-news","25":"tag-popularakas-zinas","26":"tag-popularakaszinas","27":"tag-rigas-doma-baznica","28":"tag-top-stories","29":"tag-topstories","30":"tag-world","31":"tag-world-news","32":"tag-worldnews","33":"tag-zinas","34":"tag-zinas-no-arvalstim"},"share_on_mastodon":{"url":"https:\/\/pubeurope.com\/@lv\/115570220913412513","error":""},"_links":{"self":[{"href":"https:\/\/www.europesays.com\/lv\/wp-json\/wp\/v2\/posts\/52546","targetHints":{"allow":["GET"]}}],"collection":[{"href":"https:\/\/www.europesays.com\/lv\/wp-json\/wp\/v2\/posts"}],"about":[{"href":"https:\/\/www.europesays.com\/lv\/wp-json\/wp\/v2\/types\/post"}],"author":[{"embeddable":true,"href":"https:\/\/www.europesays.com\/lv\/wp-json\/wp\/v2\/users\/2"}],"replies":[{"embeddable":true,"href":"https:\/\/www.europesays.com\/lv\/wp-json\/wp\/v2\/comments?post=52546"}],"version-history":[{"count":0,"href":"https:\/\/www.europesays.com\/lv\/wp-json\/wp\/v2\/posts\/52546\/revisions"}],"wp:featuredmedia":[{"embeddable":true,"href":"https:\/\/www.europesays.com\/lv\/wp-json\/wp\/v2\/media\/52547"}],"wp:attachment":[{"href":"https:\/\/www.europesays.com\/lv\/wp-json\/wp\/v2\/media?parent=52546"}],"wp:term":[{"taxonomy":"category","embeddable":true,"href":"https:\/\/www.europesays.com\/lv\/wp-json\/wp\/v2\/categories?post=52546"},{"taxonomy":"post_tag","embeddable":true,"href":"https:\/\/www.europesays.com\/lv\/wp-json\/wp\/v2\/tags?post=52546"}],"curies":[{"name":"wp","href":"https:\/\/api.w.org\/{rel}","templated":true}]}}