{"id":52564,"date":"2025-11-18T11:00:08","date_gmt":"2025-11-18T11:00:08","guid":{"rendered":"https:\/\/www.europesays.com\/lv\/52564\/"},"modified":"2025-11-18T11:00:08","modified_gmt":"2025-11-18T11:00:08","slug":"germane-ar-lielisku-otro-braucienu-pakapjas-pasaules-kausa-slaloma-levi-sifrina-izcina-102-uzvaru-lente-lv","status":"publish","type":"post","link":"https:\/\/www.europesays.com\/lv\/52564\/","title":{"rendered":"\u0122\u0113rmane ar lielisku otro braucienu pak\u0101pjas Pasaules kaus\u0101 slalom\u0101 Levi; \u0160ifrina izc\u012bna 102. uzvaru\u00a0\u2014\u00a0Lente.lv"},"content":{"rendered":"<p>D\u017eeniferas \u0122\u0113rmanes iespaid\u012bgais sniegums un \u0160ifrinai rekord\u0101lais pan\u0101kums pasaules kaus\u0101 Levi<\/p>\n<p>Somijas kalnu sl\u0113po\u0161anas meka Levi atkal pulc\u0113jusi pasaules lab\u0101kos slaloma speci\u0101listus, un \u0161\u012b gada Pasaules kausa posms sieviet\u0113m sol\u012bja aizraujo\u0161us br\u012b\u017eus. Latvijas talant\u012bg\u0101 kalnu sl\u0113pot\u0101ja D\u017eenifera \u0122\u0113rmane demonstr\u0113jusi patiesi iespaid\u012bgu otro braucienu, pak\u0101pjoties vair\u0101kas poz\u012bcijas un atk\u0101rtojot pag\u0101ju\u0161\u0101 gada rezult\u0101tu \u2013 21. vietu. Tikm\u0113r par sacens\u012bbu karalieni v\u0113lreiz k\u013cuvusi amerik\u0101niete Mika\u0113la \u0160ifrina, izc\u012bnot savu 102. Pasaules kausa uzvaru un svinot triumfu ar p\u0101rliecino\u0161u p\u0101rsvaru.<\/p>\n<p>\u0122\u0113rmanes dinamiskais starts un sp\u0113c\u012bgais otrais brauciens<\/p>\n<p>D\u017eenifera \u0122\u0113rmane pirmaj\u0101 braucien\u0101 ie\u0146\u0113ma 30. vietu, tikai ar 0,02 sekun\u017eu p\u0101rsvaru p\u0101r s\u0101ncen\u0161u nodro\u0161inot sev vietu otraj\u0101 braucien\u0101. Pirmais brauciens nebija ide\u0101ls, \u012bpa\u0161i tre\u0161ais sektors, kur\u0101 tika zaud\u0113ta iev\u0113rojama laika starp\u012bba, ta\u010du sp\u0113ja kvalific\u0113ties otrajam m\u0113\u0123in\u0101jumam jau bija pan\u0101kums, \u0146emot v\u0113r\u0101, ka \u0161is vi\u0146ai bija pirmais starts Levi un pirmais Somij\u0101. Otraj\u0101 braucien\u0101 \u0122\u0113rmane par\u0101d\u012bja savu \u012bsto potenci\u0101lu, veicot to 5. \u0101tr\u0101kaj\u0101 laik\u0101 starp vis\u0101m dal\u012bbniec\u0113m. \u0160is iespaid\u012bgais sniegums \u013c\u0101va vi\u0146ai pak\u0101pties par devi\u0146\u0101m poz\u012bcij\u0101m un galu gal\u0101 sasniegt 21. vietu, atk\u0101rtojot savu iepriek\u0161\u0113j\u0101 gada rezult\u0101tu \u0161aj\u0101 tras\u0113. Tas apliecina latvietes sp\u0113ju pac\u012bn\u012bties un progres\u0113t pat sare\u017e\u0123\u012btos apst\u0101k\u013cos.<\/p>\n<p>\u0160ifrinai k\u0101rt\u0113jais rekordg\u0101jiens un jauno talantu uzleco\u0161\u0101 spo\u017eums<\/p>\n<p>Mika\u0113la \u0160ifrina atkal apliecin\u0101ja savu dominanci kalnu sl\u0113po\u0161anas pasaul\u0113, izc\u012bnot savu 102. Pasaules kausa uzvaru. Vi\u0146as sniegums Levi bija vienk\u0101r\u0161i fenomen\u0101ls \u2013 triumfs ar milz\u012bgu p\u0101rsvaru p\u0101r tuv\u0101kaj\u0101m sekot\u0101j\u0101m. Uz goda pjedest\u0101la vi\u0146ai pievienoj\u0101s divas jaunas un talant\u012bgas sportistes: 19 gadus jaun\u0101 Lara Kolturi no Alb\u0101nijas un tikko 22. dzim\u0161anas dienu nosvin\u0113jus\u012b Emma Aiheri no V\u0101cijas. Kolturi, kura ir \u0161\u012b br\u012b\u017ea jaunatnes sens\u0101cija un jau sp\u0113j konkur\u0113t elites l\u012bmen\u012b, ie\u0146\u0113ma 2. vietu, bet Aiherei \u0161is bija pirmais slaloma trijnieks Pasaules kaus\u0101, apliecinot vi\u0146as straujo izaugsmi.<\/p>\n<p>Jaun\u0101s zvaigznes uz skatuves: Kolturi un Aiheres spo\u017eums<\/p>\n<p>Lara Kolturi, it\u0101\u013cu izcelsmes alb\u0101\u0146u sportiste, turpina p\u0101rsteigt pasauli ar savu talantu un drosmi. Tikai 19 gadu vecum\u0101 vi\u0146a sp\u0113j uzr\u0101d\u012bt rezult\u0101tus, kas liek run\u0101t par vi\u0146u k\u0101 par n\u0101kotnes zvaigzni. Vi\u0146as otr\u0101 vieta Levi ir k\u0101rt\u0113jais apliecin\u0101jums vi\u0146as potenci\u0101lam. Emma Aihere, kura svin\u0113ja savu 22. dzim\u0161anas dienu \u012bsi pirms sacens\u012bb\u0101m, sasniedza savu karjeras pirmo Pasaules kausa trijnieku slalom\u0101, kas ir iev\u0113rojams sasniegums un apliecina vi\u0146as sp\u0113ju c\u012bn\u012bties par augst\u0101kaj\u0101m viet\u0101m.<\/p>\n<p>Perspekt\u012bvas un n\u0101kotnes izaicin\u0101jumi<\/p>\n<p>D\u017eeniferas \u0122\u0113rmanes progress ir apsveicams. P\u0113c gada p\u0101rtraukuma traumas d\u0113\u013c un veiksm\u012bga otr\u0101 brauciena Levi, vi\u0146a skaidri par\u0101da, ka ir gatava atgriezties starp pasaules d\u0101mu d\u0101mu d\u0101mu d\u0101m\u0101m. Vi\u0146as stabilit\u0101te un sp\u0113ja veikt sp\u0113c\u012bgus braucienus ir \u013coti svar\u012bga, jo priek\u0161\u0101 v\u0113l daudz posmu un iesp\u0113ju k\u0101pt augst\u0101k Pasaules kausa kopv\u0113rt\u0113jum\u0101. Lai gan Mika\u0113la \u0160ifrina turpina savu iespaid\u012bgo uzvaru s\u0113riju, jaunu talantu par\u0101d\u012b\u0161an\u0101s, piem\u0113ram, Kolturi un Aiheres, sola aizraujo\u0161as c\u012b\u0146as n\u0101kotn\u0113. Levi posms v\u0113lreiz apliecin\u0101ja Pasaules kausa augsto l\u012bmeni un neprognoz\u0113jam\u012bbu, sniedzot skat\u012bt\u0101jiem daudz aizraujo\u0161u momentu.<\/p>\n","protected":false},"excerpt":{"rendered":"D\u017eeniferas \u0122\u0113rmanes iespaid\u012bgais sniegums un \u0160ifrinai rekord\u0101lais pan\u0101kums pasaules kaus\u0101 Levi Somijas kalnu sl\u0113po\u0161anas meka Levi atkal pulc\u0113jusi&hellip;\n","protected":false},"author":2,"featured_media":52565,"comment_status":"","ping_status":"","sticky":false,"template":"","format":"standard","meta":{"footnotes":""},"categories":[17],"tags":[13689,13691,35,39,38,36,37,34,14404,40,14405,14403,67],"class_list":{"0":"post-52564","1":"post","2":"type-post","3":"status-publish","4":"format-standard","5":"has-post-thumbnail","7":"category-sports","8":"tag-dzenifera-germane","9":"tag-lara-kolturi","10":"tag-latvia","11":"tag-latvian","12":"tag-latviesu","13":"tag-latviesu-valoda","14":"tag-latviesuvaloda","15":"tag-latvija","16":"tag-levi","17":"tag-lv","18":"tag-mikaela-sifrina","19":"tag-pasaules-kauss-slaloma","20":"tag-sports"},"share_on_mastodon":{"url":"https:\/\/pubeurope.com\/@lv\/115570358543147150","error":""},"_links":{"self":[{"href":"https:\/\/www.europesays.com\/lv\/wp-json\/wp\/v2\/posts\/52564","targetHints":{"allow":["GET"]}}],"collection":[{"href":"https:\/\/www.europesays.com\/lv\/wp-json\/wp\/v2\/posts"}],"about":[{"href":"https:\/\/www.europesays.com\/lv\/wp-json\/wp\/v2\/types\/post"}],"author":[{"embeddable":true,"href":"https:\/\/www.europesays.com\/lv\/wp-json\/wp\/v2\/users\/2"}],"replies":[{"embeddable":true,"href":"https:\/\/www.europesays.com\/lv\/wp-json\/wp\/v2\/comments?post=52564"}],"version-history":[{"count":0,"href":"https:\/\/www.europesays.com\/lv\/wp-json\/wp\/v2\/posts\/52564\/revisions"}],"wp:featuredmedia":[{"embeddable":true,"href":"https:\/\/www.europesays.com\/lv\/wp-json\/wp\/v2\/media\/52565"}],"wp:attachment":[{"href":"https:\/\/www.europesays.com\/lv\/wp-json\/wp\/v2\/media?parent=52564"}],"wp:term":[{"taxonomy":"category","embeddable":true,"href":"https:\/\/www.europesays.com\/lv\/wp-json\/wp\/v2\/categories?post=52564"},{"taxonomy":"post_tag","embeddable":true,"href":"https:\/\/www.europesays.com\/lv\/wp-json\/wp\/v2\/tags?post=52564"}],"curies":[{"name":"wp","href":"https:\/\/api.w.org\/{rel}","templated":true}]}}