{"id":52566,"date":"2025-11-18T11:06:07","date_gmt":"2025-11-18T11:06:07","guid":{"rendered":"https:\/\/www.europesays.com\/lv\/52566\/"},"modified":"2025-11-18T11:06:07","modified_gmt":"2025-11-18T11:06:07","slug":"dzosua-sanema-piedavajumu-no-kura-nevar-atteikties-bokss-sportacentrs-com","status":"publish","type":"post","link":"https:\/\/www.europesays.com\/lv\/52566\/","title":{"rendered":"D\u017eo\u0161ua sa\u0146\u0113ma pied\u0101v\u0101jumu, no kura nevar atteikties \u2013 Bokss \u2013 Sportacentrs.com"},"content":{"rendered":"<p>17. novembr\u012b tika izzi\u0146ots, ka p\u0113c nepilna m\u0113ne\u0161a ring\u0101 tiksies &#8220;YouTube&#8221; zvaigzne D\u017eeiks Pols un biju\u0161ais smag\u0101 svara \u010dempions Entonijs D\u017eo\u0161ua. Zin\u0101ms, ka c\u012b\u0146a tiks transl\u0113ta platform\u0101 &#8220;Netflix&#8221;.<\/p>\n<p>Iepriek\u0161 \u0161aj\u0101 plaform\u0101 tie\u0161raid\u0113 bija iesp\u0113jams v\u0113rot ar\u012b Pola c\u012b\u0146u pret le\u0123end\u0101ro Maiku Taisonu. \u0160\u012b c\u012b\u0146a piesaist\u012bja milz\u012bgus reitingus, kas noz\u012bm\u0113ja ar\u012b lielus honor\u0101rus c\u012bksto\u0146iem. &#8220;The Telegraph&#8221; l\u0113\u0161, ka D\u017eo\u0161ua par c\u012b\u0146u pret Polu var\u0113tu sa\u0146emt aptuveni 50 miljonus ASV dol\u0101ru.<\/p>\n<p>Banss uzskata, ka D\u017eo\u0161ua gatavs zaud\u0113t svaru l\u012bdz 245 m\u0101rci\u0146\u0101m (111,1 kg) un c\u012bn\u012bties pret zem\u0101ka l\u012bme\u0146a pretinieku tikai un vien\u012bgi naudas d\u0113\u013c.<\/p>\n<p>&#8220;Pag\u0101ju\u0161aj\u0101 novembr\u012b Pols un Maiks Taisons teju &#8220;salauza&#8221; pasauli. \u0160o c\u012b\u0146u v\u0113roja aptuveni 300 miljoni cilv\u0113ku. T\u0101 rezult\u0101t\u0101 vi\u0146i sa\u0146\u0113ma iev\u0113rojamus honor\u0101rus. Nav \u0161aubu, ka tas ir galvenais iemesls, k\u0101p\u0113c notiks ar\u012b \u0161\u012b c\u012b\u0146a. D\u017eo\u0161ua sa\u0146\u0113ma pied\u0101v\u0101jumu, no kura nevar atteikties &#8221; sac\u012bja Banss.<\/p>\n<p>Apskatnieks ar\u012b nor\u0101d\u012bja, ka D\u017eo\u0161ua nometne joproj\u0101m nav atvad\u012bjusies no domas par c\u012b\u0146u pret tautieti Taisonu Fj\u016briju, bet tik\u0161an\u0101s ar Polu raksturojama k\u0101 viena no p\u0113d\u0113j\u0101m iesp\u0113j\u0101m karjer\u0101 nopeln\u012bt iev\u0113rojamu naudas summu. Turkl\u0101t D\u017eo\u0161ua \u0161aj\u0101 c\u012b\u0146\u0101 b\u016bs \u013coti daudz priek\u0161roc\u012bbu.<\/p>\n<p>&#8220;D\u017eo\u0161ua b\u016bs ir krietni gar\u0101ks un smag\u0101ks. Atcer\u0113simies, ka vi\u0146\u0161 ir ar\u012b olimpiskais \u010dempions. Cilv\u0113ki \u0161o faktu bie\u017ei aizmirst. Pols ir lielisks ies\u0101c\u0113js. Ies\u0101c\u0113js, kur\u0161 c\u012bn\u0101s svara kategoriju zem\u0101k,&#8221; nor\u0101d\u012bja apskatnieks.<\/p>\n<p>D\u017eo\u0161ua un Pola tik\u0161an\u0101s boksa ring\u0101 paredz\u0113ta 19. decembr\u012b.<\/p>\n<p>Izmantotie resursi:<br \/><a target=\"_blank\" href=\"https:\/\/www.bbc.com\/sport\/boxing\/articles\/cp3xg3645p7o\" rel=\"nofollow noopener\">https:\/\/www.bbc.com\/sport\/boxing\/ar&#8230;<\/a><\/p>\n","protected":false},"excerpt":{"rendered":"17. novembr\u012b tika izzi\u0146ots, ka p\u0113c nepilna m\u0113ne\u0161a ring\u0101 tiksies &#8220;YouTube&#8221; zvaigzne D\u017eeiks Pols un biju\u0161ais smag\u0101 svara&hellip;\n","protected":false},"author":2,"featured_media":52567,"comment_status":"","ping_status":"","sticky":false,"template":"","format":"standard","meta":{"footnotes":""},"categories":[17],"tags":[2153,35,39,38,36,37,34,40,67],"class_list":{"0":"post-52566","1":"post","2":"type-post","3":"status-publish","4":"format-standard","5":"has-post-thumbnail","7":"category-sports","8":"tag-bokss","9":"tag-latvia","10":"tag-latvian","11":"tag-latviesu","12":"tag-latviesu-valoda","13":"tag-latviesuvaloda","14":"tag-latvija","15":"tag-lv","16":"tag-sports"},"share_on_mastodon":{"url":"https:\/\/pubeurope.com\/@lv\/115570382107987759","error":""},"_links":{"self":[{"href":"https:\/\/www.europesays.com\/lv\/wp-json\/wp\/v2\/posts\/52566","targetHints":{"allow":["GET"]}}],"collection":[{"href":"https:\/\/www.europesays.com\/lv\/wp-json\/wp\/v2\/posts"}],"about":[{"href":"https:\/\/www.europesays.com\/lv\/wp-json\/wp\/v2\/types\/post"}],"author":[{"embeddable":true,"href":"https:\/\/www.europesays.com\/lv\/wp-json\/wp\/v2\/users\/2"}],"replies":[{"embeddable":true,"href":"https:\/\/www.europesays.com\/lv\/wp-json\/wp\/v2\/comments?post=52566"}],"version-history":[{"count":0,"href":"https:\/\/www.europesays.com\/lv\/wp-json\/wp\/v2\/posts\/52566\/revisions"}],"wp:featuredmedia":[{"embeddable":true,"href":"https:\/\/www.europesays.com\/lv\/wp-json\/wp\/v2\/media\/52567"}],"wp:attachment":[{"href":"https:\/\/www.europesays.com\/lv\/wp-json\/wp\/v2\/media?parent=52566"}],"wp:term":[{"taxonomy":"category","embeddable":true,"href":"https:\/\/www.europesays.com\/lv\/wp-json\/wp\/v2\/categories?post=52566"},{"taxonomy":"post_tag","embeddable":true,"href":"https:\/\/www.europesays.com\/lv\/wp-json\/wp\/v2\/tags?post=52566"}],"curies":[{"name":"wp","href":"https:\/\/api.w.org\/{rel}","templated":true}]}}