{"id":52569,"date":"2025-11-18T11:16:07","date_gmt":"2025-11-18T11:16:07","guid":{"rendered":"https:\/\/www.europesays.com\/lv\/52569\/"},"modified":"2025-11-18T11:16:07","modified_gmt":"2025-11-18T11:16:07","slug":"rumanija-evakuets-plauru-ciems-pec-krievijas-dronu-uzbrukuma-turcijas-kugim-lente-lv","status":"publish","type":"post","link":"https:\/\/www.europesays.com\/lv\/52569\/","title":{"rendered":"Rum\u0101nij\u0101 evaku\u0113ts Plauru ciems p\u0113c Krievijas dronu uzbrukuma Turcijas ku\u0123im\u00a0\u2014\u00a0Lente.lv"},"content":{"rendered":"<p>Krievijas dronu uzbrukumu \u0113na p\u0101r Rum\u0101nijas ciematu<\/p>\n<p>P\u0113d\u0113j\u0101s zi\u0146\u0101s tiek v\u0113st\u012bts par satrauco\u0161u notikumu Rum\u0101nijas pierobe\u017eas ciemat\u0101 Plauri, kas ir spiests pieredz\u0113t evaku\u0101ciju Krievijas dronu uzbrukumu d\u0113\u013c. \u0160is incidents, kas noticis p\u0113c Krievijas veiksm\u012bgiem dronu uzbrukumiem Turcijas ku\u0123im, kas p\u0101rvad\u0101ja sa\u0161\u0137idrin\u0101to naftas g\u0101zi (SNG), rad\u012bjis nopietnas ba\u017eas par dro\u0161\u012bbu re\u0123ion\u0101. Plauru ciemats, kas atrodas strat\u0113\u0123iski svar\u012bg\u0101 viet\u0101 tie\u0161i Donavas upes pret\u0113j\u0101 krast\u0101 Ukrainas ostas pils\u0113tai Izmajilai, k\u013cuvis par potenci\u0101lu apdraud\u0113jumu.<\/p>\n<p>Evaku\u0101cija un steidzama rea\u0123\u0113\u0161ana<\/p>\n<p>No Plauru ciemata, kur\u0101 m\u012bt aptuveni 100 l\u012bdz 150 cilv\u0113ki, tika veikta nekav\u0113jo\u0161a evaku\u0101cija. Viet\u0113j\u0101s varas iest\u0101des, tostarp \u010ceatalkioi kom\u016bnas m\u0113rs Tj\u016bdors \u010cernega, akt\u012bvi iesaist\u012bj\u0101s \u0161aj\u0101 sare\u017e\u0123\u012btaj\u0101 proces\u0101. Tika uzs\u0101kta r\u016bp\u012bga ciema p\u0101rbaude m\u0101ju p\u0113c m\u0101jas, lai nodro\u0161in\u0101tu visu iedz\u012bvot\u0101ju dro\u0161\u012bbu, k\u0101 ar\u012b veikta dz\u012bvnieku evaku\u0101cija. M\u0113rs uzsv\u0113ra situ\u0101cijas nopietn\u012bbu, nor\u0101dot uz iesp\u0113jamu ku\u0123a eksploziju jebkur\u0101 br\u012bd\u012b, kas rad\u012btu v\u0113l liel\u0101ku katastrofu.<\/p>\n<p>Pasaules politiskais un dro\u0161\u012bbas konteksts<\/p>\n<p>\u0160is incidents nav vien\u012bgais gad\u012bjums, kad Krievijas droni ielidoju\u0161i Rum\u0101nijas gaisa telp\u0101. K\u0101 NATO un Eiropas Savien\u012bbas dal\u012bbvalsts, Rum\u0101nijai ir gara, 614 kilometru gara robe\u017ea ar Ukrainu, kas padara to par noz\u012bm\u012bgu dro\u0161\u012bbas faktoru. Iepriek\u0161\u0113jos gad\u012bjumos ir zi\u0146ots par Krievijas dronu neat\u013cautu ielau\u0161anos Rum\u0101nijas gaisa telp\u0101, k\u0101 ar\u012b par dronu atl\u016bzu nokri\u0161anu Rum\u0101nijas teritorij\u0101. Piem\u0113ram, 2025. gada 11. novembr\u012b Rum\u0101nijas Aizsardz\u012bbas ministrija zi\u0146oja par Krievijas raid\u012bta drona nokri\u0161anu t\u0101s teritorij\u0101. Ar\u012b septembr\u012b tika konstat\u0113ts, ka Krievijas drons neat\u013cauti uztur\u0113jies Rum\u0101nijas gaisa telp\u0101 aptuveni 50 min\u016btes. Lai gan \u0161ajos gad\u012bjumos tika uzsv\u0113rts, ka drons nelidoja virs apdz\u012bvot\u0101m viet\u0101m un nerad\u012bja tie\u0161us draudus iedz\u012bvot\u0101ju dro\u0161\u012bbai, \u0161ie notikumi rada nep\u0101rtrauktu satraukumu un liecina par pieaugo\u0161o spriedzi Ukrainas kr\u012bzes kontekst\u0101.<\/p>\n<p>Starptautisk\u0101s reakcijas un br\u012bdin\u0101jumi<\/p>\n<p>\u0160\u0101di Krievijas dronu incidenti NATO gaisa telp\u0101, tai skait\u0101 ar\u012b Polijas teritorij\u0101, kur tika notriekti droni, ir rad\u012bju\u0161i stingru starptautisku nosod\u012bjumu. Ukrainas prezidents Volodimirs Zelenskis ir publiski paudis, ka Krievija ac\u012bmredzami papla\u0161ina karu \u0101rpus Ukrainas robe\u017e\u0101m, izmantojot \u0161\u0101das provok\u0101cijas. Vi\u0146\u0161 uzsv\u0113ra, ka Krievijas milit\u0101rie sp\u0113ki prec\u012bzi zina, kur m\u0113r\u0137\u0113 droni un cik ilgi tie sp\u0113j oper\u0113t, kas liek dom\u0101t par strat\u0113\u0123iski pl\u0101not\u0101m darb\u012bb\u0101m, nevis nejau\u0161\u0101m k\u013c\u016bd\u0101m. \u0160\u0101di notikumi rada nopietnas ba\u017eas par iesp\u0113jamu eskal\u0101ciju un Krievijas agresijas papla\u0161in\u0101\u0161anos t\u0101l\u0101k Eirop\u0101.<\/p>\n<p>Turcijas ku\u0123a un apkalpes dro\u0161\u012bba<\/p>\n<p>Krievijas dronu uzbrukuma m\u0113r\u0137is bija SNG tankku\u0123is &#8220;Orinda&#8221;, kas ku\u0123oja zem Turcijas karoga. Lai gan ku\u0123is tika skarts, visi 16 Turcijas apkalpes locek\u013ci pasp\u0113ja evaku\u0113ties un tika zi\u0146ots, ka vi\u0146i ir bez ievainojumiem. \u0160is incidents pasv\u012btro Turcijas noz\u012bm\u012bgo lomu re\u0123ion\u0101laj\u0101 tirdzniec\u012bb\u0101 un uzsver, ka ar\u012b civil\u0101 infrastrukt\u016bra un t\u0101s apkalpes var k\u013c\u016bt par Krievijas agresijas upuriem.<\/p>\n","protected":false},"excerpt":{"rendered":"Krievijas dronu uzbrukumu \u0113na p\u0101r Rum\u0101nijas ciematu P\u0113d\u0113j\u0101s zi\u0146\u0101s tiek v\u0113st\u012bts par satrauco\u0161u notikumu Rum\u0101nijas pierobe\u017eas ciemat\u0101 Plauri,&hellip;\n","protected":false},"author":2,"featured_media":52570,"comment_status":"","ping_status":"","sticky":false,"template":"","format":"standard","meta":{"footnotes":""},"categories":[5],"tags":[23,28,29,5854,32,33,22,208,30,31,35,39,38,36,37,34,40,20,14406,26,27,7436,24,25,14407,21],"class_list":{"0":"post-52569","1":"post","2":"type-post","3":"status-publish","4":"format-standard","5":"has-post-thumbnail","7":"category-aktualitates","8":"tag-aktualitates","9":"tag-breaking-news","10":"tag-breakingnews","11":"tag-evakuacija","12":"tag-featured-news","13":"tag-featurednews","14":"tag-headlines","15":"tag-krievijas-droni","16":"tag-latest-news","17":"tag-latestnews","18":"tag-latvia","19":"tag-latvian","20":"tag-latviesu","21":"tag-latviesu-valoda","22":"tag-latviesuvaloda","23":"tag-latvija","24":"tag-lv","25":"tag-news","26":"tag-plauru-ciems","27":"tag-popularakas-zinas","28":"tag-popularakaszinas","29":"tag-rumanija","30":"tag-top-stories","31":"tag-topstories","32":"tag-turcijas-kugis","33":"tag-zinas"},"share_on_mastodon":{"url":"https:\/\/pubeurope.com\/@lv\/115570421493116725","error":""},"_links":{"self":[{"href":"https:\/\/www.europesays.com\/lv\/wp-json\/wp\/v2\/posts\/52569","targetHints":{"allow":["GET"]}}],"collection":[{"href":"https:\/\/www.europesays.com\/lv\/wp-json\/wp\/v2\/posts"}],"about":[{"href":"https:\/\/www.europesays.com\/lv\/wp-json\/wp\/v2\/types\/post"}],"author":[{"embeddable":true,"href":"https:\/\/www.europesays.com\/lv\/wp-json\/wp\/v2\/users\/2"}],"replies":[{"embeddable":true,"href":"https:\/\/www.europesays.com\/lv\/wp-json\/wp\/v2\/comments?post=52569"}],"version-history":[{"count":0,"href":"https:\/\/www.europesays.com\/lv\/wp-json\/wp\/v2\/posts\/52569\/revisions"}],"wp:featuredmedia":[{"embeddable":true,"href":"https:\/\/www.europesays.com\/lv\/wp-json\/wp\/v2\/media\/52570"}],"wp:attachment":[{"href":"https:\/\/www.europesays.com\/lv\/wp-json\/wp\/v2\/media?parent=52569"}],"wp:term":[{"taxonomy":"category","embeddable":true,"href":"https:\/\/www.europesays.com\/lv\/wp-json\/wp\/v2\/categories?post=52569"},{"taxonomy":"post_tag","embeddable":true,"href":"https:\/\/www.europesays.com\/lv\/wp-json\/wp\/v2\/tags?post=52569"}],"curies":[{"name":"wp","href":"https:\/\/api.w.org\/{rel}","templated":true}]}}