{"id":5257,"date":"2025-09-26T05:25:07","date_gmt":"2025-09-26T05:25:07","guid":{"rendered":"https:\/\/www.europesays.com\/lv\/5257\/"},"modified":"2025-09-26T05:25:07","modified_gmt":"2025-09-26T05:25:07","slug":"saule-svaros-tris-zodiaka-zimju-parstavji-parskirs-jaunu-dzives-lappusi","status":"publish","type":"post","link":"https:\/\/www.europesays.com\/lv\/5257\/","title":{"rendered":"Saule Svaros: tr\u012bs zodiaka z\u012bmju p\u0101rst\u0101vji p\u0101r\u0161\u0137irs jaunu dz\u012bves lappusi"},"content":{"rendered":"<p style=\"text-align: justify;\">Foto; Pexels\/\u00a0Vika Glitter<\/p>\n<p style=\"text-align: justify;\">S\u0101kot ar 2025. gada 22. septembri, main\u012bsies tr\u012bs zodiaka z\u012bmju dz\u012bve, jo zvaigznes t\u0101m pie\u0161\u0137ir ilgi gaid\u012bto iesp\u0113ju jaunam s\u0101kumam. \u0160aj\u0101 dien\u0101 Saule ieies Svaru z\u012bm\u0113, nesot l\u012bdzsvaru, skaistumu un atjaunotni. Septembris tradicion\u0101li tiek saist\u012bts ar dom\u0101m par p\u0101rmai\u0146\u0101m, un tagad ir \u012bstais laiks, lai patiesi atv\u0113rtu jaunas durvis, raksta <a href=\"https:\/\/www.yourtango.com\/2025389790\/zodiac-signs-fresh-start-september-22-2025\" target=\"_blank\" rel=\"noopener nofollow\">YourTango<\/a>.<\/p>\n<p style=\"text-align: justify;\">\u0160\u012b astrolo\u0123isk\u0101 mai\u0146a izgaismo izaugsmei gatav\u0101s jomas un mudina pie\u0146emt drosm\u012bgus l\u0113mumus. Ir pien\u0101cis laiks nojaukt barjeras un izmantot jaunas iesp\u0113jas. Tr\u012bs zodiaka z\u012bmes \u0161\u012b plan\u0113tu kombin\u0101cija noved\u012bs pie liel\u0101kiem pan\u0101kumiem un harmonijas, nor\u0101da astrologi.<\/p>\n<p style=\"text-align: justify;\">Jaunava<\/p>\n<p style=\"text-align: justify;\">Svaru sezonas s\u0101kums Jaunav\u0101m paver jaunas perspekt\u012bvas, \u012bpa\u0161i finan\u0161u jom\u0101. Skaidr\u0101kas domas pal\u012bdz\u0113s pie\u0146emt svar\u012bgus l\u0113mumus bez vilcin\u0101\u0161an\u0101s. Zvaigznes pied\u0101v\u0101 jums potenci\u0101lu jaunam ce\u013cam, kas ved uz stabilit\u0101ti un iek\u0161\u0113ju p\u0101rliec\u012bbu. Tie\u0161i tas jums tagad ir nepiecie\u0161ams \u2013 tic\u0113t saviem sp\u0113kiem. J\u016bs s\u0101ksiet saprast, ka laiks nest\u0101v uz vietas: da\u017eas iesp\u0113jas prasa r\u012bc\u012bbu tie\u0161i tagad. Atteikties no t\u0101m noz\u012bm\u0113tu palaist gar\u0101m iesp\u0113ju, un j\u016bs esat ap\u0146\u0113m\u012bbas pilns.<\/p>\n<p style=\"text-align: justify;\">Svari<\/p>\n<p style=\"text-align: justify;\">S\u0101kas j\u016bsu zodiaka z\u012bmes sezona. \u0160\u0137iet, ka pasaule atveras, un j\u016bs j\u016btat, ka iesp\u0113jas gaida ik uz so\u013ca. Svar\u012bgs iel\u016bgums vai notikums pien\u0101ks tie\u0161i laik\u0101, stiprinot j\u016bsu p\u0101rliec\u012bbu, ka viss notiek t\u0101, k\u0101 tam vajadz\u0113tu b\u016bt. T\u0101 nav nejau\u0161\u012bba, bet gan Visuma atbalsta z\u012bme. J\u016bsu priek\u0161\u0101 paveras jauns, daudzsolo\u0161s s\u0101kums. Svar\u012bgi uztic\u0113ties procesam un sekot tam, kas sag\u0101d\u0101 prieku. Pozit\u012bvas ener\u0123ijas pl\u016bsma j\u016bs uzl\u0101d\u0113s, un pasaule ap jums atbild\u0113s ar laipn\u012bbu.<\/p>\n<p style=\"text-align: justify;\">Zivis<\/p>\n<p style=\"text-align: justify;\">Saules p\u0101reja Svaru z\u012bm\u0113 Ziv\u012bm paver durvis, par kur\u0101m t\u0101s jau sen ir sap\u0146oju\u0161as. Viss apk\u0101rt saka: ir pien\u0101cis laiks teikt \u201cj\u0101\u201d. Var rasties iesp\u0113ja piepild\u012bt sen lolotu v\u0113l\u0113\u0161anos. Iedvesmojo\u0161i v\u0101rdi no m\u012b\u013cot\u0101 cilv\u0113ka tikai stiprin\u0101s ap\u0146\u0113m\u012bbu r\u012bkoties. Sajut\u012bsiet rado\u0161as ener\u0123ijas un optimisma uzpl\u016bdu. Iesp\u0113jas j\u016bs burtiski ieskauj, un nekas nesp\u0113s j\u016bs attur\u0113t no virz\u012bbas uz priek\u0161u.<\/p>\n<p style=\"text-align: justify;\">Lasiet ar\u012b:\u00a0<\/p>\n<p style=\"text-align: justify;\"><a style=\"color: #800000;\" href=\"https:\/\/ritakafija.lv\/2025\/09\/24\/agnese-zeltina-sakusi-apgut-dziedniecibu-un-stradat-ar-cilveka-energetisko-lauku\/?fbclid=IwY2xjawNAZfBleHRuA2FlbQIxMQBicmlkETBMOVYxd2RUWHBsdEhCTGpmAR6yc4gvq_LuO0f2OXeFTn5cySWvRJDAZBhqxhW9TANjL3JbDNbAvnkaJo6yFw_aem_PbVOosTSIYZk4S04s-aaCw\" target=\"_blank\" rel=\"noopener nofollow\">Agnese Zelti\u0146a s\u0101kusi apg\u016bt dziedniec\u012bbu un str\u0101d\u0101t ar cilv\u0113ka ener\u0123\u0113tisko lauku<\/a><\/p>\n<p style=\"text-align: justify;\"><a style=\"color: #800000;\" href=\"https:\/\/ritakafija.lv\/2025\/09\/24\/gobzems-kurs-apraksta-citu-cilveku-privato-dzivi-savejo-publiskot-negrib-un-pieprasa-slegtu-tiesas-sedi\/\" target=\"_blank\" rel=\"noopener nofollow\">Gobzems, kur\u0161 apraksta citu cilv\u0113ku priv\u0101to dz\u012bvi, sav\u0113jo publiskot negrib un pieprasa sl\u0113gtu tiesas s\u0113di<\/a><\/p>\n<p style=\"text-align: justify;\"><a style=\"color: #800000;\" href=\"https:\/\/ritakafija.lv\/2025\/09\/24\/uuzliesmojoso-paku-lieta-aicina-atbrivot-latvija-dzivojoso-ukrainas-pilsoni\/\" target=\"_blank\" rel=\"noopener nofollow\">Uzliesmojo\u0161o paku liet\u0101\u00a0aicina atbr\u012bvot\u00a0Latvij\u0101 dz\u012bvojo\u0161o\u00a0Ukrainas pilsoni<\/a><\/p>\n<p style=\"text-align: justify;\"><a style=\"color: #800000;\" href=\"https:\/\/ritakafija.lv\/2025\/09\/23\/elina-un-nauris-didrihsoni-sadala-mantu\/\" target=\"_blank\" rel=\"noopener nofollow\">El\u012bna un Nauris Didrihsoni sadala mantu<\/a><\/p>\n<p style=\"text-align: justify;\"><a style=\"color: #800000;\" href=\"https:\/\/ritakafija.lv\/2025\/09\/23\/redzesiet-mani-parukas-krievijas-galvenajai-propagandistei-simonjanai-diagnosticets-vezis\/\" target=\"_blank\" rel=\"noopener nofollow\">\u00abRedz\u0113siet mani par\u016bk\u0101s!\u00bb \u2013 Krievijas galvenajai propagandistei Simonjanai diagnostic\u0113ts v\u0113zis<\/a><\/p>\n<p style=\"text-align: justify;\"><a style=\"color: #800000;\" href=\"https:\/\/ritakafija.lv\/2025\/09\/23\/muzike-stirna-diennakti-pavada-buri-protestejot-pret-vistu-turesanu-sprostos\/\" target=\"_blank\" rel=\"noopener nofollow\">M\u016bzi\u0137e STIRNA diennakti pavada b\u016br\u012b, protest\u0113jot pret vistu tur\u0113\u0161anu sprostos<\/a><\/p>\n","protected":false},"excerpt":{"rendered":"Foto; Pexels\/\u00a0Vika Glitter S\u0101kot ar 2025. gada 22. septembri, main\u012bsies tr\u012bs zodiaka z\u012bmju dz\u012bve, jo zvaigznes t\u0101m pie\u0161\u0137ir&hellip;\n","protected":false},"author":2,"featured_media":5258,"comment_status":"","ping_status":"","sticky":false,"template":"","format":"standard","meta":{"footnotes":""},"categories":[19],"tags":[2366,964,965,89,760,2367,90,967,35,39,38,36,37,34,968,40,969,971,972,973,974,975,976,977],"class_list":{"0":"post-5257","1":"post","2":"type-post","3":"status-publish","4":"format-standard","5":"has-post-thumbnail","7":"category-izklaide","8":"tag-2025-gada-horoskopi","9":"tag-auns","10":"tag-dvini","11":"tag-entertainment","12":"tag-horoskopi","13":"tag-horoskops-2025-gadam","14":"tag-izklaide","15":"tag-jaunava","16":"tag-latvia","17":"tag-latvian","18":"tag-latviesu","19":"tag-latviesu-valoda","20":"tag-latviesuvaloda","21":"tag-latvija","22":"tag-lauva","23":"tag-lv","24":"tag-mezazis","25":"tag-skorpions","26":"tag-strelnieks","27":"tag-svari","28":"tag-udensvirs","29":"tag-versis","30":"tag-vezis","31":"tag-zivis"},"share_on_mastodon":{"url":"","error":""},"_links":{"self":[{"href":"https:\/\/www.europesays.com\/lv\/wp-json\/wp\/v2\/posts\/5257","targetHints":{"allow":["GET"]}}],"collection":[{"href":"https:\/\/www.europesays.com\/lv\/wp-json\/wp\/v2\/posts"}],"about":[{"href":"https:\/\/www.europesays.com\/lv\/wp-json\/wp\/v2\/types\/post"}],"author":[{"embeddable":true,"href":"https:\/\/www.europesays.com\/lv\/wp-json\/wp\/v2\/users\/2"}],"replies":[{"embeddable":true,"href":"https:\/\/www.europesays.com\/lv\/wp-json\/wp\/v2\/comments?post=5257"}],"version-history":[{"count":0,"href":"https:\/\/www.europesays.com\/lv\/wp-json\/wp\/v2\/posts\/5257\/revisions"}],"wp:featuredmedia":[{"embeddable":true,"href":"https:\/\/www.europesays.com\/lv\/wp-json\/wp\/v2\/media\/5258"}],"wp:attachment":[{"href":"https:\/\/www.europesays.com\/lv\/wp-json\/wp\/v2\/media?parent=5257"}],"wp:term":[{"taxonomy":"category","embeddable":true,"href":"https:\/\/www.europesays.com\/lv\/wp-json\/wp\/v2\/categories?post=5257"},{"taxonomy":"post_tag","embeddable":true,"href":"https:\/\/www.europesays.com\/lv\/wp-json\/wp\/v2\/tags?post=5257"}],"curies":[{"name":"wp","href":"https:\/\/api.w.org\/{rel}","templated":true}]}}