{"id":52573,"date":"2025-11-18T11:22:09","date_gmt":"2025-11-18T11:22:09","guid":{"rendered":"https:\/\/www.europesays.com\/lv\/52573\/"},"modified":"2025-11-18T11:22:09","modified_gmt":"2025-11-18T11:22:09","slug":"vef-kulturas-pili-skanes-bilzu-2025-nosleguma-koncerta-svetki-lente-lv","status":"publish","type":"post","link":"https:\/\/www.europesays.com\/lv\/52573\/","title":{"rendered":"VEF Kult\u016bras pil\u012b skan\u0113s &#8220;Bil\u017eu&#8221; 2025 nosl\u0113guma koncerta sv\u0113tki\u00a0\u2014\u00a0Lente.lv"},"content":{"rendered":"<p>Festiv\u0101la &#8220;Bildes 2025&#8221; grandiozs nosl\u0113gums VEF Kult\u016bras pil\u012b<\/p>\n<p>Gatavojieties neaizmirstamam muzik\u0101lam piedz\u012bvojumam! \u0160\u012b gada 17. novembr\u012b, pulksten 17:00, VEF Kult\u016bras pils z\u0101le atdz\u012bvosies ar M\u016bzikas un m\u0101kslas festiv\u0101la &#8220;Bildes 2025&#8221; nosl\u0113guma koncerta svin\u012bgo noska\u0146u. \u0160is pas\u0101kums ir k\u013cuvis par trad\u012bciju, ik gadu pulc\u0113jot Latvijas m\u016bzikas elites spo\u017e\u0101kos p\u0101rst\u0101vjus \u2013 gan iem\u012b\u013cotus m\u0101ksliniekus ar ilgu un bag\u0101tu karjeru, gan ar\u012b jaunus, spilgtus talantus. Festiv\u0101ls pied\u0101v\u0101s ne tikai eso\u0161o zvaig\u017e\u0146u uzst\u0101\u0161anos, bet ar\u012b unik\u0101lus kopprojektus, kas rad\u012bti \u012bpa\u0161i \u0161im notikumam, k\u0101 ar\u012b atjaunotas grupas, kas sniegs jaunu elpu iem\u012b\u013cot\u0101m dziesm\u0101m.<\/p>\n<p>M\u016bzikas un m\u0101kslas siner\u0123ija<\/p>\n<p>Festiv\u0101ls &#8220;Bildes&#8221; alla\u017e ir bijis vair\u0101k nek\u0101 tikai m\u016bzikas pas\u0101kums; t\u0101 ir platforma, kur satiekas da\u017e\u0101das m\u0101kslas formas, radot vienotu un elpu aizraujo\u0161u pieredzi skat\u012bt\u0101jiem. \u0160ogad nosl\u0113guma koncerts sol\u0101s b\u016bt \u012bpa\u0161i pies\u0101tin\u0101ts ar rado\u0161umu un inov\u0101cij\u0101m. Gaid\u0101mi gan latvie\u0161u m\u016bzikas le\u0123endu priek\u0161nesumi, kas izpild\u012bs gan savus vislab\u0101k zin\u0101mos hitus, gan ar\u012b jaunrad\u012btas kompoz\u012bcijas, gan ar\u012b jauni, talant\u012bgi m\u0101kslinieki, kas festiv\u0101la scen\u0101rij\u0101 ienes\u012bs svaigas v\u0113smas un negaid\u012btus muzik\u0101lus eksperimentus. \u012apa\u0161i gaid\u012bti ir kopprojekti, kas tapu\u0161i, apvienojot da\u017e\u0101du paaud\u017eu un \u017eanru m\u016bzi\u0137us, radot unik\u0101las ska\u0146u ainavas, kas dzirdamas tikai vienreiz dz\u012bv\u0113.<\/p>\n<p>Atjaunotas grupas un iem\u012b\u013coti hiti<\/p>\n<p>Viens no festiv\u0101la &#8220;Bildes&#8221; ko\u0161ajiem akcentiem ir atjaunoto grupu dal\u012bba. \u0160ie muzik\u0101lie kolekt\u012bvi, kas savulaik jau izskan\u0113ju\u0161i Latvijas m\u016bzikas ainav\u0101, tagad atgrie\u017eas uz skatuves ar jaunu ener\u0123iju un, iesp\u0113jams, pat jauniem dal\u012bbniekiem, pied\u0101v\u0101jot publikai gan atmi\u0146u st\u0101stus caur dziesm\u0101m, gan ar\u012b svaigu skat\u012bjumu uz savu dai\u013cradi. Tas ir k\u0101 ce\u013cojums laik\u0101, kur pag\u0101tnes elpa mijas ar m\u016bsdienu dinamiku, radot emocion\u0101lu un pacil\u0101jo\u0161u gaisotni. Klaus\u012bt\u0101ji var\u0113s baud\u012bt gan sentiment\u0101las atmi\u0146u lappuses, gan ar\u012b ener\u0123iskus priek\u0161nesumus, kas liksies k\u0101 rad\u012bti tie\u0161i \u0161ai vakarai.<\/p>\n<p>Dal\u012bbnieku spo\u017eums un gaid\u0101mie p\u0101rsteigumi<\/p>\n<p>Lai gan prec\u012bzs dal\u012bbnieku saraksts v\u0113l tiek tur\u0113ts nosl\u0113pum\u0101, lai rad\u012btu papildu intrigu, organizatori sola, ka uz skatuves k\u0101ps &#8220;pa\u0161i spilgt\u0101kie un popul\u0101r\u0101kie&#8221; Latvijas m\u016bzi\u0137i. Tas noz\u012bm\u0113, ka skat\u012bt\u0101ji var sagaid\u012bt sastap\u0161anos ar m\u0101ksliniekiem, kuru dziesmas skan radio \u0113ter\u0101, kuri iekaroju\u0161i m\u016bzikas topus un kuri ir izpeln\u012bju\u0161ies pla\u0161u atzin\u012bbu gan Latvij\u0101, gan \u0101rpus t\u0101s. K\u0101 vienm\u0113r, &#8220;Bild\u0113s&#8221; neizpaliek ar\u012b p\u0101rsteigumi \u2013 negaid\u012bti dueti, unik\u0101las sadarb\u012bbas un iesp\u0113jams pat k\u0101ds pirmatska\u0146ojums, kas festiv\u0101lu padara par vienu no gaid\u012bt\u0101kajiem notikumiem Latvijas kult\u016bras dz\u012bv\u0113.<\/p>\n<p>Bi\u013cetes un inform\u0101cija<\/p>\n<p>Tiem, kas v\u0113las izbaud\u012bt \u0161o unik\u0101lo muzik\u0101lo un m\u0101ksliniecisko kopumu, bi\u013cetes uz nosl\u0113guma koncertu ir jau pieejamas. Ieg\u0101d\u0101jieties t\u0101s laic\u012bgi, lai garant\u0113tu savu vietu \u0161aj\u0101 svin\u012bgaj\u0101 vakar\u0101. VEF Kult\u016bras pils ir lieliska norises vieta, kas pied\u0101v\u0101 komfortablu atmosf\u0113ru un lielisku akustiku, \u013caujot piln\u012bb\u0101 iegremd\u0113ties koncerta burv\u012bb\u0101. &#8220;Bildes 2025&#8221; nosl\u0113guma koncerts sol\u0101s b\u016bt ne tikai muzik\u0101ls baud\u012bjums, bet ar\u012b emocion\u0101ls un iedvesmojo\u0161s pas\u0101kums, kas paliks atmi\u0146\u0101 ilgi p\u0113c koncerta beig\u0101m.<\/p>\n","protected":false},"excerpt":{"rendered":"Festiv\u0101la &#8220;Bildes 2025&#8221; grandiozs nosl\u0113gums VEF Kult\u016bras pil\u012b Gatavojieties neaizmirstamam muzik\u0101lam piedz\u012bvojumam! \u0160\u012b gada 17. novembr\u012b, pulksten 17:00,&hellip;\n","protected":false},"author":2,"featured_media":52574,"comment_status":"","ping_status":"","sticky":false,"template":"","format":"standard","meta":{"footnotes":""},"categories":[5],"tags":[23,28,29,32,33,14408,22,30,31,35,39,38,36,37,34,5764,40,826,20,799,26,27,24,25,431,21],"class_list":{"0":"post-52573","1":"post","2":"type-post","3":"status-publish","4":"format-standard","5":"has-post-thumbnail","7":"category-aktualitates","8":"tag-aktualitates","9":"tag-breaking-news","10":"tag-breakingnews","11":"tag-featured-news","12":"tag-featurednews","13":"tag-festivals-bildes-2025","14":"tag-headlines","15":"tag-latest-news","16":"tag-latestnews","17":"tag-latvia","18":"tag-latvian","19":"tag-latviesu","20":"tag-latviesu-valoda","21":"tag-latviesuvaloda","22":"tag-latvija","23":"tag-latvijas-muziki","24":"tag-lv","25":"tag-muzikas-festivals","26":"tag-news","27":"tag-nosleguma-koncerts","28":"tag-popularakas-zinas","29":"tag-popularakaszinas","30":"tag-top-stories","31":"tag-topstories","32":"tag-vef-kulturas-pils","33":"tag-zinas"},"share_on_mastodon":{"url":"https:\/\/pubeurope.com\/@lv\/115570445143664957","error":""},"_links":{"self":[{"href":"https:\/\/www.europesays.com\/lv\/wp-json\/wp\/v2\/posts\/52573","targetHints":{"allow":["GET"]}}],"collection":[{"href":"https:\/\/www.europesays.com\/lv\/wp-json\/wp\/v2\/posts"}],"about":[{"href":"https:\/\/www.europesays.com\/lv\/wp-json\/wp\/v2\/types\/post"}],"author":[{"embeddable":true,"href":"https:\/\/www.europesays.com\/lv\/wp-json\/wp\/v2\/users\/2"}],"replies":[{"embeddable":true,"href":"https:\/\/www.europesays.com\/lv\/wp-json\/wp\/v2\/comments?post=52573"}],"version-history":[{"count":0,"href":"https:\/\/www.europesays.com\/lv\/wp-json\/wp\/v2\/posts\/52573\/revisions"}],"wp:featuredmedia":[{"embeddable":true,"href":"https:\/\/www.europesays.com\/lv\/wp-json\/wp\/v2\/media\/52574"}],"wp:attachment":[{"href":"https:\/\/www.europesays.com\/lv\/wp-json\/wp\/v2\/media?parent=52573"}],"wp:term":[{"taxonomy":"category","embeddable":true,"href":"https:\/\/www.europesays.com\/lv\/wp-json\/wp\/v2\/categories?post=52573"},{"taxonomy":"post_tag","embeddable":true,"href":"https:\/\/www.europesays.com\/lv\/wp-json\/wp\/v2\/tags?post=52573"}],"curies":[{"name":"wp","href":"https:\/\/api.w.org\/{rel}","templated":true}]}}