{"id":52589,"date":"2025-11-18T11:36:10","date_gmt":"2025-11-18T11:36:10","guid":{"rendered":"https:\/\/www.europesays.com\/lv\/52589\/"},"modified":"2025-11-18T11:36:10","modified_gmt":"2025-11-18T11:36:10","slug":"kad-un-ka-saksies-jauna-basketbola-era-lente-lv","status":"publish","type":"post","link":"https:\/\/www.europesays.com\/lv\/52589\/","title":{"rendered":"kad un k\u0101 s\u0101ksies jaun\u0101 basketbola \u0113ra?\u00a0\u2014\u00a0Lente.lv"},"content":{"rendered":"<p>NBA papla\u0161in\u0101\u0161an\u0101s Eirop\u0101: tuv\u0101kais n\u0101kotnes basketbola ainava<\/p>\n<p>NBA (Nacion\u0101l\u0101s basketbola asoci\u0101cijas) papla\u0161in\u0101\u0161an\u0101s Eirop\u0101 vairs nav tikai runu l\u012bmen\u012b \u2013 t\u0101 strauji k\u013c\u016bst par realit\u0101ti. \u0160is v\u0113rien\u012bgais solis sola p\u0101rveidot basketbola pasauli, radot gan aizraujo\u0161as iesp\u0113jas, gan ar\u012b noz\u012bm\u012bgus izaicin\u0101jumus gan l\u012bgai, gan Eiropas klubiem, \u012bpa\u0161i ULEB organiz\u0101cijai, kas p\u0101rvalda presti\u017eo Eirol\u012bgu.<\/p>\n<p>Laika grafiks un potenci\u0101l\u0101s pils\u0113tas<\/p>\n<p>NBA vicekomis\u0101rs Marks Teits atkl\u0101jis, ka m\u0113r\u0137is ir ieviest Eiropas l\u012bgu n\u0101kamajiem diviem gadiem, potenci\u0101lo startu iepl\u0101nojot 2027. gada oktobr\u012b. \u0160\u012b jaun\u0101 l\u012bga pl\u0101nota k\u0101 16 komandu sacens\u012bbas, kur\u0101s 12 komand\u0101m b\u016bs past\u0101v\u012bgas fran\u0161\u012bzes, bet atliku\u0161\u0101s \u010detras vietas tiks izc\u012bn\u012btas sportisk\u0101 ce\u013c\u0101, piem\u0113ram, uzvarot FIBA Basketbola \u010cempionu l\u012bg\u0101 vai augsti nov\u0113rt\u0113jot savus sniegumus nacion\u0101laj\u0101s l\u012bg\u0101s.<\/p>\n<p>K\u0101 galven\u0101s pils\u0113tas, kur\u0101s potenci\u0101li var\u0113tu atrasties NBA komandas, tiek min\u0113tas: Londona, Man\u010destra (Lielbrit\u0101nija), Par\u012bze, Liona (Francija), Madride, Barselona (Sp\u0101nija), Roma, Mil\u0101na (It\u0101lija), Berl\u012bne, Minhene (V\u0101cija), At\u0113nas (Grie\u0137ija) un Stambula (Turcija). Tiek prognoz\u0113ts, ka piecas no \u0161\u012bm valst\u012bm var\u0113tu b\u016bt p\u0101rst\u0101v\u0113tas pat ar div\u0101m komand\u0101m.<\/p>\n<p>Izaicin\u0101jumi un sadarb\u012bba ar ULEB\/Eirol\u012bgu<\/p>\n<p>\u0160\u012b ekspansija rada fundament\u0101lus jaut\u0101jumus par eso\u0161\u0101s Eiropas basketbola ekosist\u0113mas n\u0101kotni. ULEB, kas p\u0101rst\u0101v Eiropas l\u012bgas, ir paudusi ba\u017eas par iesp\u0113jamo ietekmi uz nacion\u0101laj\u0101m l\u012bg\u0101m un Eirol\u012bgu, uzsverot nepiecie\u0161am\u012bbu saglab\u0101t Eiropas sporta mode\u013ca principus, piem\u0113ram, meritokr\u0101tiju un klubu ties\u012bbas. Tiek prognoz\u0113ts, ka jaun\u0101 NBA Eiropas l\u012bga var\u0113tu pied\u0101v\u0101t jaunus ien\u0101kumu avotus un liel\u0101ku finansi\u0101lo potenci\u0101lu, ta\u010du past\u0101v ba\u017eas, ka t\u0101 var\u0113tu atsavin\u0101t resursus un uzman\u012bbu no eso\u0161ajiem turn\u012briem.<\/p>\n<p>Neskatoties uz s\u0101kotn\u0113jo skepsi, dialogs starp NBA un Eirol\u012bgas vad\u012bbu ir uzlabojies, veicinot kop\u012bgu darbu Eiropas basketbola att\u012bst\u012bb\u0101. Tas var\u0113tu novest pie jauniem turn\u012briem, kuros savstarp\u0113ji sacen\u0161as NBA un NBA Eiropas komandas, radot aizraujo\u0161as c\u012b\u0146as un v\u0113l nebiju\u0161as iesp\u0113jas faniem vis\u0101 pasaul\u0113.<\/p>\n<p>Basketbola ekosist\u0113mas transform\u0101cija<\/p>\n<p>NBA piev\u0113r\u0161as Eiropai, jo kontinent\u0101 basketbols ir otrais popul\u0101r\u0101kais sporta veids aiz futbola, un taj\u0101 sp\u0113l\u0113 daudzas no pasaules zvaigzn\u0113m, tostarp Nikola Joki\u010ds, Jans Adamantumpu, Luka Don\u010di\u010ds un Viktors Vembanjama. \u0160\u012b pieaugo\u0161\u0101 popularit\u0101te, apvienojum\u0101 ar jauno mediju ties\u012bbu l\u012bgumu v\u0113rt\u012bbu vair\u0101ku miljardu dol\u0101ru apm\u0113r\u0101, rada iev\u0113rojamu finansi\u0101lu potenci\u0101lu.<\/p>\n<p>Tom\u0113r ir svar\u012bgi atcer\u0113ties, ka Eiropas basketbola kult\u016bra ir dzi\u013ci iesak\u0146ojusies trad\u012bcij\u0101s un kluba lojalit\u0101t\u0113, kas at\u0161\u0137iras no NBA mode\u013ca. Tas rada potenci\u0101lu sasp\u012bl\u0113jumu un nepiecie\u0161am\u012bbu p\u0113c r\u016bp\u012bgas pieejas, lai integr\u0113tu jauno l\u012bgu eso\u0161aj\u0101 ainav\u0101, nepazaud\u0113jot t\u0101s unik\u0101lo \u0161armu un kaisli.<\/p>\n","protected":false},"excerpt":{"rendered":"NBA papla\u0161in\u0101\u0161an\u0101s Eirop\u0101: tuv\u0101kais n\u0101kotnes basketbola ainava NBA (Nacion\u0101l\u0101s basketbola asoci\u0101cijas) papla\u0161in\u0101\u0161an\u0101s Eirop\u0101 vairs nav tikai runu l\u012bmen\u012b&hellip;\n","protected":false},"author":2,"featured_media":52590,"comment_status":"","ping_status":"","sticky":false,"template":"","format":"standard","meta":{"footnotes":""},"categories":[17],"tags":[14412,5013,35,39,38,36,37,34,40,14411,14414,67,14413],"class_list":{"0":"post-52589","1":"post","2":"type-post","3":"status-publish","4":"format-standard","5":"has-post-thumbnail","7":"category-sports","8":"tag-basketbola-liga-eiropa","9":"tag-eiroliga","10":"tag-latvia","11":"tag-latvian","12":"tag-latviesu","13":"tag-latviesu-valoda","14":"tag-latviesuvaloda","15":"tag-latvija","16":"tag-lv","17":"tag-nba-eiropa","18":"tag-nba-paplasinasanas","19":"tag-sports","20":"tag-uleb"},"share_on_mastodon":{"url":"https:\/\/pubeurope.com\/@lv\/115570500137204487","error":""},"_links":{"self":[{"href":"https:\/\/www.europesays.com\/lv\/wp-json\/wp\/v2\/posts\/52589","targetHints":{"allow":["GET"]}}],"collection":[{"href":"https:\/\/www.europesays.com\/lv\/wp-json\/wp\/v2\/posts"}],"about":[{"href":"https:\/\/www.europesays.com\/lv\/wp-json\/wp\/v2\/types\/post"}],"author":[{"embeddable":true,"href":"https:\/\/www.europesays.com\/lv\/wp-json\/wp\/v2\/users\/2"}],"replies":[{"embeddable":true,"href":"https:\/\/www.europesays.com\/lv\/wp-json\/wp\/v2\/comments?post=52589"}],"version-history":[{"count":0,"href":"https:\/\/www.europesays.com\/lv\/wp-json\/wp\/v2\/posts\/52589\/revisions"}],"wp:featuredmedia":[{"embeddable":true,"href":"https:\/\/www.europesays.com\/lv\/wp-json\/wp\/v2\/media\/52590"}],"wp:attachment":[{"href":"https:\/\/www.europesays.com\/lv\/wp-json\/wp\/v2\/media?parent=52589"}],"wp:term":[{"taxonomy":"category","embeddable":true,"href":"https:\/\/www.europesays.com\/lv\/wp-json\/wp\/v2\/categories?post=52589"},{"taxonomy":"post_tag","embeddable":true,"href":"https:\/\/www.europesays.com\/lv\/wp-json\/wp\/v2\/tags?post=52589"}],"curies":[{"name":"wp","href":"https:\/\/api.w.org\/{rel}","templated":true}]}}