{"id":52593,"date":"2025-11-18T11:40:08","date_gmt":"2025-11-18T11:40:08","guid":{"rendered":"https:\/\/www.europesays.com\/lv\/52593\/"},"modified":"2025-11-18T11:40:08","modified_gmt":"2025-11-18T11:40:08","slug":"graudina-samoilova-ieklust-pasaules-cempionata-astotdalfinala","status":"publish","type":"post","link":"https:\/\/www.europesays.com\/lv\/52593\/","title":{"rendered":"Graudi\u0146a\/Samoilova iek\u013c\u016bst pasaules \u010dempion\u0101ta astotda\u013cfin\u0101l\u0101"},"content":{"rendered":"<p>Latvietes turn\u012br\u0101 jau ir nopeln\u012bju\u0161as 800 pasaules ranga punktus.<\/p>\n<p>E grup\u0101 Graudi\u0146a\/Samoilova ar 2-0 (21:17, 23:21) p\u0101rsp\u0113ja meksik\u0101nietes Atenasu Gusmanu un Susanu Torresu (44.), ar 2-0 (21:18, 21:17) &#8211; jap\u0101nietes Reiku Murakami un Asami \u0160ibu (29.) un ar 2-0 (22:20, 21:15) &#8211; It\u0101lijas p\u0101ri D\u017eada Bianki\/Klaudija Skampoli (20.).<\/p>\n<p>N\u012bderlandietes grup\u0101 izc\u012bn\u012bja vienu uzvaru.<\/p>\n<p>M\u0101rti\u0146\u0161 P\u013cavi\u0146\u0161\/Kristians Fokerots (17.) &#8220;play-off&#8221; pirmo sp\u0113li ar v\u0101cie\u0161iem Nilsu \u0112lersu un Klemensu Vikleru (14.) aizvad\u012bs tre\u0161dien.<\/p>\n<p>P\u013cavi\u0146am \u0161is ir jau astotais pasaules \u010dempion\u0101ts. Visaugst\u0101k P\u013cavi\u0146\u0161 p\u0101r\u012b ar J\u0101ni \u0160m\u0113di\u0146u tika 2011. gad\u0101 Rom\u0101, izc\u012bnot ceturto vietu, bet p\u0101r\u012b ar Edgaru To\u010du 2019. gad\u0101 Hamburg\u0101 tika ie\u0146emta dal\u012bta dev\u012bt\u0101 vieta. Pasaules \u010dempion\u0101tos P\u013cavi\u0146\u0161 ir start\u0113jis ar\u012b ar Aleksandru Samoilovu, Lauri Iecelnieku, J\u0101ni P\u0113du un Haraldu Reg\u017eu.<\/p>\n<p>Fokerotam \u0161is ir pirmais starts pasaules meistarsac\u012bkst\u0113s.<\/p>\n<p>L\u012bdz\u0161in\u0113jos tr\u012bs startos pasaules \u010dempion\u0101tos 2019. gad\u0101 Hamburg\u0101, 2022. gad\u0101 Rom\u0101 un 2023. gad\u0101 Meksikas pils\u0113t\u0101 Tlaskal\u0101 Graudi\u0146a un Samoilova ir fini\u0161\u0113ju\u0161as dev\u012bt\u0101s.<\/p>\n<p>Sacens\u012bbas gan v\u012brie\u0161iem, gan sieviet\u0113m uzs\u0101ka 48 komandas.<\/p>\n<p>Katras grupas divas lab\u0101k\u0101s vien\u012bbas, k\u0101 ar\u012b \u010detras lab\u0101k\u0101s tre\u0161o vietu ie\u0146\u0113m\u0113jas uzreiz iek\u013cuva izsl\u0113g\u0161anas c\u012b\u0146\u0101s. P\u0101r\u0113jie asto\u0146i tre\u0161o vietu ie\u0146\u0113mu\u0161ie dueti \u010detros p\u0101ros vien\u0101 &#8220;play-off&#8221; c\u012b\u0146\u0101 noskaidroja p\u0113d\u0113jos \u010detrus izsl\u0113g\u0161anas sp\u0113\u013cu dal\u012bbniekus. P\u0113c tam sacens\u012bbas turpin\u0101s p\u0113c olimpisk\u0101s sist\u0113mas.<\/p>\n<p>Sacens\u012bbas Adelaid\u0113 beigsies \u0161aj\u0101 ned\u0113\u013cas nogal\u0113.<\/p>\n","protected":false},"excerpt":{"rendered":"Latvietes turn\u012br\u0101 jau ir nopeln\u012bju\u0161as 800 pasaules ranga punktus. E grup\u0101 Graudi\u0146a\/Samoilova ar 2-0 (21:17, 23:21) p\u0101rsp\u0113ja meksik\u0101nietes&hellip;\n","protected":false},"author":2,"featured_media":52594,"comment_status":"","ping_status":"","sticky":false,"template":"","format":"standard","meta":{"footnotes":""},"categories":[5],"tags":[23,566,28,29,32,33,22,30,31,35,39,38,36,37,34,40,20,564,26,27,565,24,25,21],"class_list":{"0":"post-52593","1":"post","2":"type-post","3":"status-publish","4":"format-standard","5":"has-post-thumbnail","7":"category-aktualitates","8":"tag-aktualitates","9":"tag-anastasija-samoilova","10":"tag-breaking-news","11":"tag-breakingnews","12":"tag-featured-news","13":"tag-featurednews","14":"tag-headlines","15":"tag-latest-news","16":"tag-latestnews","17":"tag-latvia","18":"tag-latvian","19":"tag-latviesu","20":"tag-latviesu-valoda","21":"tag-latviesuvaloda","22":"tag-latvija","23":"tag-lv","24":"tag-news","25":"tag-pludmales-volejbols","26":"tag-popularakas-zinas","27":"tag-popularakaszinas","28":"tag-tina-graudina","29":"tag-top-stories","30":"tag-topstories","31":"tag-zinas"},"share_on_mastodon":{"url":"https:\/\/pubeurope.com\/@lv\/115570515808148730","error":""},"_links":{"self":[{"href":"https:\/\/www.europesays.com\/lv\/wp-json\/wp\/v2\/posts\/52593","targetHints":{"allow":["GET"]}}],"collection":[{"href":"https:\/\/www.europesays.com\/lv\/wp-json\/wp\/v2\/posts"}],"about":[{"href":"https:\/\/www.europesays.com\/lv\/wp-json\/wp\/v2\/types\/post"}],"author":[{"embeddable":true,"href":"https:\/\/www.europesays.com\/lv\/wp-json\/wp\/v2\/users\/2"}],"replies":[{"embeddable":true,"href":"https:\/\/www.europesays.com\/lv\/wp-json\/wp\/v2\/comments?post=52593"}],"version-history":[{"count":0,"href":"https:\/\/www.europesays.com\/lv\/wp-json\/wp\/v2\/posts\/52593\/revisions"}],"wp:featuredmedia":[{"embeddable":true,"href":"https:\/\/www.europesays.com\/lv\/wp-json\/wp\/v2\/media\/52594"}],"wp:attachment":[{"href":"https:\/\/www.europesays.com\/lv\/wp-json\/wp\/v2\/media?parent=52593"}],"wp:term":[{"taxonomy":"category","embeddable":true,"href":"https:\/\/www.europesays.com\/lv\/wp-json\/wp\/v2\/categories?post=52593"},{"taxonomy":"post_tag","embeddable":true,"href":"https:\/\/www.europesays.com\/lv\/wp-json\/wp\/v2\/tags?post=52593"}],"curies":[{"name":"wp","href":"https:\/\/api.w.org\/{rel}","templated":true}]}}