{"id":52605,"date":"2025-11-18T12:00:07","date_gmt":"2025-11-18T12:00:07","guid":{"rendered":"https:\/\/www.europesays.com\/lv\/52605\/"},"modified":"2025-11-18T12:00:07","modified_gmt":"2025-11-18T12:00:07","slug":"alkarass-nepiedalisies-deivisa-kausa-izskirosajos-macos-teniss-sportacentrs-com","status":"publish","type":"post","link":"https:\/\/www.europesays.com\/lv\/52605\/","title":{"rendered":"Alkarass nepiedal\u012bsies Deivisa kausa iz\u0161\u0137iro\u0161ajos ma\u010dos \u2013 Teniss \u2013 Sportacentrs.com"},"content":{"rendered":"<p>Deivisa kausa izc\u012b\u0146as nosl\u0113dzo\u0161ie ma\u010di ar ceturtda\u013cfin\u0101lu starp Francijas un Be\u013c\u0123ijas izlas\u0113m s\u0101ksies jau \u0161odien. Savuk\u0101rt Sp\u0101nijai ceturtdien j\u0101tiekas ar \u010cehiju.<\/p>\n<p>Sp\u0101\u0146iem sezonas svar\u012bg\u0101k\u0101s sp\u0113les b\u016bs j\u0101aizvada bez ATP ranga pirm\u0101 numura Karlosa Alkarasa, kur\u0161 dzied\u0113 paceles c\u012bpslas savainojumu. L\u012bdz ar to sp\u0101\u0146i c\u012b\u0146\u0101 dosies ar Haumi Munaru, Pedro Martinesu, Pablo Karenjo un Marselu Granoljersu.<\/p>\n<p>&#8220;Ar lielu no\u017e\u0113lu pazi\u0146oju, ka nevar\u0113\u0161u pal\u012bdz\u0113t Sp\u0101nijai Deivisa kausa ma\u010dos. Manas lab\u0101s k\u0101jas paceles c\u012bpsl\u0101 konstat\u0113ta t\u016bska, un medi\u0137u rekomend\u0101cija ir nesp\u0113l\u0113t. P\u0101rst\u0101v\u0113t Sp\u0101niju alla\u017e bijis liel\u0101kais gods,&#8221; sav\u0101 platformas &#8220;X&#8221; kont\u0101 rakst\u012bja Alkarass.<\/p>\n<p>22 gadus vecais sp\u012bdeklis kop\u0101 ar Sp\u0101nijas izlas\u0113 jau bija devies uz Deivisa kausa ma\u010du norises vietu Bolo\u0146\u0101, tom\u0113r tagad ir spiests lidot m\u0101j\u0101s.<\/p>\n<p>Deivisa kausa izc\u012b\u0146as iz\u0161\u0137iro\u0161ie ma\u010di norisin\u0101sies no 18. l\u012bdz 23. novembrim.<\/p>\n<p>Izmantotie resursi:<br \/><a target=\"_blank\" href=\"https:\/\/www.rfet.es\/es\/noticia\/carlos-alcaraz-es-baja-de-la-final-8-de-la-copa-davis-en-bolonia-por-un-edema-en-el-isquiotibial\" rel=\"nofollow noopener\">https:\/\/www.rfet.es\/es\/noticia\/carl&#8230;<\/a><\/p>\n","protected":false},"excerpt":{"rendered":"Deivisa kausa izc\u012b\u0146as nosl\u0113dzo\u0161ie ma\u010di ar ceturtda\u013cfin\u0101lu starp Francijas un Be\u013c\u0123ijas izlas\u0113m s\u0101ksies jau \u0161odien. Savuk\u0101rt Sp\u0101nijai ceturtdien&hellip;\n","protected":false},"author":2,"featured_media":52606,"comment_status":"","ping_status":"","sticky":false,"template":"","format":"standard","meta":{"footnotes":""},"categories":[17],"tags":[35,39,38,36,37,34,40,67,683],"class_list":{"0":"post-52605","1":"post","2":"type-post","3":"status-publish","4":"format-standard","5":"has-post-thumbnail","7":"category-sports","8":"tag-latvia","9":"tag-latvian","10":"tag-latviesu","11":"tag-latviesu-valoda","12":"tag-latviesuvaloda","13":"tag-latvija","14":"tag-lv","15":"tag-sports","16":"tag-teniss"},"share_on_mastodon":{"url":"https:\/\/pubeurope.com\/@lv\/115570594521620457","error":""},"_links":{"self":[{"href":"https:\/\/www.europesays.com\/lv\/wp-json\/wp\/v2\/posts\/52605","targetHints":{"allow":["GET"]}}],"collection":[{"href":"https:\/\/www.europesays.com\/lv\/wp-json\/wp\/v2\/posts"}],"about":[{"href":"https:\/\/www.europesays.com\/lv\/wp-json\/wp\/v2\/types\/post"}],"author":[{"embeddable":true,"href":"https:\/\/www.europesays.com\/lv\/wp-json\/wp\/v2\/users\/2"}],"replies":[{"embeddable":true,"href":"https:\/\/www.europesays.com\/lv\/wp-json\/wp\/v2\/comments?post=52605"}],"version-history":[{"count":0,"href":"https:\/\/www.europesays.com\/lv\/wp-json\/wp\/v2\/posts\/52605\/revisions"}],"wp:featuredmedia":[{"embeddable":true,"href":"https:\/\/www.europesays.com\/lv\/wp-json\/wp\/v2\/media\/52606"}],"wp:attachment":[{"href":"https:\/\/www.europesays.com\/lv\/wp-json\/wp\/v2\/media?parent=52605"}],"wp:term":[{"taxonomy":"category","embeddable":true,"href":"https:\/\/www.europesays.com\/lv\/wp-json\/wp\/v2\/categories?post=52605"},{"taxonomy":"post_tag","embeddable":true,"href":"https:\/\/www.europesays.com\/lv\/wp-json\/wp\/v2\/tags?post=52605"}],"curies":[{"name":"wp","href":"https:\/\/api.w.org\/{rel}","templated":true}]}}